{"id":18082,"date":"2018-05-26T06:15:30","date_gmt":"2018-05-26T04:15:30","guid":{"rendered":"https:\/\/www.binder-optik.de\/uecretsiz-ikinci-goezluek-hakkinda-karar\/"},"modified":"2025-04-15T14:47:34","modified_gmt":"2025-04-15T12:47:34","slug":"uecretsiz-ikinci-goezluek-hakkinda-karar","status":"publish","type":"post","link":"https:\/\/www.binder-optik.de\/tr\/uecretsiz-ikinci-goezluek-hakkinda-karar\/","title":{"rendered":"&#8220;\u00dccretsiz ikinci g\u00f6zl\u00fck&#8221; hakk\u0131nda karar"},"content":{"rendered":"\n<section class=\"wp-block-custom-container alignwide block-content  block-content--spacing-top block-content--margin-top\"><style>.block-content{position:relative}.block-content--spacing-top{padding-top:2rem}@media (min-width: 992px){.block-content--spacing-top{padding-top:4rem}}.block-content--spacing-bottom{padding-bottom:2rem}@media (min-width: 992px){.block-content--spacing-bottom{padding-bottom:4rem}}.block-content--margin-top{margin-top:2rem}@media (min-width: 992px){.block-content--margin-top{margin-top:4rem}}.block-content--margin-bottom{margin-bottom:2rem}@media (min-width: 992px){.block-content--margin-bottom{margin-bottom:4rem}}.block-content.z-index{position:relative;z-index:2}.block-content .container{position:relative;z-index:1}.block-content .container--full{padding:0}.block-content .container .container{padding:2rem}@media (min-width: 992px){.block-content .container .container{padding:4rem}}.block-content .container-overlay{position:absolute;z-index:0;top:0;right:0;bottom:0;left:0}.block-content.career-container{margin-top:-8rem;z-index:2;pointer-events:none}.block-content.career-container .block-content{pointer-events:all;-webkit-box-shadow:0px 0px 15px 5px rgba(0,0,0,0.1);box-shadow:0px 0px 15px 5px rgba(0,0,0,0.1)}.block-content.career-container .wp-block-custom-column{margin-bottom:0}\n<\/style><div class=\"container container--wide\"><div class=\"container__body\">\n<p class=\"is-style-subheading\">26 May\u0131s 2018<\/p>\n\n\n\n<h1 class=\"wp-block-heading\">&#8220;\u00dccretsiz ikinci g\u00f6zl\u00fck&#8221; hakk\u0131nda karar<\/h1>\n\n\n\n<div class=\"wp-block-custom-spacing spacing-element spacing-mobile--small spacing-tablet--small spacing-small-desktop--small spacing-desktop--small\"><\/div>\n<\/div><\/div><\/section>\n\n<section class=\"wp-block-custom-container alignwide block-content\"><div class=\"container container--wide\"><div class=\"container__body\">\n<div class=\"wp-block-custom-columns columns-row row\"><style>.columns-row--spacing-top{padding-top:2rem}@media (min-width: 992px){.columns-row--spacing-top{padding-top:4rem}}.columns-row--spacing-bottom{padding-bottom:2rem}@media (min-width: 992px){.columns-row--spacing-bottom{padding-bottom:4rem}}.columns-row--margin-top{margin-top:2rem}@media (min-width: 992px){.columns-row--margin-top{margin-top:4rem}}.columns-row--margin-bottom{margin-bottom:2rem}@media (min-width: 992px){.columns-row--margin-bottom{margin-bottom:4rem}}\n<\/style>\n<div class=\"wp-block-custom-column col col-6\">\n<p>Gerek\u00e7enin \u00f6z\u00fc, &#8220;hediye&#8221; olarak reklam yapman\u0131n m\u00fcmk\u00fcn olmad\u0131\u011f\u0131, ancak tedavi edici \u00fcr\u00fcnlerin reklam\u0131na ili\u015fkin yasadan ba\u011f\u0131ms\u0131z olarak m\u00fc\u015fterilere cazip teklifler sunmaya devam etmek i\u00e7in bu t\u00fcr tekliflerin standart bir fiyatla bir paket olarak sunulabilece\u011fidir.<\/p>\n\n\n\n<p>\u015eu an i\u00e7in, kampanyaya y\u00f6nelik spesifik reklamlar konusunda netlik s\u00f6z konusudur. Bunun d\u0131\u015f\u0131nda, m\u00fc\u015fterilerimize y\u00f6nelik yarat\u0131c\u0131 (paket) teklifler i\u00e7in hala \u00e7ok fazla alan var ve bunlar\u0131 kullanmay\u0131 planl\u0131yoruz. <\/p>\n\n\n\n<p>Ancak as\u0131l sorun ba\u015fka bir yerde, yani g\u00f6zl\u00fc\u011f\u00fcn ger\u00e7ekte ne oldu\u011funa ili\u015fkin siyasi sorunda yatmaktad\u0131r.<\/p>\n<\/div>\n\n\n\n<div class=\"wp-block-custom-column col col-6\"><style>.wp-block-image.alignright{margin:0 !important}.wp-block-image.alignleft{float:none !important}.wp-block-image .wp-element-caption{text-align:left}\n<\/style>\n<figure class=\"wp-block-image size-full\"><img loading=\"lazy\" decoding=\"async\" width=\"508\" height=\"358\" src=\"https:\/\/www.binder-optik.de\/wp-content\/uploads\/2023\/08\/News02-1.jpg\" alt=\"Binder Optik\" class=\"wp-image-3152\" title=\"\" srcset=\"https:\/\/www.binder-optik.de\/wp-content\/uploads\/2023\/08\/News02-1.jpg 508w, https:\/\/www.binder-optik.de\/wp-content\/uploads\/2023\/08\/News02-1-300x211.jpg 300w\" sizes=\"auto, (max-width: 508px) 100vw, 508px\" \/><\/figure>\n<\/div>\n<\/div>\n\n\n\n<p>Kan\u0131m\u0131zca, bir yandan yasal sa\u011fl\u0131k sigortalar\u0131n\u0131n g\u00f6zl\u00fckler i\u00e7in katk\u0131 pay\u0131 \u00f6demeyi tamamen durdurmas\u0131, ancak di\u011fer yandan g\u00f6zl\u00fcklerin yasal olarak t\u0131bbi bir cihaz olarak s\u0131n\u0131fland\u0131r\u0131lmaya devam etmesi kabul edilemez; zira g\u00f6zl\u00fckler T\u0131bbi Cihazlar Yasas\u0131&#8217;na ve tedavi edici \u00fcr\u00fcnlerin reklam\u0131na ili\u015fkin kat\u0131 yasaya tabidir; bu yasa esas olarak re\u00e7eteli ila\u00e7lar i\u00e7indir, ancak g\u00fcn\u00fcm\u00fczde esas olarak bir moda aksesuar\u0131 olarak kabul edilen g\u00f6zl\u00fckler i\u00e7in de\u011fildir.<\/p>\n\n\n\n<p>E\u011fer g\u00f6zl\u00fck t\u0131bbi bir cihaz olarak g\u00f6r\u00fclmeye devam edecekse, o zaman yasal sa\u011fl\u0131k sigortalar\u0131 g\u00f6zl\u00fckleri yeniden yard\u0131m katalo\u011funa dahil etmeli ve temel t\u0131bbi bak\u0131ma katk\u0131da bulunmal\u0131d\u0131r.<\/p>\n\n\n\n<div style=\"height:2rem\" aria-hidden=\"true\" class=\"wp-block-spacer\"><\/div>\n\n\n\n<h2 class=\"wp-block-heading\">G\u00f6rme bozuklu\u011fu bir hastal\u0131k m\u0131d\u0131r?<\/h2>\n\n\n\n<p>Muhtemelen her doktor bunu kendili\u011finden reddedecektir.<\/p>\n\n\n\n<p>Sonu\u00e7 olarak, g\u00f6zl\u00fck kullan\u0131c\u0131lar\u0131n\u0131n art\u0131k g\u00f6rme keskinliklerini tespit ettirmek i\u00e7in bir g\u00f6z doktoruna gitmelerine gerek kalmam\u0131\u015ft\u0131r. Sa\u011fl\u0131k reformunun 1 Ocak 2004&#8217;te y\u00fcr\u00fcrl\u00fc\u011fe girmesinden bu yana bu art\u0131k gerekli de\u011fildir. G\u00f6zl\u00fck\u00e7\u00fcler iyi g\u00f6rme ve g\u00f6r\u00fcn\u00fcm konusunda uzmand\u0131r. G\u00f6zl\u00fckler uzun y\u0131llard\u0131r burun tekerle\u011fi ve koltuk de\u011fne\u011fi olmaktan \u00e7\u0131km\u0131\u015ft\u0131r. G\u00f6zl\u00fck takan ki\u015fi tarz\u0131n\u0131 vurgulayabilir, hatta isterse tarz\u0131n\u0131 tamamen de\u011fi\u015ftirebilir. G\u00f6zl\u00fckler art\u0131k ayn\u0131 zamanda bir moda ifadesi.     <\/p>\n\n\n\n<p>G\u00f6zl\u00fck\u00e7\u00fc, geleneksel usta i\u015f\u00e7ili\u011fi en son teknoloji ve modaya uygun tavsiyelerle birle\u015ftiriyor. Bununla birlikte, &#8220;g\u00f6zl\u00fck&#8221; \u00fcr\u00fcn\u00fcn\u00fcn s\u0131n\u0131fland\u0131r\u0131lmas\u0131 ve muamelesi ile ilgili siyasi olarak \u00e7\u00f6z\u00fclmemi\u015f sorun ve Federal Adalet Mahkemesi&#8217;nin karar\u0131 ne olursa olsun, Binder Optik kalite s\u00f6z\u00fcn\u00fcn arkas\u0131nda durmaya devam ediyor ve \u015firketin kurulu\u015fundan bu yana ge\u00e7en 39 y\u0131lda oldu\u011fu gibi m\u00fc\u015fterilerine en iyi kalitede optik tavsiye, hizmet ve \u00fcr\u00fcnleri ola\u011fan\u00fcst\u00fc bir fiyat-performans oran\u0131yla sunmaya devam edecek. Slogan\u0131na sad\u0131k kalarak: \u0130yi g\u00f6r\u00fc\u015f ve iyi g\u00f6r\u00fcn\u00fcm pahal\u0131 olmak zorunda de\u011fildir.  <\/p>\n<\/div><\/div><\/section>\n\n<section class=\"wp-block-custom-container alignwide block-content  block-content--spacing-top block-content--spacing-bottom\"><div class=\"container container--wide\"><div class=\"container__body\">\n<section class=\"wp-block-custom-container alignwide block-content  has-gelb-background-color\" style=\"background-color:#FFFF00\"><div class=\"container container--wide\"><div class=\"container__body\"><style>.wp-block-columns.are-vertically-aligned-center{gap:1em;margin-bottom:.5rem}@media (min-width: 992px){.wp-block-columns.are-vertically-aligned-center{margin-bottom:1rem}}.wp-block-columns.are-vertically-aligned-center :last-child{margin-bottom:0}.wp-block-columns.are-vertically-aligned-center figure{margin-bottom:0}.wp-block-columns.no-margin{margin-bottom:0 !important}@media (max-width: 991px){.wp-block-columns.hide-mobile{display:none}}:where(.wp-block-columns.is-layout-flex){gap:1em}\n<\/style>\n<div class=\"wp-block-columns are-vertically-aligned-center is-layout-flex wp-container-core-columns-is-layout-1 wp-block-columns-is-layout-flex\">\n<div class=\"wp-block-column is-vertically-aligned-center is-layout-flow wp-block-column-is-layout-flow\" style=\"flex-basis:66.66%\">\n<h2 class=\"wp-block-heading\"><strong>B\u00fclten kayd\u0131<\/strong><\/h2>\n\n\n\n<p>Haber b\u00fcltenine \u015fimdi abone olun ve 20 Euro de\u011ferinde Binder Optik al\u0131\u015fveri\u015f \u00e7eki kazan\u0131n.<\/p>\n\n\n\n<div class=\"wp-block-buttons is-layout-flex wp-block-buttons-is-layout-flex\"><style>.wp-block-button{margin:0 0 3rem}.wp-block-button:last-child,.wp-block-button:only-child{margin-bottom:0}.wp-block-button.align-center{text-align:center}.wp-block-button.align-right{text-align:right}.wp-block-columns+.wp-block-button{margin-top:6.3rem}.wp-block-button__link{display:inline-block;padding:1.8rem 1.8rem;font-weight:600;text-align:center;text-decoration:none;color:#2B2E34;border:2px solid #FFFA00;border-radius:.5rem;background-color:#FFFA00;cursor:pointer;font-size:1.6rem;line-height:1}@media (min-width: 1380px){.wp-block-button__link{padding:1.8rem 3.8rem;font-size:1.8rem;line-height:1}}.wp-block-button:not(.is-style-link-only):not(.is-style-outline):not(.is-style-fill-secondary) .wp-block-button__link{position:relative}.wp-block-button:not(.is-style-link-only):not(.is-style-outline):not(.is-style-fill-secondary) .wp-block-button__link:hover,.wp-block-button:not(.is-style-link-only):not(.is-style-outline):not(.is-style-fill-secondary) .wp-block-button__link:focus{color:#fff;border-color:#00597E;background-color:#00597E}.wp-block-button .wp-block-button__link{transition:.2s}.is-style-fill-secondary .wp-block-button__link{color:#fff;border-color:#00597E;background-color:#00597E}.is-style-fill-secondary .wp-block-button__link:hover,.is-style-fill-secondary .wp-block-button__link:focus{color:#2B2E34;border-color:#FFFA00;background-color:#FFFA00}.is-style-outline .wp-block-button__link{padding:1.8rem 1.8rem !important;color:#00597E !important;border-color:#00597E;background-color:transparent}@media (min-width: 1380px){.is-style-outline .wp-block-button__link{padding:1.8rem 3.8rem !important}}.is-style-outline .wp-block-button__link:hover,.is-style-outline .wp-block-button__link:focus{color:#fff !important;border-color:#00597E !important;background-color:#00597E !important}.is-style-link-only .wp-block-button__link{min-width:0;padding:0;padding-right:2rem;position:relative;font-weight:600;color:#00597E;letter-spacing:0;text-transform:none;border:none;background-color:transparent;transition:color .2s,text-decoration-color .2s;font-size:1.8rem;line-height:1}.is-style-link-only .wp-block-button__link::after{content:'';display:inline-block;width:8px;height:13px;position:absolute;top:50%;right:0;transform:translate(0, -50%);background-image:url(\"https:\/\/www.binder-optik.de\/wp-content\/themes\/ATLAS\/images\/svg\/button_arrow-right_secondary.svg\");background-repeat:no-repeat;background-size:contain;transition:right 0.2s}.is-style-link-only .wp-block-button__link:hover::after,.is-style-link-only .wp-block-button__link:focus::after{right:-5px}\n<\/style>\n<div class=\"wp-block-button is-style-fill-secondary\"><a class=\"wp-block-button__link wp-element-button\" href=\"https:\/\/www.binder-optik.de\/tr\/buelten-kaydi\/\">Kay\u0131t i\u00e7in<\/a><\/div>\n<\/div>\n<\/div>\n\n\n\n<div class=\"wp-block-column is-vertically-aligned-center is-layout-flow wp-block-column-is-layout-flow\" style=\"flex-basis:33.33%\">\n<figure class=\"wp-block-image size-full\"><img loading=\"lazy\" decoding=\"async\" width=\"902\" height=\"625\" src=\"https:\/\/www.binder-optik.de\/wp-content\/uploads\/2025\/05\/2023_10_05-Newsletter-Anmeldung_433x300-1_EN.jpg\" alt=\"Binder Optik\" class=\"wp-image-19189\" title=\"\" srcset=\"https:\/\/www.binder-optik.de\/wp-content\/uploads\/2025\/05\/2023_10_05-Newsletter-Anmeldung_433x300-1_EN.jpg 902w, https:\/\/www.binder-optik.de\/wp-content\/uploads\/2025\/05\/2023_10_05-Newsletter-Anmeldung_433x300-1_EN-300x208.jpg 300w, https:\/\/www.binder-optik.de\/wp-content\/uploads\/2025\/05\/2023_10_05-Newsletter-Anmeldung_433x300-1_EN-768x532.jpg 768w, https:\/\/www.binder-optik.de\/wp-content\/uploads\/2025\/05\/2023_10_05-Newsletter-Anmeldung_433x300-1_EN-524x363.jpg 524w\" sizes=\"auto, (max-width: 902px) 100vw, 902px\" \/><\/figure>\n<\/div>\n<\/div>\n<\/div><\/div><\/section>\n<\/div><\/div><\/section>\n","protected":false},"excerpt":{"rendered":"","protected":false},"author":13,"featured_media":15204,"comment_status":"closed","ping_status":"closed","sticky":false,"template":"","format":"standard","meta":{"_acf_changed":false,"footnotes":""},"categories":[1],"tags":[],"class_list":["post-18082","post","type-post","status-publish","format-standard","has-post-thumbnail","hentry","category-kategorize-edilmemis"],"acf":[],"publishpress_future_action":{"enabled":false,"date":"2026-05-08 14:09:27","action":"change-status","newStatus":"draft","terms":[],"taxonomy":"category","extraData":[]},"publishpress_future_workflow_manual_trigger":{"enabledWorkflows":[]},"_links":{"self":[{"href":"https:\/\/www.binder-optik.de\/tr\/wp-json\/wp\/v2\/posts\/18082","targetHints":{"allow":["GET"]}}],"collection":[{"href":"https:\/\/www.binder-optik.de\/tr\/wp-json\/wp\/v2\/posts"}],"about":[{"href":"https:\/\/www.binder-optik.de\/tr\/wp-json\/wp\/v2\/types\/post"}],"author":[{"embeddable":true,"href":"https:\/\/www.binder-optik.de\/tr\/wp-json\/wp\/v2\/users\/13"}],"replies":[{"embeddable":true,"href":"https:\/\/www.binder-optik.de\/tr\/wp-json\/wp\/v2\/comments?post=18082"}],"version-history":[{"count":1,"href":"https:\/\/www.binder-optik.de\/tr\/wp-json\/wp\/v2\/posts\/18082\/revisions"}],"predecessor-version":[{"id":18085,"href":"https:\/\/www.binder-optik.de\/tr\/wp-json\/wp\/v2\/posts\/18082\/revisions\/18085"}],"wp:featuredmedia":[{"embeddable":true,"href":"https:\/\/www.binder-optik.de\/tr\/wp-json\/wp\/v2\/media\/15204"}],"wp:attachment":[{"href":"https:\/\/www.binder-optik.de\/tr\/wp-json\/wp\/v2\/media?parent=18082"}],"wp:term":[{"taxonomy":"category","embeddable":true,"href":"https:\/\/www.binder-optik.de\/tr\/wp-json\/wp\/v2\/categories?post=18082"},{"taxonomy":"post_tag","embeddable":true,"href":"https:\/\/www.binder-optik.de\/tr\/wp-json\/wp\/v2\/tags?post=18082"}],"curies":[{"name":"wp","href":"https:\/\/api.w.org\/{rel}","templated":true}]}}