{"id":18077,"date":"2018-05-26T06:45:56","date_gmt":"2018-05-26T04:45:56","guid":{"rendered":"https:\/\/www.binder-optik.de\/televizyonda-uzamsal-goeruesue-test-edin\/"},"modified":"2025-04-15T14:47:32","modified_gmt":"2025-04-15T12:47:32","slug":"televizyonda-uzamsal-goeruesue-test-edin","status":"publish","type":"post","link":"https:\/\/www.binder-optik.de\/tr\/televizyonda-uzamsal-goeruesue-test-edin\/","title":{"rendered":"Televizyonda uzamsal g\u00f6r\u00fc\u015f\u00fc test edin"},"content":{"rendered":"\n<section class=\"wp-block-custom-container alignwide block-content  block-content--spacing-top block-content--margin-top\"><style>.block-content{position:relative}.block-content--spacing-top{padding-top:2rem}@media (min-width: 992px){.block-content--spacing-top{padding-top:4rem}}.block-content--spacing-bottom{padding-bottom:2rem}@media (min-width: 992px){.block-content--spacing-bottom{padding-bottom:4rem}}.block-content--margin-top{margin-top:2rem}@media (min-width: 992px){.block-content--margin-top{margin-top:4rem}}.block-content--margin-bottom{margin-bottom:2rem}@media (min-width: 992px){.block-content--margin-bottom{margin-bottom:4rem}}.block-content.z-index{position:relative;z-index:2}.block-content .container{position:relative;z-index:1}.block-content .container--full{padding:0}.block-content .container .container{padding:2rem}@media (min-width: 992px){.block-content .container .container{padding:4rem}}.block-content .container-overlay{position:absolute;z-index:0;top:0;right:0;bottom:0;left:0}.block-content.career-container{margin-top:-8rem;z-index:2;pointer-events:none}.block-content.career-container .block-content{pointer-events:all;-webkit-box-shadow:0px 0px 15px 5px rgba(0,0,0,0.1);box-shadow:0px 0px 15px 5px rgba(0,0,0,0.1)}.block-content.career-container .wp-block-custom-column{margin-bottom:0}\n<\/style><div class=\"container container--wide\"><div class=\"container__body\">\n<p class=\"is-style-subheading\">26 May\u0131s 2018<\/p>\n\n\n\n<h1 class=\"wp-block-heading\">Televizyonda uzamsal g\u00f6r\u00fc\u015f\u00fc test edin<\/h1>\n\n\n\n<div class=\"wp-block-custom-spacing spacing-element spacing-mobile--small spacing-tablet--small spacing-small-desktop--small spacing-desktop--small\"><\/div>\n<\/div><\/div><\/section>\n\n<section class=\"wp-block-custom-container alignwide block-content\"><div class=\"container container--wide\"><div class=\"container__body\">\n<div class=\"wp-block-custom-columns columns-row row\"><style>.columns-row--spacing-top{padding-top:2rem}@media (min-width: 992px){.columns-row--spacing-top{padding-top:4rem}}.columns-row--spacing-bottom{padding-bottom:2rem}@media (min-width: 992px){.columns-row--spacing-bottom{padding-bottom:4rem}}.columns-row--margin-top{margin-top:2rem}@media (min-width: 992px){.columns-row--margin-top{margin-top:4rem}}.columns-row--margin-bottom{margin-bottom:2rem}@media (min-width: 992px){.columns-row--margin-bottom{margin-bottom:4rem}}\n<\/style>\n<div class=\"wp-block-custom-column col col-6\">\n<p>Tak\u0131m elbiseli \u00f6nemli adamlar bir \u00e7ift 3D g\u00f6zl\u00fck al\u0131r ve televizyona bakarlar. Helene Djadjun televizyona ba\u011flad\u0131\u011f\u0131 bilgisayarda bir \u015feyler hackliyor ve deneklerinin g\u00f6zleri \u00f6n\u00fcnde ekrandan \u00e7\u0131k\u0131yormu\u015f gibi g\u00f6r\u00fcnen geometrik \u015fekiller ve fig\u00fcrler yarat\u0131yor. Bir dikd\u00f6rtgen ya da bir \u00e7i\u00e7ek dokunulabilecek kadar yak\u0131n g\u00f6r\u00fcn\u00fcyor.  <\/p>\n\n\n\n<p>Testi ge\u00e7tiler. \u0130ki g\u00f6zleri aras\u0131ndaki etkile\u015fim, uzamsal g\u00f6r\u00fc\u015fleri i\u015fe yar\u0131yor. Helene Djadjun, m\u00fckemmel final tezini \u00f6zetledi\u011fi sunumunda, geleneksel stereo g\u00f6rme testlerini zaten sunmu\u015ftu. Bunlar genellikle \u00f6nceden haz\u0131rlanm\u0131\u015f ve kartlar \u00fczerine bas\u0131lm\u0131\u015ft\u0131r. Helene Djadjun&#8217;un testi ise \u00e7ok daha esnektir.    <\/p>\n<\/div>\n\n\n\n<div class=\"wp-block-custom-column col col-6\"><style>.wp-block-image.alignright{margin:0 !important}.wp-block-image.alignleft{float:none !important}.wp-block-image .wp-element-caption{text-align:left}\n<\/style>\n<figure class=\"wp-block-image size-full\"><img loading=\"lazy\" decoding=\"async\" width=\"570\" height=\"328\" src=\"https:\/\/www.binder-optik.de\/wp-content\/uploads\/2023\/08\/PR-2014-02-Aalen.jpg\" alt=\"Binder Optik\" class=\"wp-image-3130\" title=\"\" srcset=\"https:\/\/www.binder-optik.de\/wp-content\/uploads\/2023\/08\/PR-2014-02-Aalen.jpg 570w, https:\/\/www.binder-optik.de\/wp-content\/uploads\/2023\/08\/PR-2014-02-Aalen-300x173.jpg 300w, https:\/\/www.binder-optik.de\/wp-content\/uploads\/2023\/08\/PR-2014-02-Aalen-524x302.jpg 524w\" sizes=\"auto, (max-width: 570px) 100vw, 570px\" \/><\/figure>\n<\/div>\n<\/div>\n\n\n\n<p>Deneklerinden 3D g\u00f6r\u00fcnt\u00fclerle biraz oynamalar\u0131n\u0131, \u015fekilleri geriye do\u011fru hareket ettirmelerini veya de\u011fi\u015ftirmelerini istiyor. Optometri \u00f6\u011frencisi i\u00e7in sorun yok. Kendi yazd\u0131\u011f\u0131 bilgisayar program\u0131na uygun komutlar\u0131 giriyor ve t\u00fcm istekleri saniyeler i\u00e7inde yerine getirebiliyor. Helene Djadjun, &#8220;Bu, \u00f6zellikle \u00e7ocuklar i\u00e7in g\u00f6z testi s\u0131ras\u0131nda motivasyonu art\u0131r\u0131yor&#8221; diyor. \u00c7ocukken uzaysal g\u00f6rmeyi \u00f6\u011frenmeyen biri bunu asla \u00f6\u011frenemez. Odadaki pek \u00e7ok optisyen bu nedenle \u015fa\u015f\u0131l\u0131\u011f\u0131n erken te\u015fhis edilmesinin \u00f6nemli oldu\u011fu konusunda hemfikir.<\/p>\n\n\n\n<p>Helene Djadjun, &#8220;T\u00fcm bunlar Aalen \u00dcniversitesi&#8217;nde daha ileri \u00e7al\u0131\u015fmalar ve bir dizi \u00f6l\u00e7\u00fcm i\u00e7in temel olu\u015fturabilir&#8221; diyor. Lisans e\u011fitimini ba\u015far\u0131yla tamamlad\u0131ktan sonra art\u0131k y\u00fcksek lisans program\u0131nda kendini bu konuya adayabilir. \u00c7al\u0131\u015fmaya e\u015f dan\u0131\u015fmanl\u0131k yapan Prof Dr J\u00fcrgen Nolting ise hala ba\u015fka y\u00f6nlerde d\u00fc\u015f\u00fcn\u00fcyor. &#8220;Bakal\u0131m sistemi kim kurmak isteyecek?&#8221; diyor. Ama \u00f6nce Helene Djadjun&#8217;un tekrar tu\u015flara basmas\u0131 gerekiyor. Birka\u00e7 uzman dergi onun sonu\u00e7lar\u0131yla ilgileniyor.     <\/p>\n\n\n\n<p>\u00a9 Schw\u00e4bische Post 18.12.2013, Katharina Scholz<\/p>\n<\/div><\/div><\/section>\n\n<section class=\"wp-block-custom-container alignwide block-content  block-content--spacing-top block-content--spacing-bottom\"><div class=\"container container--wide\"><div class=\"container__body\">\n<section class=\"wp-block-custom-container alignwide block-content  has-gelb-background-color\" style=\"background-color:#FFFF00\"><div class=\"container container--wide\"><div class=\"container__body\"><style>.wp-block-columns.are-vertically-aligned-center{gap:1em;margin-bottom:.5rem}@media (min-width: 992px){.wp-block-columns.are-vertically-aligned-center{margin-bottom:1rem}}.wp-block-columns.are-vertically-aligned-center :last-child{margin-bottom:0}.wp-block-columns.are-vertically-aligned-center figure{margin-bottom:0}.wp-block-columns.no-margin{margin-bottom:0 !important}@media (max-width: 991px){.wp-block-columns.hide-mobile{display:none}}:where(.wp-block-columns.is-layout-flex){gap:1em}\n<\/style>\n<div class=\"wp-block-columns are-vertically-aligned-center is-layout-flex wp-container-core-columns-is-layout-1 wp-block-columns-is-layout-flex\">\n<div class=\"wp-block-column is-vertically-aligned-center is-layout-flow wp-block-column-is-layout-flow\" style=\"flex-basis:66.66%\">\n<h2 class=\"wp-block-heading\"><strong>B\u00fclten kayd\u0131<\/strong><\/h2>\n\n\n\n<p>Haber b\u00fcltenine \u015fimdi abone olun ve 20 Euro de\u011ferinde Binder Optik al\u0131\u015fveri\u015f \u00e7eki kazan\u0131n.<\/p>\n\n\n\n<div class=\"wp-block-buttons is-layout-flex wp-block-buttons-is-layout-flex\"><style>.wp-block-button{margin:0 0 3rem}.wp-block-button:last-child,.wp-block-button:only-child{margin-bottom:0}.wp-block-button.align-center{text-align:center}.wp-block-button.align-right{text-align:right}.wp-block-columns+.wp-block-button{margin-top:6.3rem}.wp-block-button__link{display:inline-block;padding:1.8rem 1.8rem;font-weight:600;text-align:center;text-decoration:none;color:#2B2E34;border:2px solid #FFFA00;border-radius:.5rem;background-color:#FFFA00;cursor:pointer;font-size:1.6rem;line-height:1}@media (min-width: 1380px){.wp-block-button__link{padding:1.8rem 3.8rem;font-size:1.8rem;line-height:1}}.wp-block-button:not(.is-style-link-only):not(.is-style-outline):not(.is-style-fill-secondary) .wp-block-button__link{position:relative}.wp-block-button:not(.is-style-link-only):not(.is-style-outline):not(.is-style-fill-secondary) .wp-block-button__link:hover,.wp-block-button:not(.is-style-link-only):not(.is-style-outline):not(.is-style-fill-secondary) .wp-block-button__link:focus{color:#fff;border-color:#00597E;background-color:#00597E}.wp-block-button .wp-block-button__link{transition:.2s}.is-style-fill-secondary .wp-block-button__link{color:#fff;border-color:#00597E;background-color:#00597E}.is-style-fill-secondary .wp-block-button__link:hover,.is-style-fill-secondary .wp-block-button__link:focus{color:#2B2E34;border-color:#FFFA00;background-color:#FFFA00}.is-style-outline .wp-block-button__link{padding:1.8rem 1.8rem !important;color:#00597E !important;border-color:#00597E;background-color:transparent}@media (min-width: 1380px){.is-style-outline .wp-block-button__link{padding:1.8rem 3.8rem !important}}.is-style-outline .wp-block-button__link:hover,.is-style-outline .wp-block-button__link:focus{color:#fff !important;border-color:#00597E !important;background-color:#00597E !important}.is-style-link-only .wp-block-button__link{min-width:0;padding:0;padding-right:2rem;position:relative;font-weight:600;color:#00597E;letter-spacing:0;text-transform:none;border:none;background-color:transparent;transition:color .2s,text-decoration-color .2s;font-size:1.8rem;line-height:1}.is-style-link-only .wp-block-button__link::after{content:'';display:inline-block;width:8px;height:13px;position:absolute;top:50%;right:0;transform:translate(0, -50%);background-image:url(\"https:\/\/www.binder-optik.de\/wp-content\/themes\/ATLAS\/images\/svg\/button_arrow-right_secondary.svg\");background-repeat:no-repeat;background-size:contain;transition:right 0.2s}.is-style-link-only .wp-block-button__link:hover::after,.is-style-link-only .wp-block-button__link:focus::after{right:-5px}\n<\/style>\n<div class=\"wp-block-button is-style-fill-secondary\"><a class=\"wp-block-button__link wp-element-button\" href=\"https:\/\/www.binder-optik.de\/tr\/buelten-kaydi\/\">Kay\u0131t i\u00e7in<\/a><\/div>\n<\/div>\n<\/div>\n\n\n\n<div class=\"wp-block-column is-vertically-aligned-center is-layout-flow wp-block-column-is-layout-flow\" style=\"flex-basis:33.33%\">\n<figure class=\"wp-block-image size-full\"><img loading=\"lazy\" decoding=\"async\" width=\"902\" height=\"625\" src=\"https:\/\/www.binder-optik.de\/wp-content\/uploads\/2025\/05\/2023_10_05-Newsletter-Anmeldung_433x300-1_EN.jpg\" alt=\"Binder Optik\" class=\"wp-image-19189\" title=\"\" srcset=\"https:\/\/www.binder-optik.de\/wp-content\/uploads\/2025\/05\/2023_10_05-Newsletter-Anmeldung_433x300-1_EN.jpg 902w, https:\/\/www.binder-optik.de\/wp-content\/uploads\/2025\/05\/2023_10_05-Newsletter-Anmeldung_433x300-1_EN-300x208.jpg 300w, https:\/\/www.binder-optik.de\/wp-content\/uploads\/2025\/05\/2023_10_05-Newsletter-Anmeldung_433x300-1_EN-768x532.jpg 768w, https:\/\/www.binder-optik.de\/wp-content\/uploads\/2025\/05\/2023_10_05-Newsletter-Anmeldung_433x300-1_EN-524x363.jpg 524w\" sizes=\"auto, (max-width: 902px) 100vw, 902px\" \/><\/figure>\n<\/div>\n<\/div>\n<\/div><\/div><\/section>\n<\/div><\/div><\/section>\n","protected":false},"excerpt":{"rendered":"","protected":false},"author":13,"featured_media":15186,"comment_status":"closed","ping_status":"closed","sticky":false,"template":"","format":"standard","meta":{"_acf_changed":false,"footnotes":""},"categories":[1],"tags":[],"class_list":["post-18077","post","type-post","status-publish","format-standard","has-post-thumbnail","hentry","category-kategorize-edilmemis"],"acf":[],"publishpress_future_action":{"enabled":false,"date":"2026-05-08 13:45:39","action":"change-status","newStatus":"draft","terms":[],"taxonomy":"category","extraData":[]},"publishpress_future_workflow_manual_trigger":{"enabledWorkflows":[]},"_links":{"self":[{"href":"https:\/\/www.binder-optik.de\/tr\/wp-json\/wp\/v2\/posts\/18077","targetHints":{"allow":["GET"]}}],"collection":[{"href":"https:\/\/www.binder-optik.de\/tr\/wp-json\/wp\/v2\/posts"}],"about":[{"href":"https:\/\/www.binder-optik.de\/tr\/wp-json\/wp\/v2\/types\/post"}],"author":[{"embeddable":true,"href":"https:\/\/www.binder-optik.de\/tr\/wp-json\/wp\/v2\/users\/13"}],"replies":[{"embeddable":true,"href":"https:\/\/www.binder-optik.de\/tr\/wp-json\/wp\/v2\/comments?post=18077"}],"version-history":[{"count":1,"href":"https:\/\/www.binder-optik.de\/tr\/wp-json\/wp\/v2\/posts\/18077\/revisions"}],"predecessor-version":[{"id":18079,"href":"https:\/\/www.binder-optik.de\/tr\/wp-json\/wp\/v2\/posts\/18077\/revisions\/18079"}],"wp:featuredmedia":[{"embeddable":true,"href":"https:\/\/www.binder-optik.de\/tr\/wp-json\/wp\/v2\/media\/15186"}],"wp:attachment":[{"href":"https:\/\/www.binder-optik.de\/tr\/wp-json\/wp\/v2\/media?parent=18077"}],"wp:term":[{"taxonomy":"category","embeddable":true,"href":"https:\/\/www.binder-optik.de\/tr\/wp-json\/wp\/v2\/categories?post=18077"},{"taxonomy":"post_tag","embeddable":true,"href":"https:\/\/www.binder-optik.de\/tr\/wp-json\/wp\/v2\/tags?post=18077"}],"curies":[{"name":"wp","href":"https:\/\/api.w.org\/{rel}","templated":true}]}}