{"id":18001,"date":"2018-05-26T12:00:17","date_gmt":"2018-05-26T10:00:17","guid":{"rendered":"https:\/\/www.binder-optik.de\/binder-optik-crailsheimda-yeni-acilis\/"},"modified":"2025-04-15T14:47:08","modified_gmt":"2025-04-15T12:47:08","slug":"binder-optik-crailsheimda-yeni-acilis","status":"publish","type":"post","link":"https:\/\/www.binder-optik.de\/tr\/binder-optik-crailsheimda-yeni-acilis\/","title":{"rendered":"Binder Optik &#8211; Crailsheim&#8217;da yeni a\u00e7\u0131l\u0131\u015f"},"content":{"rendered":"\n<section class=\"wp-block-custom-container alignwide block-content  block-content--spacing-top block-content--margin-top\"><style>.block-content{position:relative}.block-content--spacing-top{padding-top:2rem}@media (min-width: 992px){.block-content--spacing-top{padding-top:4rem}}.block-content--spacing-bottom{padding-bottom:2rem}@media (min-width: 992px){.block-content--spacing-bottom{padding-bottom:4rem}}.block-content--margin-top{margin-top:2rem}@media (min-width: 992px){.block-content--margin-top{margin-top:4rem}}.block-content--margin-bottom{margin-bottom:2rem}@media (min-width: 992px){.block-content--margin-bottom{margin-bottom:4rem}}.block-content.z-index{position:relative;z-index:2}.block-content .container{position:relative;z-index:1}.block-content .container--full{padding:0}.block-content .container .container{padding:2rem}@media (min-width: 992px){.block-content .container .container{padding:4rem}}.block-content .container-overlay{position:absolute;z-index:0;top:0;right:0;bottom:0;left:0}.block-content.career-container{margin-top:-8rem;z-index:2;pointer-events:none}.block-content.career-container .block-content{pointer-events:all;-webkit-box-shadow:0px 0px 15px 5px rgba(0,0,0,0.1);box-shadow:0px 0px 15px 5px rgba(0,0,0,0.1)}.block-content.career-container .wp-block-custom-column{margin-bottom:0}\n<\/style><div class=\"container container--wide\"><div class=\"container__body\">\n<p class=\"is-style-subheading\">26 May\u0131s 2018<\/p>\n\n\n\n<h1 class=\"wp-block-heading\">Binder Optik &#8211; Crailsheim&#8217;da yeni a\u00e7\u0131l\u0131\u015f<\/h1>\n\n\n\n<div class=\"wp-block-custom-spacing spacing-element spacing-mobile--small spacing-tablet--small spacing-small-desktop--small spacing-desktop--small\"><\/div>\n<\/div><\/div><\/section>\n\n<section class=\"wp-block-custom-container alignwide block-content\"><div class=\"container container--wide\"><div class=\"container__body\">\n<div class=\"wp-block-custom-columns columns-row row\"><style>.columns-row--spacing-top{padding-top:2rem}@media (min-width: 992px){.columns-row--spacing-top{padding-top:4rem}}.columns-row--spacing-bottom{padding-bottom:2rem}@media (min-width: 992px){.columns-row--spacing-bottom{padding-bottom:4rem}}.columns-row--margin-top{margin-top:2rem}@media (min-width: 992px){.columns-row--margin-top{margin-top:4rem}}.columns-row--margin-bottom{margin-bottom:2rem}@media (min-width: 992px){.columns-row--margin-bottom{margin-bottom:4rem}}\n<\/style>\n<div class=\"wp-block-custom-column col col-6\">\n<p>Uygun fiyatl\u0131 \u00e7er\u00e7evelerden modaya uygun en iyi tasar\u0131mc\u0131 modellerine kadar, k\u0131yafetinize uyacak do\u011fru g\u00f6zl\u00fck \u00e7iftini bulacaks\u0131n\u0131z. Se\u00e7im \u00e7ok b\u00fcy\u00fck ve marka \u00e7e\u015fitlili\u011fi arzulanan hi\u00e7bir \u015feyi b\u0131rakm\u0131yor. \u0130ster Gucci ve Emporio Armani gibi d\u00fcnyaca \u00fcnl\u00fc tasar\u0131mc\u0131 markalar\u0131, ister Jaguar ve Ray-Ban&#8217;\u0131n klasik modelleri veya Esprit ve Marc O&#8217;Polo&#8217;nun gen\u00e7 tasar\u0131mlar\u0131 olsun, her zevke ve b\u00fct\u00e7eye uygun bir se\u00e7im ve Binder Optik &#8216;dan bekleyece\u011finiz gibi &#8220;garantili d\u00fc\u015f\u00fck fiyatlar&#8221; vard\u0131r.  <\/p>\n\n\n\n<p>Bu da se\u00e7im yapmay\u0131 zorla\u015ft\u0131rabilir. Ancak, Binder Optik adresindeki yetkin ekip, Crailsheim m\u00fc\u015fterilerine t\u00fcm uzmanl\u0131\u011f\u0131 ve tavsiyeleriyle yard\u0131mc\u0131 olmaya haz\u0131rd\u0131r &#8211; herhangi bir zaman bask\u0131s\u0131 olmadan. Sonu\u00e7ta, g\u00f6zl\u00fckler onlar\u0131 takan her bir ki\u015finin bireysel \u00f6zelliklerini gizlememeli, aksine vurgulamal\u0131d\u0131r.  <\/p>\n<\/div>\n\n\n\n<div class=\"wp-block-custom-column col col-6\"><style>.wp-block-image.alignright{margin:0 !important}.wp-block-image.alignleft{float:none !important}.wp-block-image .wp-element-caption{text-align:left}\n<\/style>\n<figure class=\"wp-block-image size-full\"><img loading=\"lazy\" decoding=\"async\" width=\"570\" height=\"328\" src=\"https:\/\/www.binder-optik.de\/wp-content\/uploads\/2023\/08\/PR-2014-01-NEU-Crailsh.jpg\" alt=\"Binder Optik\" class=\"wp-image-2906\" title=\"\" srcset=\"https:\/\/www.binder-optik.de\/wp-content\/uploads\/2023\/08\/PR-2014-01-NEU-Crailsh.jpg 570w, https:\/\/www.binder-optik.de\/wp-content\/uploads\/2023\/08\/PR-2014-01-NEU-Crailsh-300x173.jpg 300w, https:\/\/www.binder-optik.de\/wp-content\/uploads\/2023\/08\/PR-2014-01-NEU-Crailsh-524x302.jpg 524w\" sizes=\"auto, (max-width: 570px) 100vw, 570px\" \/><\/figure>\n<\/div>\n<\/div>\n\n\n\n<p>Ve m\u00fc\u015fterilerin de bunu takdir etti\u011fi ger\u00e7e\u011fi, 3. Crailsheim M\u00fc\u015fteri De\u011ferlendirmesi&#8217;ndeki sekt\u00f6r zaferiyle do\u011frulanm\u0131\u015ft\u0131r.<br\/>Crailsheim&#8217;daki Binder Optik uzman ma\u011fazas\u0131n\u0131n y\u00f6neticisi Jacqueline Holfeld, &#8220;M\u00fc\u015fterilerimiz bizi \u015fehirdeki en iyi g\u00f6zl\u00fck\u00e7\u00fc olarak se\u00e7ti, bunun i\u00e7in \u00e7ok minnettar\u0131z&#8221; diyor. &#8220;B\u00f6ylesine olumlu bir de\u011ferlendirme do\u011fal olarak bizi gururland\u0131r\u0131yor, ancak ayn\u0131 zamanda m\u00fc\u015fterilerimize en samimi ve en yetkin tavsiyeleri, \u00e7e\u015fitli se\u00e7enekleri ve cazip fiyatlar\u0131 sunmak i\u00e7in bizi te\u015fvik etmeye devam etmeli.&#8221;<br\/>Temmuz\/A\u011fustos 2013&#8217;te, Crailsheim m\u00fc\u015fterileri Deggendorf merkezli pazar ara\u015ft\u0131rma enstit\u00fcs\u00fc MF Consulting taraf\u0131ndan ankete tabi tutuldu. M\u00fc\u015fteriler taraf\u0131ndan alg\u0131lanan samimiyet, tavsiye kalitesi ve fiyat-performans oran\u0131 ayr\u0131nt\u0131l\u0131 olarak incelendi.  <\/p>\n\n\n\n<p>Binder Optik ankete kat\u0131lan 7 optisyen aras\u0131nda en \u00f6nemli de\u011ferlendirme kriterlerinde m\u00fc\u015fteri memnuniyetinde genel olarak 1. s\u0131ray\u0131 elde etmeyi ba\u015fard\u0131.<br\/>Dominic Baur, Binder Optik Sat\u0131\u015f Genel M\u00fcd\u00fcr\u00fc: &#8220;Bu sonu\u00e7, ekibimiz i\u00e7in yo\u011fun \u00e7al\u0131\u015fan e\u011fitimimiz sayesinde tan\u0131nm\u0131\u015f bir \u00fcst d\u00fczey hizmet kalitesi elde etti\u011fimizin teyididir. T\u00fcketici i\u00e7in bu, g\u00fcvendi\u011fi g\u00f6zl\u00fck\u00e7\u00fcy\u00fc se\u00e7erken y\u00fcksek d\u00fczeyde g\u00fcvenlik anlam\u0131na geliyor.&#8221;<\/p>\n\n\n\n<p>Bunu yaparken Binder Optik yaln\u0131zca yetkin ve ki\u015fiselle\u015ftirilmi\u015f tavsiyelere de\u011fil, her \u015feyden \u00f6nce kaliteye odaklanmaktad\u0131r. S\u00f6z konusu lensler oldu\u011funda, Binder Optik yaln\u0131zca Hoya ve Zeiss gibi tan\u0131nm\u0131\u015f lens \u00fcreticilerinin markal\u0131 \u00fcr\u00fcnlerini kullan\u0131r. En son \u00f6l\u00e7\u00fcm teknolojisiyle birlikte Binder Optik ola\u011fan\u00fcst\u00fc bir g\u00f6rsel deneyim sa\u011flar.  <\/p>\n\n\n\n<p>G\u00f6zl\u00fcklerinizi de\u011fi\u015ftirmenin zaman\u0131 hi\u00e7 bu kadar iyi olmam\u0131\u015ft\u0131! 15 \u015eubat 2014 tarihine kadar %25 a\u00e7\u0131l\u0131\u015f indiriminden yararlanabilirsiniz. U\u011framaya de\u011fer!  <\/p>\n<\/div><\/div><\/section>\n\n<section class=\"wp-block-custom-container alignwide block-content  block-content--spacing-top block-content--spacing-bottom\"><div class=\"container container--wide\"><div class=\"container__body\">\n<section class=\"wp-block-custom-container alignwide block-content  has-gelb-background-color\" style=\"background-color:#FFFF00\"><div class=\"container container--wide\"><div class=\"container__body\"><style>.wp-block-columns.are-vertically-aligned-center{gap:1em;margin-bottom:.5rem}@media (min-width: 992px){.wp-block-columns.are-vertically-aligned-center{margin-bottom:1rem}}.wp-block-columns.are-vertically-aligned-center :last-child{margin-bottom:0}.wp-block-columns.are-vertically-aligned-center figure{margin-bottom:0}.wp-block-columns.no-margin{margin-bottom:0 !important}@media (max-width: 991px){.wp-block-columns.hide-mobile{display:none}}:where(.wp-block-columns.is-layout-flex){gap:1em}\n<\/style>\n<div class=\"wp-block-columns are-vertically-aligned-center is-layout-flex wp-container-core-columns-is-layout-1 wp-block-columns-is-layout-flex\">\n<div class=\"wp-block-column is-vertically-aligned-center is-layout-flow wp-block-column-is-layout-flow\" style=\"flex-basis:66.66%\">\n<h2 class=\"wp-block-heading\"><strong>B\u00fclten kayd\u0131<\/strong><\/h2>\n\n\n\n<p>Haber b\u00fcltenine \u015fimdi abone olun ve 20 Euro de\u011ferinde Binder Optik al\u0131\u015fveri\u015f \u00e7eki kazan\u0131n.<\/p>\n\n\n\n<div class=\"wp-block-buttons is-layout-flex wp-block-buttons-is-layout-flex\"><style>.wp-block-button{margin:0 0 3rem}.wp-block-button:last-child,.wp-block-button:only-child{margin-bottom:0}.wp-block-button.align-center{text-align:center}.wp-block-button.align-right{text-align:right}.wp-block-columns+.wp-block-button{margin-top:6.3rem}.wp-block-button__link{display:inline-block;padding:1.8rem 1.8rem;font-weight:600;text-align:center;text-decoration:none;color:#2B2E34;border:2px solid #FFFA00;border-radius:.5rem;background-color:#FFFA00;cursor:pointer;font-size:1.6rem;line-height:1}@media (min-width: 1380px){.wp-block-button__link{padding:1.8rem 3.8rem;font-size:1.8rem;line-height:1}}.wp-block-button:not(.is-style-link-only):not(.is-style-outline):not(.is-style-fill-secondary) .wp-block-button__link{position:relative}.wp-block-button:not(.is-style-link-only):not(.is-style-outline):not(.is-style-fill-secondary) .wp-block-button__link:hover,.wp-block-button:not(.is-style-link-only):not(.is-style-outline):not(.is-style-fill-secondary) .wp-block-button__link:focus{color:#fff;border-color:#00597E;background-color:#00597E}.wp-block-button .wp-block-button__link{transition:.2s}.is-style-fill-secondary .wp-block-button__link{color:#fff;border-color:#00597E;background-color:#00597E}.is-style-fill-secondary .wp-block-button__link:hover,.is-style-fill-secondary .wp-block-button__link:focus{color:#2B2E34;border-color:#FFFA00;background-color:#FFFA00}.is-style-outline .wp-block-button__link{padding:1.8rem 1.8rem !important;color:#00597E !important;border-color:#00597E;background-color:transparent}@media (min-width: 1380px){.is-style-outline .wp-block-button__link{padding:1.8rem 3.8rem !important}}.is-style-outline .wp-block-button__link:hover,.is-style-outline .wp-block-button__link:focus{color:#fff !important;border-color:#00597E !important;background-color:#00597E !important}.is-style-link-only .wp-block-button__link{min-width:0;padding:0;padding-right:2rem;position:relative;font-weight:600;color:#00597E;letter-spacing:0;text-transform:none;border:none;background-color:transparent;transition:color .2s,text-decoration-color .2s;font-size:1.8rem;line-height:1}.is-style-link-only .wp-block-button__link::after{content:'';display:inline-block;width:8px;height:13px;position:absolute;top:50%;right:0;transform:translate(0, -50%);background-image:url(\"https:\/\/www.binder-optik.de\/wp-content\/themes\/ATLAS\/images\/svg\/button_arrow-right_secondary.svg\");background-repeat:no-repeat;background-size:contain;transition:right 0.2s}.is-style-link-only .wp-block-button__link:hover::after,.is-style-link-only .wp-block-button__link:focus::after{right:-5px}\n<\/style>\n<div class=\"wp-block-button is-style-fill-secondary\"><a class=\"wp-block-button__link wp-element-button\" href=\"https:\/\/www.binder-optik.de\/tr\/buelten-kaydi\/\">Kay\u0131t i\u00e7in<\/a><\/div>\n<\/div>\n<\/div>\n\n\n\n<div class=\"wp-block-column is-vertically-aligned-center is-layout-flow wp-block-column-is-layout-flow\" style=\"flex-basis:33.33%\">\n<figure class=\"wp-block-image size-full\"><img loading=\"lazy\" decoding=\"async\" width=\"902\" height=\"625\" src=\"https:\/\/www.binder-optik.de\/wp-content\/uploads\/2025\/05\/2023_10_05-Newsletter-Anmeldung_433x300-1_EN.jpg\" alt=\"Binder Optik\" class=\"wp-image-19189\" title=\"\" srcset=\"https:\/\/www.binder-optik.de\/wp-content\/uploads\/2025\/05\/2023_10_05-Newsletter-Anmeldung_433x300-1_EN.jpg 902w, https:\/\/www.binder-optik.de\/wp-content\/uploads\/2025\/05\/2023_10_05-Newsletter-Anmeldung_433x300-1_EN-300x208.jpg 300w, https:\/\/www.binder-optik.de\/wp-content\/uploads\/2025\/05\/2023_10_05-Newsletter-Anmeldung_433x300-1_EN-768x532.jpg 768w, https:\/\/www.binder-optik.de\/wp-content\/uploads\/2025\/05\/2023_10_05-Newsletter-Anmeldung_433x300-1_EN-524x363.jpg 524w\" sizes=\"auto, (max-width: 902px) 100vw, 902px\" \/><\/figure>\n<\/div>\n<\/div>\n<\/div><\/div><\/section>\n<\/div><\/div><\/section>\n","protected":false},"excerpt":{"rendered":"","protected":false},"author":13,"featured_media":15096,"comment_status":"closed","ping_status":"closed","sticky":false,"template":"","format":"standard","meta":{"_acf_changed":false,"footnotes":""},"categories":[1],"tags":[],"class_list":["post-18001","post","type-post","status-publish","format-standard","has-post-thumbnail","hentry","category-kategorize-edilmemis"],"acf":[],"publishpress_future_action":{"enabled":false,"date":"2026-05-07 09:10:18","action":"change-status","newStatus":"draft","terms":[],"taxonomy":"category","extraData":[]},"publishpress_future_workflow_manual_trigger":{"enabledWorkflows":[]},"_links":{"self":[{"href":"https:\/\/www.binder-optik.de\/tr\/wp-json\/wp\/v2\/posts\/18001","targetHints":{"allow":["GET"]}}],"collection":[{"href":"https:\/\/www.binder-optik.de\/tr\/wp-json\/wp\/v2\/posts"}],"about":[{"href":"https:\/\/www.binder-optik.de\/tr\/wp-json\/wp\/v2\/types\/post"}],"author":[{"embeddable":true,"href":"https:\/\/www.binder-optik.de\/tr\/wp-json\/wp\/v2\/users\/13"}],"replies":[{"embeddable":true,"href":"https:\/\/www.binder-optik.de\/tr\/wp-json\/wp\/v2\/comments?post=18001"}],"version-history":[{"count":1,"href":"https:\/\/www.binder-optik.de\/tr\/wp-json\/wp\/v2\/posts\/18001\/revisions"}],"predecessor-version":[{"id":18004,"href":"https:\/\/www.binder-optik.de\/tr\/wp-json\/wp\/v2\/posts\/18001\/revisions\/18004"}],"wp:featuredmedia":[{"embeddable":true,"href":"https:\/\/www.binder-optik.de\/tr\/wp-json\/wp\/v2\/media\/15096"}],"wp:attachment":[{"href":"https:\/\/www.binder-optik.de\/tr\/wp-json\/wp\/v2\/media?parent=18001"}],"wp:term":[{"taxonomy":"category","embeddable":true,"href":"https:\/\/www.binder-optik.de\/tr\/wp-json\/wp\/v2\/categories?post=18001"},{"taxonomy":"post_tag","embeddable":true,"href":"https:\/\/www.binder-optik.de\/tr\/wp-json\/wp\/v2\/tags?post=18001"}],"curies":[{"name":"wp","href":"https:\/\/api.w.org\/{rel}","templated":true}]}}