{"id":17986,"date":"2018-05-26T12:45:36","date_gmt":"2018-05-26T10:45:36","guid":{"rendered":"https:\/\/www.binder-optik.de\/goezlerinizi-acin-donuk-sonbahar-guenlerinde-iyi-goerues-icin\/"},"modified":"2025-04-15T14:47:02","modified_gmt":"2025-04-15T12:47:02","slug":"goezlerinizi-acin-donuk-sonbahar-guenlerinde-iyi-goerues-icin","status":"publish","type":"post","link":"https:\/\/www.binder-optik.de\/tr\/goezlerinizi-acin-donuk-sonbahar-guenlerinde-iyi-goerues-icin\/","title":{"rendered":"G\u00f6zlerinizi a\u00e7\u0131n: Donuk sonbahar g\u00fcnlerinde iyi g\u00f6r\u00fc\u015f i\u00e7in"},"content":{"rendered":"\n<section class=\"wp-block-custom-container alignwide block-content  block-content--spacing-top block-content--spacing-bottom\"><style>.block-content{position:relative}.block-content--spacing-top{padding-top:2rem}@media (min-width: 992px){.block-content--spacing-top{padding-top:4rem}}.block-content--spacing-bottom{padding-bottom:2rem}@media (min-width: 992px){.block-content--spacing-bottom{padding-bottom:4rem}}.block-content--margin-top{margin-top:2rem}@media (min-width: 992px){.block-content--margin-top{margin-top:4rem}}.block-content--margin-bottom{margin-bottom:2rem}@media (min-width: 992px){.block-content--margin-bottom{margin-bottom:4rem}}.block-content.z-index{position:relative;z-index:2}.block-content .container{position:relative;z-index:1}.block-content .container--full{padding:0}.block-content .container .container{padding:2rem}@media (min-width: 992px){.block-content .container .container{padding:4rem}}.block-content .container-overlay{position:absolute;z-index:0;top:0;right:0;bottom:0;left:0}.block-content.career-container{margin-top:-8rem;z-index:2;pointer-events:none}.block-content.career-container .block-content{pointer-events:all;-webkit-box-shadow:0px 0px 15px 5px rgba(0,0,0,0.1);box-shadow:0px 0px 15px 5px rgba(0,0,0,0.1)}.block-content.career-container .wp-block-custom-column{margin-bottom:0}\n<\/style><div class=\"container container--wide\"><div class=\"container__body\">\n<p class=\"is-style-subheading\">26 May\u0131s 2018<\/p>\n\n\n\n<h1 class=\"wp-block-heading\">G\u00f6zlerinizi a\u00e7\u0131n: Donuk sonbahar g\u00fcnlerinde iyi g\u00f6r\u00fc\u015f i\u00e7in<\/h1>\n\n\n\n<div class=\"wp-block-custom-spacing spacing-element spacing-mobile--small spacing-tablet--small spacing-small-desktop--small spacing-desktop--small\"><\/div>\n<\/div><\/div><\/section>\n\n<section class=\"wp-block-custom-container alignwide block-content\"><div class=\"container container--wide\"><div class=\"container__body\">\n<div class=\"wp-block-custom-columns columns-row row\"><style>.columns-row--spacing-top{padding-top:2rem}@media (min-width: 992px){.columns-row--spacing-top{padding-top:4rem}}.columns-row--spacing-bottom{padding-bottom:2rem}@media (min-width: 992px){.columns-row--spacing-bottom{padding-bottom:4rem}}.columns-row--margin-top{margin-top:2rem}@media (min-width: 992px){.columns-row--margin-top{margin-top:4rem}}.columns-row--margin-bottom{margin-bottom:2rem}@media (min-width: 992px){.columns-row--margin-bottom{margin-bottom:4rem}}\n<\/style>\n<div class=\"wp-block-custom-column col col-6\">\n<p>\u00d6zellikle y\u0131l\u0131n bu zamanlar\u0131nda, yollarda g\u00fcvenli bir \u015fekilde seyahat etmek i\u00e7in iyi g\u00f6r\u00fc\u015f \u00e7ok \u00f6nemlidir. Bu\u011fulu camlar, da\u011f\u0131n\u0131k ayd\u0131nlatma ko\u015fullar\u0131, \u0131slak yollardaki yans\u0131malar veya a\u00e7\u0131k renkli kar \u00fczerindeki parlak g\u00fcne\u015f \u0131\u015f\u0131\u011f\u0131ndan, \u00f6zellikle Almanya&#8217;da g\u00f6rme bozuklu\u011fu olan 40 milyondan fazla insan i\u00e7in ka\u00e7\u0131n\u0131lmal\u0131d\u0131r. Binder Optik adresinde g\u00f6zl\u00fck uzman\u0131 ve ma\u011faza m\u00fcd\u00fcr\u00fc olan Melanie Baur, &#8220;K\u0131\u015f\u0131n g\u00f6rme bozuklu\u011fu sorun olmak zorunda de\u011fil&#8221; diyor. Bulutlu g\u00fcnlerde iyi g\u00f6r\u00fc\u015f i\u00e7in de\u011ferli ipu\u00e7lar\u0131 veriyor.   <\/p>\n\n\n\n<p>G\u00fc\u00e7 kontrol\u00fc: G\u00f6rme yetisi \u0131\u015f\u0131k i\u00e7in de test edilmelidir<br\/>Melanie Baur yakla\u015fan karanl\u0131k mevsimin g\u00f6zl\u00fck\u00e7\u00fcde bir g\u00f6z testi i\u00e7in kullan\u0131lmas\u0131n\u0131 tavsiye ediyor. Baur \u015f\u00f6yle a\u00e7\u0131kl\u0131yor: &#8220;G\u00f6rme keskinli\u011findeki de\u011fi\u015fiklikler genellikle yava\u015f\u00e7a meydana gelir ve g\u00f6zl\u00fck kullananlar taraf\u0131ndan ancak g\u00f6rme yetileri \u00f6nemli \u00f6l\u00e7\u00fcde k\u00f6t\u00fcle\u015fti\u011finde fark edilir. Bu nedenle, do\u011fru re\u00e7ete y\u0131lda en az bir kez kontrol edilmelidir. Yakla\u015f\u0131k elli Binder Optik uzmanl\u0131k ma\u011fazam\u0131zda g\u00f6z testleri m\u00fc\u015fterilerimiz i\u00e7in \u00fccretsizdir.&#8221; Bir ba\u015fka avantaj: Binder Optik adresinde randevu almadan ve uzun bekleme s\u00fcreleri olmadan g\u00f6z testi yapt\u0131rmak m\u00fcmk\u00fcn.  <\/p>\n<\/div>\n\n\n\n<div class=\"wp-block-custom-column col col-6\"><style>.wp-block-image.alignright{margin:0 !important}.wp-block-image.alignleft{float:none !important}.wp-block-image .wp-element-caption{text-align:left}\n<\/style>\n<figure class=\"wp-block-image size-full\"><img loading=\"lazy\" decoding=\"async\" width=\"570\" height=\"570\" src=\"https:\/\/www.binder-optik.de\/wp-content\/uploads\/2023\/08\/Binder-Optik_Expertin_web.jpg\" alt=\"Binder Optik\" class=\"wp-image-2850\" title=\"\" srcset=\"https:\/\/www.binder-optik.de\/wp-content\/uploads\/2023\/08\/Binder-Optik_Expertin_web.jpg 570w, https:\/\/www.binder-optik.de\/wp-content\/uploads\/2023\/08\/Binder-Optik_Expertin_web-150x150.jpg 150w, https:\/\/www.binder-optik.de\/wp-content\/uploads\/2023\/08\/Binder-Optik_Expertin_web-300x300.jpg 300w, https:\/\/www.binder-optik.de\/wp-content\/uploads\/2023\/08\/Binder-Optik_Expertin_web-123x123.jpg 123w, https:\/\/www.binder-optik.de\/wp-content\/uploads\/2023\/08\/Binder-Optik_Expertin_web-524x524.jpg 524w\" sizes=\"auto, (max-width: 570px) 100vw, 570px\" \/><\/figure>\n<\/div>\n<\/div>\n<\/div><\/div><\/section>\n\n<section class=\"wp-block-custom-container alignwide block-content has-grau-background-color block-content--spacing-top\" style=\"background-color:#f5f5f5\"><div class=\"container container--wide\"><div class=\"container__body\">\n<h2 class=\"wp-block-heading\">Her zaman m\u00fckemmel donan\u0131m<\/h2>\n<\/div><\/div><\/section>\n\n<section class=\"wp-block-custom-container alignwide block-content has-grau-background-color block-content--spacing-top\" style=\"background-color:#f5f5f5\"><div class=\"container container--wide\"><div class=\"container__body\">\t<div class=\"acf-block block-teaser-accordion align\">\n\t\t<div  class=\"block-teaser-accordion-single\">\n\n\t\t\t<div class=\"block-teaser-accordion-single__wrapper\">\n\n\t\t\t\t<style>.block-teaser-accordion{display:flex;flex-flow:row wrap;margin:0 -10px}.block-teaser-accordion-single{width:100%;padding:0 10px;margin-bottom:2rem}@media (min-width: 1024px){.block-teaser-accordion-single{width:50%}}@media (min-width: 1380px){.block-teaser-accordion-single{width:33.33%;margin-bottom:2rem}}.block-teaser-accordion-single__wrapper{position:relative;display:block !important;min-height:100%;-webkit-box-shadow:0px 0px 15px 5px rgba(0,0,0,0.075);box-shadow:0px 0px 15px 5px rgba(0,0,0,0.075);overflow:hidden;padding:2.5rem 2rem}@media (min-width: 1200px){.block-teaser-accordion-single__wrapper{padding:3rem 2rem 2rem}}@media (min-width: 1380px){.block-teaser-accordion-single__wrapper{padding:4rem 3rem 3rem}}.block-teaser-accordion-single:nth-child(4n+1) .block-teaser-accordion-single__wrapper{background-color:#fde4d3}.block-teaser-accordion-single:nth-child(4n+2) .block-teaser-accordion-single__wrapper{background-color:#f9f09b}.block-teaser-accordion-single:nth-child(4n+3) .block-teaser-accordion-single__wrapper{background-color:#96cfbf}.block-teaser-accordion-single:nth-child(4n+4) .block-teaser-accordion-single__wrapper{background-color:#a5d6e3}.block-teaser-accordion-single__row{position:relative;display:flex;flex-wrap:wrap;z-index:1}.block-teaser-accordion-single__header{position:relative;width:100%}.block-teaser-accordion-single__header::after{content:'';display:block;width:22px;height:22px;position:absolute;top:calc(50% - 2.5rem);right:5px;transform:rotate(135deg) translateY(-50%);border:2px solid #2B2E34;border-width:2px 2px 0 0;transition:all .2s linear}@media (min-width: 1024px){.block-teaser-accordion-single__header::after{display:none}}.block-teaser-accordion-single__header.active::after{transform:rotate(-45deg) translateY(50%);margin-top:12px}.block-teaser-accordion-single__title{text-decoration:2px underline transparent;text-underline-offset:4px;transition:0.2s ease;hyphens:auto;cursor:pointer;padding-right:4rem}@media (min-width: 1024px){.block-teaser-accordion-single__title{cursor:unset;padding-right:0}}.block-teaser-accordion-single__img-wrapper{flex:0 0 100%;display:flex;justify-content:center;align-items:center;width:3rem;height:3rem;max-width:3rem;max-height:3rem;margin-bottom:1rem;text-align:center}@media (min-width: 1024px){.block-teaser-accordion-single__img-wrapper{width:5rem;height:5rem;max-width:5rem;max-height:5rem;margin-bottom:2rem}}.block-teaser-accordion-single__img-wrapper img{width:100%;height:100%;object-fit:contain}.block-teaser-accordion-single__content{display:none;flex:0 0 100%;max-width:100%;padding:2rem 0}@media (min-width: 1024px){.block-teaser-accordion-single__content{display:block !important}}\n<\/style>\t\t\t\t<div class=\"block-teaser-accordion-single__row\">\n\t\t\t\t\t\t\t\t\t\t<div class=\"block-teaser-accordion-single__header\">\t\n\t\t\t\t\t\t\t\t\t\t\t<\/div>\n\t\t\t\t\t\n\t\t\t\t\t<div class=\"block-teaser-accordion-single__content\">\n\t\t\t\t\t\t\t\t\t\t\t<h4><b>Daha fazla netlik i\u00e7in: yans\u0131ma \u00f6nleyici <\/b>kaplama ve y\u00fcksek \u00e7\u00f6z\u00fcn\u00fcrl\u00fckl\u00fc cam<\/h4>\n<p>Karanl\u0131k ve farlar, ayr\u0131ca \u0131slak ko\u015fullar ve kar: g\u00fc\u00e7l\u00fc yans\u0131malar\u0131n da e\u015flik etti\u011fi tehlikeli bir kombinasyon. Yans\u0131ma \u00f6nleyici camlar bu t\u00fcr \u0131\u015f\u0131k yans\u0131malar\u0131n\u0131 filtreler ve cam y\u00fczeyindeki yans\u0131malar\u0131 en aza indirir. &#8220;Bir uzman\u0131n bak\u0131\u015f a\u00e7\u0131s\u0131ndan bir ba\u015fka \u00f6neri de y\u00fcksek \u00e7\u00f6z\u00fcn\u00fcrl\u00fckl\u00fc camlara sahip g\u00f6zl\u00fcklerdir. Binder Optik adresinden Melanie Baur, &#8220;Bu camlar, artan alan derinli\u011fi sayesinde geleneksel camlara k\u0131yasla \u00e7ok daha hassas bir g\u00f6r\u00fc\u015f sa\u011fl\u0131yor&#8221; diyor.  <\/p>\n\t\t\t\t\t\t\t\t\t\t<\/div>\n\t\t\t\t<\/div>\n\t\t\t<\/div>\n\t\t<\/div>\n\t\t\t<div  class=\"block-teaser-accordion-single\">\n\n\t\t\t<div class=\"block-teaser-accordion-single__wrapper\">\n\n\t\t\t\t\t\t\t\t<div class=\"block-teaser-accordion-single__row\">\n\t\t\t\t\t\t\t\t\t\t<div class=\"block-teaser-accordion-single__header\">\t\n\t\t\t\t\t\t\t\t\t\t\t<\/div>\n\t\t\t\t\t\n\t\t\t\t\t<div class=\"block-teaser-accordion-single__content\">\n\t\t\t\t\t\t\t\t\t\t\t<h4><b>Polarize camlar: <\/b>\u0131slak yollarda <b>iyi <\/b>g\u00f6r\u00fc\u015f <b>i\u00e7in <\/b><\/h4>\n<p>Bug\u00fcnlerde g\u00fcne\u015f \u00e7ok az. Bu durum \u00f6zellikle g\u00f6zl\u00fck kullananlar i\u00e7in kritik ve rahats\u0131z edici. Uzman Baur dikkatli olunmas\u0131n\u0131 tavsiye ediyor: &#8220;Su y\u00fczeyleriyle birlikte, \u00f6rne\u011fin \u0131slak yollarda veya hatta karda, g\u00fc\u00e7l\u00fc parlamalar meydana gelebilir. Polarize camlar parlamay\u0131 tamamen \u00f6nledikleri i\u00e7in burada yard\u0131mc\u0131 olabilirler.&#8221;  <\/p>\n\t\t\t\t\t\t\t\t\t\t<\/div>\n\t\t\t\t<\/div>\n\t\t\t<\/div>\n\t\t<\/div>\n\t\t\t<div  class=\"block-teaser-accordion-single\">\n\n\t\t\t<div class=\"block-teaser-accordion-single__wrapper\">\n\n\t\t\t\t\t\t\t\t<div class=\"block-teaser-accordion-single__row\">\n\t\t\t\t\t\t\t\t\t\t<div class=\"block-teaser-accordion-single__header\">\t\n\t\t\t\t\t\t\t\t\t\t\t<\/div>\n\t\t\t\t\t\n\t\t\t\t\t<div class=\"block-teaser-accordion-single__content\">\n\t\t\t\t\t\t\t\t\t\t\t<h4><b>\u0130yi donan\u0131ml\u0131: <\/b>(varifokal) kontakt lensler<\/h4>\n<p>Spor merakl\u0131lar\u0131 ve k\u0131\u015f\u0131n da\u011flara gidenler i\u00e7in kontakt lenslerin eklenmesini \u00f6neriyoruz. Burada kaza riski g\u00f6zl\u00fcklere k\u0131yasla \u00e7ok daha d\u00fc\u015f\u00fckt\u00fcr. Kontakt lensler ayr\u0131ca daha fazla konfor sunar. Bu\u011fulanmazlar ve kar ve buza kar\u015f\u0131 duyars\u0131zd\u0131rlar. &#8220;Tavsiyem: tavsiye al\u0131n. Mevcut g\u00f6r\u00fc\u015f\u00fcn\u00fcz\u00fc \u00f6l\u00e7ece\u011fiz, do\u011fru lensleri belirleyece\u011fiz ve hen\u00fcz al\u0131\u015f\u0131k de\u011filseniz yerinde birlikte takma al\u0131\u015ft\u0131rmas\u0131 yapaca\u011f\u0131z&#8221; diyor Melanie Baur. Binder Optik adresinde \u00f6zellikle \u00f6ne \u00e7\u0131kan \u00fcr\u00fcnlerden biri, g\u00f6rme bozuklu\u011fu olan ki\u015filerin her mesafede optimum g\u00f6r\u00fc\u015fe ula\u015fmas\u0131n\u0131 sa\u011flayan de\u011fi\u015fken odakl\u0131 kontakt lensler. Bu sadece sporcular i\u00e7in de\u011fil, ayn\u0131 zamanda bilgisayarda \u00e7al\u0131\u015fmak, tiyatroya gitmek, araba kullanmak veya kitap okumak i\u00e7in de i\u015fe yar\u0131yor. Uzman, &#8220;Kontakt lenslerin do\u011fru se\u00e7im olup olmad\u0131\u011f\u0131ndan hala emin de\u011filseniz, randevu almadan bile \u00fccretsiz olarak deneyebilirsiniz&#8221; diyor.       <\/p>\n\t\t\t\t\t\t\t\t\t\t<\/div>\n\t\t\t\t<\/div>\n\t\t\t<\/div>\n\t\t<\/div>\n\t\t<\/div>\n<\/div><\/div><\/section>\n\n<section class=\"wp-block-custom-container alignwide block-content  block-content--spacing-top block-content--spacing-bottom\"><div class=\"container container--wide\"><div class=\"container__body\">\n<section class=\"wp-block-custom-container alignwide block-content  has-gelb-background-color\" style=\"background-color:#FFFF00\"><div class=\"container container--wide\"><div class=\"container__body\"><style>.wp-block-columns.are-vertically-aligned-center{gap:1em;margin-bottom:.5rem}@media (min-width: 992px){.wp-block-columns.are-vertically-aligned-center{margin-bottom:1rem}}.wp-block-columns.are-vertically-aligned-center :last-child{margin-bottom:0}.wp-block-columns.are-vertically-aligned-center figure{margin-bottom:0}.wp-block-columns.no-margin{margin-bottom:0 !important}@media (max-width: 991px){.wp-block-columns.hide-mobile{display:none}}:where(.wp-block-columns.is-layout-flex){gap:1em}\n<\/style>\n<div class=\"wp-block-columns are-vertically-aligned-center is-layout-flex wp-container-core-columns-is-layout-1 wp-block-columns-is-layout-flex\">\n<div class=\"wp-block-column is-vertically-aligned-center is-layout-flow wp-block-column-is-layout-flow\" style=\"flex-basis:66.66%\">\n<h2 class=\"wp-block-heading\"><strong>B\u00fclten kayd\u0131<\/strong><\/h2>\n\n\n\n<p>Haber b\u00fcltenine \u015fimdi abone olun ve 20 Euro de\u011ferinde Binder Optik al\u0131\u015fveri\u015f \u00e7eki kazan\u0131n.<\/p>\n\n\n\n<div class=\"wp-block-buttons is-layout-flex wp-block-buttons-is-layout-flex\"><style>.wp-block-button{margin:0 0 3rem}.wp-block-button:last-child,.wp-block-button:only-child{margin-bottom:0}.wp-block-button.align-center{text-align:center}.wp-block-button.align-right{text-align:right}.wp-block-columns+.wp-block-button{margin-top:6.3rem}.wp-block-button__link{display:inline-block;padding:1.8rem 1.8rem;font-weight:600;text-align:center;text-decoration:none;color:#2B2E34;border:2px solid #FFFA00;border-radius:.5rem;background-color:#FFFA00;cursor:pointer;font-size:1.6rem;line-height:1}@media (min-width: 1380px){.wp-block-button__link{padding:1.8rem 3.8rem;font-size:1.8rem;line-height:1}}.wp-block-button:not(.is-style-link-only):not(.is-style-outline):not(.is-style-fill-secondary) .wp-block-button__link{position:relative}.wp-block-button:not(.is-style-link-only):not(.is-style-outline):not(.is-style-fill-secondary) .wp-block-button__link:hover,.wp-block-button:not(.is-style-link-only):not(.is-style-outline):not(.is-style-fill-secondary) .wp-block-button__link:focus{color:#fff;border-color:#00597E;background-color:#00597E}.wp-block-button .wp-block-button__link{transition:.2s}.is-style-fill-secondary .wp-block-button__link{color:#fff;border-color:#00597E;background-color:#00597E}.is-style-fill-secondary .wp-block-button__link:hover,.is-style-fill-secondary .wp-block-button__link:focus{color:#2B2E34;border-color:#FFFA00;background-color:#FFFA00}.is-style-outline .wp-block-button__link{padding:1.8rem 1.8rem !important;color:#00597E !important;border-color:#00597E;background-color:transparent}@media (min-width: 1380px){.is-style-outline .wp-block-button__link{padding:1.8rem 3.8rem !important}}.is-style-outline .wp-block-button__link:hover,.is-style-outline .wp-block-button__link:focus{color:#fff !important;border-color:#00597E !important;background-color:#00597E !important}.is-style-link-only .wp-block-button__link{min-width:0;padding:0;padding-right:2rem;position:relative;font-weight:600;color:#00597E;letter-spacing:0;text-transform:none;border:none;background-color:transparent;transition:color .2s,text-decoration-color .2s;font-size:1.8rem;line-height:1}.is-style-link-only .wp-block-button__link::after{content:'';display:inline-block;width:8px;height:13px;position:absolute;top:50%;right:0;transform:translate(0, -50%);background-image:url(\"https:\/\/www.binder-optik.de\/wp-content\/themes\/ATLAS\/images\/svg\/button_arrow-right_secondary.svg\");background-repeat:no-repeat;background-size:contain;transition:right 0.2s}.is-style-link-only .wp-block-button__link:hover::after,.is-style-link-only .wp-block-button__link:focus::after{right:-5px}\n<\/style>\n<div class=\"wp-block-button is-style-fill-secondary\"><a class=\"wp-block-button__link wp-element-button\" href=\"https:\/\/www.binder-optik.de\/tr\/buelten-kaydi\/\">Kay\u0131t i\u00e7in<\/a><\/div>\n<\/div>\n<\/div>\n\n\n\n<div class=\"wp-block-column is-vertically-aligned-center is-layout-flow wp-block-column-is-layout-flow\" style=\"flex-basis:33.33%\">\n<figure class=\"wp-block-image size-full\"><img loading=\"lazy\" decoding=\"async\" width=\"902\" height=\"625\" src=\"https:\/\/www.binder-optik.de\/wp-content\/uploads\/2025\/05\/2023_10_05-Newsletter-Anmeldung_433x300-1_EN.jpg\" alt=\"Binder Optik\" class=\"wp-image-19189\" title=\"\" srcset=\"https:\/\/www.binder-optik.de\/wp-content\/uploads\/2025\/05\/2023_10_05-Newsletter-Anmeldung_433x300-1_EN.jpg 902w, https:\/\/www.binder-optik.de\/wp-content\/uploads\/2025\/05\/2023_10_05-Newsletter-Anmeldung_433x300-1_EN-300x208.jpg 300w, https:\/\/www.binder-optik.de\/wp-content\/uploads\/2025\/05\/2023_10_05-Newsletter-Anmeldung_433x300-1_EN-768x532.jpg 768w, https:\/\/www.binder-optik.de\/wp-content\/uploads\/2025\/05\/2023_10_05-Newsletter-Anmeldung_433x300-1_EN-524x363.jpg 524w\" sizes=\"auto, (max-width: 902px) 100vw, 902px\" \/><\/figure>\n<\/div>\n<\/div>\n<\/div><\/div><\/section>\n<\/div><\/div><\/section>\n","protected":false},"excerpt":{"rendered":"","protected":false},"author":13,"featured_media":15084,"comment_status":"closed","ping_status":"closed","sticky":false,"template":"","format":"standard","meta":{"_acf_changed":false,"footnotes":""},"categories":[1],"tags":[],"class_list":["post-17986","post","type-post","status-publish","format-standard","has-post-thumbnail","hentry","category-kategorize-edilmemis"],"acf":[],"publishpress_future_action":{"enabled":false,"date":"2026-05-08 16:40:43","action":"change-status","newStatus":"draft","terms":[],"taxonomy":"category","extraData":[]},"publishpress_future_workflow_manual_trigger":{"enabledWorkflows":[]},"_links":{"self":[{"href":"https:\/\/www.binder-optik.de\/tr\/wp-json\/wp\/v2\/posts\/17986","targetHints":{"allow":["GET"]}}],"collection":[{"href":"https:\/\/www.binder-optik.de\/tr\/wp-json\/wp\/v2\/posts"}],"about":[{"href":"https:\/\/www.binder-optik.de\/tr\/wp-json\/wp\/v2\/types\/post"}],"author":[{"embeddable":true,"href":"https:\/\/www.binder-optik.de\/tr\/wp-json\/wp\/v2\/users\/13"}],"replies":[{"embeddable":true,"href":"https:\/\/www.binder-optik.de\/tr\/wp-json\/wp\/v2\/comments?post=17986"}],"version-history":[{"count":1,"href":"https:\/\/www.binder-optik.de\/tr\/wp-json\/wp\/v2\/posts\/17986\/revisions"}],"predecessor-version":[{"id":17987,"href":"https:\/\/www.binder-optik.de\/tr\/wp-json\/wp\/v2\/posts\/17986\/revisions\/17987"}],"wp:featuredmedia":[{"embeddable":true,"href":"https:\/\/www.binder-optik.de\/tr\/wp-json\/wp\/v2\/media\/15084"}],"wp:attachment":[{"href":"https:\/\/www.binder-optik.de\/tr\/wp-json\/wp\/v2\/media?parent=17986"}],"wp:term":[{"taxonomy":"category","embeddable":true,"href":"https:\/\/www.binder-optik.de\/tr\/wp-json\/wp\/v2\/categories?post=17986"},{"taxonomy":"post_tag","embeddable":true,"href":"https:\/\/www.binder-optik.de\/tr\/wp-json\/wp\/v2\/tags?post=17986"}],"curies":[{"name":"wp","href":"https:\/\/api.w.org\/{rel}","templated":true}]}}