{"id":17983,"date":"2019-01-15T14:42:04","date_gmt":"2019-01-15T13:42:04","guid":{"rendered":"https:\/\/www.binder-optik.de\/birincilik-icin-binder-optik\/"},"modified":"2025-04-15T14:47:01","modified_gmt":"2025-04-15T12:47:01","slug":"birincilik-icin-binder-optik","status":"publish","type":"post","link":"https:\/\/www.binder-optik.de\/tr\/birincilik-icin-binder-optik\/","title":{"rendered":"Birincilik i\u00e7in Binder Optik"},"content":{"rendered":"\n<section class=\"wp-block-custom-container alignwide block-content  block-content--spacing-top block-content--margin-top\"><style>.block-content{position:relative}.block-content--spacing-top{padding-top:2rem}@media (min-width: 992px){.block-content--spacing-top{padding-top:4rem}}.block-content--spacing-bottom{padding-bottom:2rem}@media (min-width: 992px){.block-content--spacing-bottom{padding-bottom:4rem}}.block-content--margin-top{margin-top:2rem}@media (min-width: 992px){.block-content--margin-top{margin-top:4rem}}.block-content--margin-bottom{margin-bottom:2rem}@media (min-width: 992px){.block-content--margin-bottom{margin-bottom:4rem}}.block-content.z-index{position:relative;z-index:2}.block-content .container{position:relative;z-index:1}.block-content .container--full{padding:0}.block-content .container .container{padding:2rem}@media (min-width: 992px){.block-content .container .container{padding:4rem}}.block-content .container-overlay{position:absolute;z-index:0;top:0;right:0;bottom:0;left:0}.block-content.career-container{margin-top:-8rem;z-index:2;pointer-events:none}.block-content.career-container .block-content{pointer-events:all;-webkit-box-shadow:0px 0px 15px 5px rgba(0,0,0,0.1);box-shadow:0px 0px 15px 5px rgba(0,0,0,0.1)}.block-content.career-container .wp-block-custom-column{margin-bottom:0}\n<\/style><div class=\"container container--wide\"><div class=\"container__body\">\n<p class=\"is-style-subheading\">15 Ocak 2019<\/p>\n\n\n\n<h1 class=\"wp-block-heading\">Birincilik i\u00e7in Binder Optik<\/h1>\n\n\n\n<div class=\"wp-block-custom-spacing spacing-element spacing-mobile--small spacing-tablet--small spacing-small-desktop--small spacing-desktop--small\"><\/div>\n<\/div><\/div><\/section>\n\n<section class=\"wp-block-custom-container alignwide block-content\"><div class=\"container container--wide\"><div class=\"container__body\">\n<div class=\"wp-block-custom-columns columns-row row\"><style>.columns-row--spacing-top{padding-top:2rem}@media (min-width: 992px){.columns-row--spacing-top{padding-top:4rem}}.columns-row--spacing-bottom{padding-bottom:2rem}@media (min-width: 992px){.columns-row--spacing-bottom{padding-bottom:4rem}}.columns-row--margin-top{margin-top:2rem}@media (min-width: 992px){.columns-row--margin-top{margin-top:4rem}}.columns-row--margin-bottom{margin-bottom:2rem}@media (min-width: 992px){.columns-row--margin-bottom{margin-bottom:4rem}}\n<\/style>\n<div class=\"wp-block-custom-column col col-6\">\n<p>Alman Hizmet Kalitesi Enstit\u00fcs\u00fc, aile \u015firketi Binder Optik&#8217;a \u00c7OK \u0130Y\u0130 derecesi verdi.<\/p>\n\n\n\n<p>\u00d6nde gelen on optik ma\u011faza zinciri Alman Hizmet Kalitesi Enstit\u00fcs\u00fc taraf\u0131ndan incelendi. Dominic Baur, Binder Optik Genel M\u00fcd\u00fcr\u00fc : Orta \u00f6l\u00e7ekli \u015firketimiz, analiz edilen sekiz kategorinin tamam\u0131nda &#8220;\u00e7ok iyi&#8221; kalite derecesine lay\u0131k g\u00f6r\u00fcld\u00fc. Kapsaml\u0131 de\u011ferlendirme, di\u011ferlerinin yan\u0131 s\u0131ra dan\u0131\u015fmanl\u0131k uzmanl\u0131\u011f\u0131, ileti\u015fim kalitesi, bekleme s\u00fcreleri ve eri\u015filebilirlik, \u00fcr\u00fcn yelpazesi ve dan\u0131\u015fmanl\u0131k deneyimi alanlar\u0131nda ger\u00e7ekle\u015ftirildi.  <\/p>\n\n\n\n<p>Alman Hizmet Kalitesi Enstit\u00fcs\u00fc (DISQ), gazeteler ve televizyon kanallar\u0131 ad\u0131na \u015firketlerin hizmet kalitesi \u00fczerine \u00e7al\u0131\u015fmalar y\u00fcr\u00fcten bir pazar ara\u015ft\u0131rma enstit\u00fcs\u00fcd\u00fcr. M\u00fc\u015fterileri aras\u0131nda n-tv, wiso, Computer-Bild ve Handelsblatt gibi tan\u0131nm\u0131\u015f medya kurulu\u015flar\u0131 bulunmaktad\u0131r. <\/p>\n<\/div>\n\n\n\n<div class=\"wp-block-custom-column col col-6\"><style>.wp-block-image.alignright{margin:0 !important}.wp-block-image.alignleft{float:none !important}.wp-block-image .wp-element-caption{text-align:left}\n<\/style>\n<figure class=\"wp-block-image size-full\"><img loading=\"lazy\" decoding=\"async\" width=\"508\" height=\"411\" src=\"https:\/\/www.binder-optik.de\/wp-content\/uploads\/2023\/08\/News_Siegel_Testsieger.jpg\" alt=\"Binder Optik\" class=\"wp-image-2838\" title=\"\" srcset=\"https:\/\/www.binder-optik.de\/wp-content\/uploads\/2023\/08\/News_Siegel_Testsieger.jpg 508w, https:\/\/www.binder-optik.de\/wp-content\/uploads\/2023\/08\/News_Siegel_Testsieger-300x243.jpg 300w\" sizes=\"auto, (max-width: 508px) 100vw, 508px\" \/><\/figure>\n<\/div>\n<\/div>\n\n\n\n<p>Uzman ma\u011fazalar Ekim ve Kas\u0131m 2018 tarihleri aras\u0131nda \u00e7e\u015fitli zamanlarda ziyaret edilmi\u015ftir. Test m\u00fc\u015fterileri, \u00e7e\u015fitli konu alanlar\u0131nda verilen tavsiyelerin kalitesini analiz etti. T\u00fcm alanlarda Binder Optik, g\u00fcler y\u00fczl\u00fc personel ile yap\u0131lan g\u00f6r\u00fc\u015fmelerin y\u00fcksek kalitesi sayesinde \u00f6zellikle iyi puan ald\u0131. G\u00f6r\u00fc\u015fmeler her zaman yap\u0131land\u0131r\u0131lm\u0131\u015f, cevaplar do\u011fru ve profesyonel olarak yeterliydi. M\u00fc\u015fteri i\u00e7in bu g\u00f6r\u00fc\u015fmeler, sa\u011flay\u0131c\u0131lar\u0131n kar\u015f\u0131la\u015ft\u0131r\u0131lmas\u0131nda en b\u00fcy\u00fck katma de\u011feri yaratt\u0131.    <\/p>\n\n\n\n<p>Dominic Baur s\u00f6zlerine \u015f\u00f6yle devam ediyor: &#8220;Optik sekt\u00f6r\u00fcndeki tedarik\u00e7iler aras\u0131ndaki temel farklar \u00e7er\u00e7eve veya lens gibi \u00fcr\u00fcnlerde de\u011fil, belirleyici fakt\u00f6r m\u00fc\u015fteriye verilen tavsiye ve hizmetin kalitesindedir. Bu \u00fcnl\u00fc enstit\u00fcn\u00fcn testlerinin bizi en iyi optik perakendecisi olarak ilan etmesi, s\u00fcrekli olarak en son teknolojiye yat\u0131r\u0131m yapt\u0131\u011f\u0131m\u0131z ve personel e\u011fitimimizin tan\u0131nm\u0131\u015f bir \u00fcst seviyeye ula\u015ft\u0131\u011f\u0131 \u015firket felsefemizi do\u011frulamaktad\u0131r. T\u00fcketici i\u00e7in bu, y\u00fcksek d\u00fczeyde g\u00fcvenlik anlam\u0131na geliyor.&#8221;<\/p>\n<\/div><\/div><\/section>\n\n<section class=\"wp-block-custom-container alignwide block-content  block-content--spacing-top block-content--spacing-bottom\"><div class=\"container container--wide\"><div class=\"container__body\">\n<section class=\"wp-block-custom-container alignwide block-content  has-gelb-background-color\" style=\"background-color:#FFFF00\"><div class=\"container container--wide\"><div class=\"container__body\"><style>.wp-block-columns.are-vertically-aligned-center{gap:1em;margin-bottom:.5rem}@media (min-width: 992px){.wp-block-columns.are-vertically-aligned-center{margin-bottom:1rem}}.wp-block-columns.are-vertically-aligned-center :last-child{margin-bottom:0}.wp-block-columns.are-vertically-aligned-center figure{margin-bottom:0}.wp-block-columns.no-margin{margin-bottom:0 !important}@media (max-width: 991px){.wp-block-columns.hide-mobile{display:none}}:where(.wp-block-columns.is-layout-flex){gap:1em}\n<\/style>\n<div class=\"wp-block-columns are-vertically-aligned-center is-layout-flex wp-container-core-columns-is-layout-1 wp-block-columns-is-layout-flex\">\n<div class=\"wp-block-column is-vertically-aligned-center is-layout-flow wp-block-column-is-layout-flow\" style=\"flex-basis:66.66%\">\n<h2 class=\"wp-block-heading\"><strong>B\u00fclten kayd\u0131<\/strong><\/h2>\n\n\n\n<p>Haber b\u00fcltenine \u015fimdi abone olun ve 20 Euro de\u011ferinde Binder Optik al\u0131\u015fveri\u015f \u00e7eki kazan\u0131n.<\/p>\n\n\n\n<div class=\"wp-block-buttons is-layout-flex wp-block-buttons-is-layout-flex\"><style>.wp-block-button{margin:0 0 3rem}.wp-block-button:last-child,.wp-block-button:only-child{margin-bottom:0}.wp-block-button.align-center{text-align:center}.wp-block-button.align-right{text-align:right}.wp-block-columns+.wp-block-button{margin-top:6.3rem}.wp-block-button__link{display:inline-block;padding:1.8rem 1.8rem;font-weight:600;text-align:center;text-decoration:none;color:#2B2E34;border:2px solid #FFFA00;border-radius:.5rem;background-color:#FFFA00;cursor:pointer;font-size:1.6rem;line-height:1}@media (min-width: 1380px){.wp-block-button__link{padding:1.8rem 3.8rem;font-size:1.8rem;line-height:1}}.wp-block-button:not(.is-style-link-only):not(.is-style-outline):not(.is-style-fill-secondary) .wp-block-button__link{position:relative}.wp-block-button:not(.is-style-link-only):not(.is-style-outline):not(.is-style-fill-secondary) .wp-block-button__link:hover,.wp-block-button:not(.is-style-link-only):not(.is-style-outline):not(.is-style-fill-secondary) .wp-block-button__link:focus{color:#fff;border-color:#00597E;background-color:#00597E}.wp-block-button .wp-block-button__link{transition:.2s}.is-style-fill-secondary .wp-block-button__link{color:#fff;border-color:#00597E;background-color:#00597E}.is-style-fill-secondary .wp-block-button__link:hover,.is-style-fill-secondary .wp-block-button__link:focus{color:#2B2E34;border-color:#FFFA00;background-color:#FFFA00}.is-style-outline .wp-block-button__link{padding:1.8rem 1.8rem !important;color:#00597E !important;border-color:#00597E;background-color:transparent}@media (min-width: 1380px){.is-style-outline .wp-block-button__link{padding:1.8rem 3.8rem !important}}.is-style-outline .wp-block-button__link:hover,.is-style-outline .wp-block-button__link:focus{color:#fff !important;border-color:#00597E !important;background-color:#00597E !important}.is-style-link-only .wp-block-button__link{min-width:0;padding:0;padding-right:2rem;position:relative;font-weight:600;color:#00597E;letter-spacing:0;text-transform:none;border:none;background-color:transparent;transition:color .2s,text-decoration-color .2s;font-size:1.8rem;line-height:1}.is-style-link-only .wp-block-button__link::after{content:'';display:inline-block;width:8px;height:13px;position:absolute;top:50%;right:0;transform:translate(0, -50%);background-image:url(\"https:\/\/www.binder-optik.de\/wp-content\/themes\/ATLAS\/images\/svg\/button_arrow-right_secondary.svg\");background-repeat:no-repeat;background-size:contain;transition:right 0.2s}.is-style-link-only .wp-block-button__link:hover::after,.is-style-link-only .wp-block-button__link:focus::after{right:-5px}\n<\/style>\n<div class=\"wp-block-button is-style-fill-secondary\"><a class=\"wp-block-button__link wp-element-button\" href=\"https:\/\/www.binder-optik.de\/tr\/buelten-kaydi\/\">Kay\u0131t i\u00e7in<\/a><\/div>\n<\/div>\n<\/div>\n\n\n\n<div class=\"wp-block-column is-vertically-aligned-center is-layout-flow wp-block-column-is-layout-flow\" style=\"flex-basis:33.33%\">\n<figure class=\"wp-block-image size-full\"><img loading=\"lazy\" decoding=\"async\" width=\"902\" height=\"625\" src=\"https:\/\/www.binder-optik.de\/wp-content\/uploads\/2025\/05\/2023_10_05-Newsletter-Anmeldung_433x300-1_EN.jpg\" alt=\"Binder Optik\" class=\"wp-image-19189\" title=\"\" srcset=\"https:\/\/www.binder-optik.de\/wp-content\/uploads\/2025\/05\/2023_10_05-Newsletter-Anmeldung_433x300-1_EN.jpg 902w, https:\/\/www.binder-optik.de\/wp-content\/uploads\/2025\/05\/2023_10_05-Newsletter-Anmeldung_433x300-1_EN-300x208.jpg 300w, https:\/\/www.binder-optik.de\/wp-content\/uploads\/2025\/05\/2023_10_05-Newsletter-Anmeldung_433x300-1_EN-768x532.jpg 768w, https:\/\/www.binder-optik.de\/wp-content\/uploads\/2025\/05\/2023_10_05-Newsletter-Anmeldung_433x300-1_EN-524x363.jpg 524w\" sizes=\"auto, (max-width: 902px) 100vw, 902px\" \/><\/figure>\n<\/div>\n<\/div>\n<\/div><\/div><\/section>\n<\/div><\/div><\/section>\n","protected":false},"excerpt":{"rendered":"","protected":false},"author":13,"featured_media":15072,"comment_status":"closed","ping_status":"closed","sticky":false,"template":"","format":"standard","meta":{"_acf_changed":false,"footnotes":""},"categories":[1],"tags":[],"class_list":["post-17983","post","type-post","status-publish","format-standard","has-post-thumbnail","hentry","category-kategorize-edilmemis"],"acf":[],"publishpress_future_action":{"enabled":false,"date":"2026-05-08 16:17:36","action":"change-status","newStatus":"draft","terms":[],"taxonomy":"category","extraData":[]},"publishpress_future_workflow_manual_trigger":{"enabledWorkflows":[]},"_links":{"self":[{"href":"https:\/\/www.binder-optik.de\/tr\/wp-json\/wp\/v2\/posts\/17983","targetHints":{"allow":["GET"]}}],"collection":[{"href":"https:\/\/www.binder-optik.de\/tr\/wp-json\/wp\/v2\/posts"}],"about":[{"href":"https:\/\/www.binder-optik.de\/tr\/wp-json\/wp\/v2\/types\/post"}],"author":[{"embeddable":true,"href":"https:\/\/www.binder-optik.de\/tr\/wp-json\/wp\/v2\/users\/13"}],"replies":[{"embeddable":true,"href":"https:\/\/www.binder-optik.de\/tr\/wp-json\/wp\/v2\/comments?post=17983"}],"version-history":[{"count":1,"href":"https:\/\/www.binder-optik.de\/tr\/wp-json\/wp\/v2\/posts\/17983\/revisions"}],"predecessor-version":[{"id":17984,"href":"https:\/\/www.binder-optik.de\/tr\/wp-json\/wp\/v2\/posts\/17983\/revisions\/17984"}],"wp:featuredmedia":[{"embeddable":true,"href":"https:\/\/www.binder-optik.de\/tr\/wp-json\/wp\/v2\/media\/15072"}],"wp:attachment":[{"href":"https:\/\/www.binder-optik.de\/tr\/wp-json\/wp\/v2\/media?parent=17983"}],"wp:term":[{"taxonomy":"category","embeddable":true,"href":"https:\/\/www.binder-optik.de\/tr\/wp-json\/wp\/v2\/categories?post=17983"},{"taxonomy":"post_tag","embeddable":true,"href":"https:\/\/www.binder-optik.de\/tr\/wp-json\/wp\/v2\/tags?post=17983"}],"curies":[{"name":"wp","href":"https:\/\/api.w.org\/{rel}","templated":true}]}}