{"id":17977,"date":"2018-05-26T13:00:29","date_gmt":"2018-05-26T11:00:29","guid":{"rendered":"https:\/\/www.binder-optik.de\/480-yillik-deneyim-agirliginca-altin-degerinde\/"},"modified":"2025-04-15T14:46:58","modified_gmt":"2025-04-15T12:46:58","slug":"480-yillik-deneyim-agirliginca-altin-degerinde","status":"publish","type":"post","link":"https:\/\/www.binder-optik.de\/tr\/480-yillik-deneyim-agirliginca-altin-degerinde\/","title":{"rendered":"480 y\u0131ll\u0131k deneyim, a\u011f\u0131rl\u0131\u011f\u0131nca alt\u0131n de\u011ferinde"},"content":{"rendered":"\n<section class=\"wp-block-custom-container alignwide block-content  block-content--spacing-top block-content--margin-top\"><style>.block-content{position:relative}.block-content--spacing-top{padding-top:2rem}@media (min-width: 992px){.block-content--spacing-top{padding-top:4rem}}.block-content--spacing-bottom{padding-bottom:2rem}@media (min-width: 992px){.block-content--spacing-bottom{padding-bottom:4rem}}.block-content--margin-top{margin-top:2rem}@media (min-width: 992px){.block-content--margin-top{margin-top:4rem}}.block-content--margin-bottom{margin-bottom:2rem}@media (min-width: 992px){.block-content--margin-bottom{margin-bottom:4rem}}.block-content.z-index{position:relative;z-index:2}.block-content .container{position:relative;z-index:1}.block-content .container--full{padding:0}.block-content .container .container{padding:2rem}@media (min-width: 992px){.block-content .container .container{padding:4rem}}.block-content .container-overlay{position:absolute;z-index:0;top:0;right:0;bottom:0;left:0}.block-content.career-container{margin-top:-8rem;z-index:2;pointer-events:none}.block-content.career-container .block-content{pointer-events:all;-webkit-box-shadow:0px 0px 15px 5px rgba(0,0,0,0.1);box-shadow:0px 0px 15px 5px rgba(0,0,0,0.1)}.block-content.career-container .wp-block-custom-column{margin-bottom:0}\n<\/style><div class=\"container container--wide\"><div class=\"container__body\">\n<p class=\"is-style-subheading\">26 May\u0131s 2018<\/p>\n\n\n\n<h1 class=\"wp-block-heading\">480 y\u0131ll\u0131k deneyim, a\u011f\u0131rl\u0131\u011f\u0131nca alt\u0131n de\u011ferinde<\/h1>\n\n\n\n<div class=\"wp-block-custom-spacing spacing-element spacing-mobile--small spacing-tablet--small spacing-small-desktop--small spacing-desktop--small\"><\/div>\n<\/div><\/div><\/section>\n\n<section class=\"wp-block-custom-container alignwide block-content\"><div class=\"container container--wide\"><div class=\"container__body\">\n<div class=\"wp-block-custom-columns columns-row row\"><style>.columns-row--spacing-top{padding-top:2rem}@media (min-width: 992px){.columns-row--spacing-top{padding-top:4rem}}.columns-row--spacing-bottom{padding-bottom:2rem}@media (min-width: 992px){.columns-row--spacing-bottom{padding-bottom:4rem}}.columns-row--margin-top{margin-top:2rem}@media (min-width: 992px){.columns-row--margin-top{margin-top:4rem}}.columns-row--margin-bottom{margin-bottom:2rem}@media (min-width: 992px){.columns-row--margin-bottom{margin-bottom:4rem}}\n<\/style>\n<div class=\"wp-block-custom-column col col-6\">\n<p>Birlikte, optisyen olarak 480 y\u0131l\u0131 a\u015fk\u0131n profesyonel deneyime sahipler. Dr. Baur s\u00f6zlerine \u015f\u00f6yle devam ediyor: &#8220;Uzman ma\u011fazalar\u0131m\u0131zda sadece hedeflere ula\u015fmak i\u00e7in birlikte \u00e7al\u0131\u015fmakla kalm\u0131yor, ayn\u0131 zamanda ba\u015far\u0131lar\u0131 da kutluyoruz.&#8221; <\/p>\n\n\n\n<p>\u00d6d\u00fcl t\u00f6reni Ehningen&#8217;in Michelin y\u0131ld\u0131zl\u0131 restoran\u0131 &#8220;Landhaus Feckl &#8220;de ortak bir \u00f6\u011fle yeme\u011fi s\u0131ras\u0131nda ger\u00e7ekle\u015fti. Sertifikalar\u0131n, \u00e7i\u00e7eklerin, k\u00f6p\u00fckl\u00fc \u015farab\u0131n ve alt\u0131n k\u00fcl\u00e7elerin sunulmas\u0131yla tamamland\u0131. Yemek s\u0131ras\u0131nda son birka\u00e7 y\u0131ld\u0131r payla\u015f\u0131lan pek \u00e7ok farkl\u0131 deneyim kar\u015f\u0131l\u0131kl\u0131 olarak payla\u015f\u0131ld\u0131. Dominic Baur, Binder Optik Genel M\u00fcd\u00fcr\u00fc: &#8220;\u00c7al\u0131\u015fanlar\u0131n kar\u015f\u0131la\u015ft\u0131\u011f\u0131 zorluklar ve m\u00fc\u015fterilerin talepleri giderek art\u0131yor. M\u00fc\u015fteri memnuniyeti ve \u00e7al\u0131\u015fan memnuniyeti bizim en \u00f6nemli \u00f6nceliklerimizdir. Bunlara \u00f6zellikle dikkat ediyoruz.&#8221;   <\/p>\n<\/div>\n\n\n\n<div class=\"wp-block-custom-column col col-6\"><style>.wp-block-image.alignright{margin:0 !important}.wp-block-image.alignleft{float:none !important}.wp-block-image .wp-element-caption{text-align:left}\n<\/style>\n<figure class=\"wp-block-image size-full\"><img loading=\"lazy\" decoding=\"async\" width=\"570\" height=\"328\" src=\"https:\/\/www.binder-optik.de\/wp-content\/uploads\/2023\/08\/PR-2014-10-Jubilaeum.jpg\" alt=\"Binder Optik\" class=\"wp-image-2846\" title=\"\" srcset=\"https:\/\/www.binder-optik.de\/wp-content\/uploads\/2023\/08\/PR-2014-10-Jubilaeum.jpg 570w, https:\/\/www.binder-optik.de\/wp-content\/uploads\/2023\/08\/PR-2014-10-Jubilaeum-300x173.jpg 300w, https:\/\/www.binder-optik.de\/wp-content\/uploads\/2023\/08\/PR-2014-10-Jubilaeum-524x302.jpg 524w\" sizes=\"auto, (max-width: 570px) 100vw, 570px\" \/><\/figure>\n<\/div>\n<\/div>\n\n\n\n<p>DISQ (Deutsches Institut f\u00fcr Service-Qualit\u00e4t GmbH &amp; Co. KG) taraf\u0131ndan k\u0131sa s\u00fcre \u00f6nce ger\u00e7ekle\u015ftirilen bir m\u00fc\u015fteri anketi, Binder Optik &#8216;un d\u00f6rt kez &#8220;\u00e7ok iyi&#8221; kalite derecesine lay\u0131k g\u00f6r\u00fclmesiyle bu s\u00f6zlerin hayata ge\u00e7irildi\u011fini g\u00f6stermektedir. Binder Optik d\u0131\u015f\u0131nda t\u00fcm Almanya&#8217;da sadece iki optisyen daha bu \u00f6d\u00fcl\u00fc alm\u0131\u015ft\u0131r. <\/p>\n\n\n\n<p>30 y\u0131l i\u00e7in onurland\u0131r\u0131lanlar: Martin Habicht, Dieter Domack, Sabine Maderer, Rudolf Hildebrand, 25 y\u0131l i\u00e7in: Katharina Wehle, Daniela Kaiser-Bensel, 20 y\u0131l i\u00e7in: Daniela Klee, B\u00e4rbel Buchhauser, Gerlinde Sauterleute, Olivija Tadic, Sabine Sch\u00e4dler, Yvonne F\u00fcller, Carmelina Cafiso-Barone, Eva Schneele, 10 y\u0131l i\u00e7in: Jeannette Me\u00dfmer-Krau\u00df, Stefanie Pampusch, Ina H\u00f6rer, Laura Miletic, Janine Lindner, Andrea Grube, Martin Wenzel, Anita Kimmerle, Katja Speckmaier, Thomas M\u00f6hler, Maria M\u00f6hler, Marlen Wrobel, Olessja Pietrucha, Christiane Nitschke ve Iwona Mlodecka.<\/p>\n<\/div><\/div><\/section>\n\n<section class=\"wp-block-custom-container alignwide block-content  block-content--spacing-top block-content--spacing-bottom\"><div class=\"container container--wide\"><div class=\"container__body\">\n<section class=\"wp-block-custom-container alignwide block-content  has-gelb-background-color\" style=\"background-color:#FFFF00\"><div class=\"container container--wide\"><div class=\"container__body\"><style>.wp-block-columns.are-vertically-aligned-center{gap:1em;margin-bottom:.5rem}@media (min-width: 992px){.wp-block-columns.are-vertically-aligned-center{margin-bottom:1rem}}.wp-block-columns.are-vertically-aligned-center :last-child{margin-bottom:0}.wp-block-columns.are-vertically-aligned-center figure{margin-bottom:0}.wp-block-columns.no-margin{margin-bottom:0 !important}@media (max-width: 991px){.wp-block-columns.hide-mobile{display:none}}:where(.wp-block-columns.is-layout-flex){gap:1em}\n<\/style>\n<div class=\"wp-block-columns are-vertically-aligned-center is-layout-flex wp-container-core-columns-is-layout-1 wp-block-columns-is-layout-flex\">\n<div class=\"wp-block-column is-vertically-aligned-center is-layout-flow wp-block-column-is-layout-flow\" style=\"flex-basis:66.66%\">\n<h2 class=\"wp-block-heading\"><strong>B\u00fclten kayd\u0131<\/strong><\/h2>\n\n\n\n<p>Haber b\u00fcltenine \u015fimdi abone olun ve 20 Euro de\u011ferinde Binder Optik al\u0131\u015fveri\u015f \u00e7eki kazan\u0131n.<\/p>\n\n\n\n<div class=\"wp-block-buttons is-layout-flex wp-block-buttons-is-layout-flex\"><style>.wp-block-button{margin:0 0 3rem}.wp-block-button:last-child,.wp-block-button:only-child{margin-bottom:0}.wp-block-button.align-center{text-align:center}.wp-block-button.align-right{text-align:right}.wp-block-columns+.wp-block-button{margin-top:6.3rem}.wp-block-button__link{display:inline-block;padding:1.8rem 1.8rem;font-weight:600;text-align:center;text-decoration:none;color:#2B2E34;border:2px solid #FFFA00;border-radius:.5rem;background-color:#FFFA00;cursor:pointer;font-size:1.6rem;line-height:1}@media (min-width: 1380px){.wp-block-button__link{padding:1.8rem 3.8rem;font-size:1.8rem;line-height:1}}.wp-block-button:not(.is-style-link-only):not(.is-style-outline):not(.is-style-fill-secondary) .wp-block-button__link{position:relative}.wp-block-button:not(.is-style-link-only):not(.is-style-outline):not(.is-style-fill-secondary) .wp-block-button__link:hover,.wp-block-button:not(.is-style-link-only):not(.is-style-outline):not(.is-style-fill-secondary) .wp-block-button__link:focus{color:#fff;border-color:#00597E;background-color:#00597E}.wp-block-button .wp-block-button__link{transition:.2s}.is-style-fill-secondary .wp-block-button__link{color:#fff;border-color:#00597E;background-color:#00597E}.is-style-fill-secondary .wp-block-button__link:hover,.is-style-fill-secondary .wp-block-button__link:focus{color:#2B2E34;border-color:#FFFA00;background-color:#FFFA00}.is-style-outline .wp-block-button__link{padding:1.8rem 1.8rem !important;color:#00597E !important;border-color:#00597E;background-color:transparent}@media (min-width: 1380px){.is-style-outline .wp-block-button__link{padding:1.8rem 3.8rem !important}}.is-style-outline .wp-block-button__link:hover,.is-style-outline .wp-block-button__link:focus{color:#fff !important;border-color:#00597E !important;background-color:#00597E !important}.is-style-link-only .wp-block-button__link{min-width:0;padding:0;padding-right:2rem;position:relative;font-weight:600;color:#00597E;letter-spacing:0;text-transform:none;border:none;background-color:transparent;transition:color .2s,text-decoration-color .2s;font-size:1.8rem;line-height:1}.is-style-link-only .wp-block-button__link::after{content:'';display:inline-block;width:8px;height:13px;position:absolute;top:50%;right:0;transform:translate(0, -50%);background-image:url(\"https:\/\/www.binder-optik.de\/wp-content\/themes\/ATLAS\/images\/svg\/button_arrow-right_secondary.svg\");background-repeat:no-repeat;background-size:contain;transition:right 0.2s}.is-style-link-only .wp-block-button__link:hover::after,.is-style-link-only .wp-block-button__link:focus::after{right:-5px}\n<\/style>\n<div class=\"wp-block-button is-style-fill-secondary\"><a class=\"wp-block-button__link wp-element-button\" href=\"https:\/\/www.binder-optik.de\/tr\/buelten-kaydi\/\">Kay\u0131t i\u00e7in<\/a><\/div>\n<\/div>\n<\/div>\n\n\n\n<div class=\"wp-block-column is-vertically-aligned-center is-layout-flow wp-block-column-is-layout-flow\" style=\"flex-basis:33.33%\">\n<figure class=\"wp-block-image size-full\"><img loading=\"lazy\" decoding=\"async\" width=\"902\" height=\"625\" src=\"https:\/\/www.binder-optik.de\/wp-content\/uploads\/2025\/05\/2023_10_05-Newsletter-Anmeldung_433x300-1_EN.jpg\" alt=\"Binder Optik\" class=\"wp-image-19189\" title=\"\" srcset=\"https:\/\/www.binder-optik.de\/wp-content\/uploads\/2025\/05\/2023_10_05-Newsletter-Anmeldung_433x300-1_EN.jpg 902w, https:\/\/www.binder-optik.de\/wp-content\/uploads\/2025\/05\/2023_10_05-Newsletter-Anmeldung_433x300-1_EN-300x208.jpg 300w, https:\/\/www.binder-optik.de\/wp-content\/uploads\/2025\/05\/2023_10_05-Newsletter-Anmeldung_433x300-1_EN-768x532.jpg 768w, https:\/\/www.binder-optik.de\/wp-content\/uploads\/2025\/05\/2023_10_05-Newsletter-Anmeldung_433x300-1_EN-524x363.jpg 524w\" sizes=\"auto, (max-width: 902px) 100vw, 902px\" \/><\/figure>\n<\/div>\n<\/div>\n<\/div><\/div><\/section>\n<\/div><\/div><\/section>\n","protected":false},"excerpt":{"rendered":"","protected":false},"author":13,"featured_media":15078,"comment_status":"closed","ping_status":"closed","sticky":false,"template":"","format":"standard","meta":{"_acf_changed":false,"footnotes":""},"categories":[1],"tags":[],"class_list":["post-17977","post","type-post","status-publish","format-standard","has-post-thumbnail","hentry","category-kategorize-edilmemis"],"acf":[],"publishpress_future_action":{"enabled":false,"date":"2026-05-08 09:29:58","action":"change-status","newStatus":"draft","terms":[],"taxonomy":"category","extraData":[]},"publishpress_future_workflow_manual_trigger":{"enabledWorkflows":[]},"_links":{"self":[{"href":"https:\/\/www.binder-optik.de\/tr\/wp-json\/wp\/v2\/posts\/17977","targetHints":{"allow":["GET"]}}],"collection":[{"href":"https:\/\/www.binder-optik.de\/tr\/wp-json\/wp\/v2\/posts"}],"about":[{"href":"https:\/\/www.binder-optik.de\/tr\/wp-json\/wp\/v2\/types\/post"}],"author":[{"embeddable":true,"href":"https:\/\/www.binder-optik.de\/tr\/wp-json\/wp\/v2\/users\/13"}],"replies":[{"embeddable":true,"href":"https:\/\/www.binder-optik.de\/tr\/wp-json\/wp\/v2\/comments?post=17977"}],"version-history":[{"count":1,"href":"https:\/\/www.binder-optik.de\/tr\/wp-json\/wp\/v2\/posts\/17977\/revisions"}],"predecessor-version":[{"id":17981,"href":"https:\/\/www.binder-optik.de\/tr\/wp-json\/wp\/v2\/posts\/17977\/revisions\/17981"}],"wp:featuredmedia":[{"embeddable":true,"href":"https:\/\/www.binder-optik.de\/tr\/wp-json\/wp\/v2\/media\/15078"}],"wp:attachment":[{"href":"https:\/\/www.binder-optik.de\/tr\/wp-json\/wp\/v2\/media?parent=17977"}],"wp:term":[{"taxonomy":"category","embeddable":true,"href":"https:\/\/www.binder-optik.de\/tr\/wp-json\/wp\/v2\/categories?post=17977"},{"taxonomy":"post_tag","embeddable":true,"href":"https:\/\/www.binder-optik.de\/tr\/wp-json\/wp\/v2\/tags?post=17977"}],"curies":[{"name":"wp","href":"https:\/\/api.w.org\/{rel}","templated":true}]}}