{"id":17964,"date":"2019-09-01T15:23:48","date_gmt":"2019-09-01T13:23:48","guid":{"rendered":"https:\/\/www.binder-optik.de\/binder-optik-almanyadaki-en-cazip-isverenlerden-biridir\/"},"modified":"2025-04-15T14:46:55","modified_gmt":"2025-04-15T12:46:55","slug":"binder-optik-almanyadaki-en-cazip-isverenlerden-biridir","status":"publish","type":"post","link":"https:\/\/www.binder-optik.de\/tr\/binder-optik-almanyadaki-en-cazip-isverenlerden-biridir\/","title":{"rendered":"Binder Optik Almanya&#8217;daki en cazip i\u015fverenlerden biridir"},"content":{"rendered":"\n<section class=\"wp-block-custom-container alignwide block-content  block-content--spacing-top block-content--margin-top\"><style>.block-content{position:relative}.block-content--spacing-top{padding-top:2rem}@media (min-width: 992px){.block-content--spacing-top{padding-top:4rem}}.block-content--spacing-bottom{padding-bottom:2rem}@media (min-width: 992px){.block-content--spacing-bottom{padding-bottom:4rem}}.block-content--margin-top{margin-top:2rem}@media (min-width: 992px){.block-content--margin-top{margin-top:4rem}}.block-content--margin-bottom{margin-bottom:2rem}@media (min-width: 992px){.block-content--margin-bottom{margin-bottom:4rem}}.block-content.z-index{position:relative;z-index:2}.block-content .container{position:relative;z-index:1}.block-content .container--full{padding:0}.block-content .container .container{padding:2rem}@media (min-width: 992px){.block-content .container .container{padding:4rem}}.block-content .container-overlay{position:absolute;z-index:0;top:0;right:0;bottom:0;left:0}.block-content.career-container{margin-top:-8rem;z-index:2;pointer-events:none}.block-content.career-container .block-content{pointer-events:all;-webkit-box-shadow:0px 0px 15px 5px rgba(0,0,0,0.1);box-shadow:0px 0px 15px 5px rgba(0,0,0,0.1)}.block-content.career-container .wp-block-custom-column{margin-bottom:0}\n<\/style><div class=\"container container--wide\"><div class=\"container__body\">\n<p class=\"is-style-subheading\">01 Eyl\u00fcl 2019<\/p>\n\n\n\n<h1 class=\"wp-block-heading\">Binder Optik Almanya&#8217;daki en cazip i\u015fverenlerden biridir<\/h1>\n\n\n\n<div class=\"wp-block-custom-spacing spacing-element spacing-mobile--small spacing-tablet--small spacing-small-desktop--small spacing-desktop--small\"><\/div>\n<\/div><\/div><\/section>\n\n<section class=\"wp-block-custom-container alignwide block-content\"><div class=\"container container--wide\"><div class=\"container__body\">\n<div class=\"wp-block-custom-columns columns-row row\"><style>.columns-row--spacing-top{padding-top:2rem}@media (min-width: 992px){.columns-row--spacing-top{padding-top:4rem}}.columns-row--spacing-bottom{padding-bottom:2rem}@media (min-width: 992px){.columns-row--spacing-bottom{padding-bottom:4rem}}.columns-row--margin-top{margin-top:2rem}@media (min-width: 992px){.columns-row--margin-top{margin-top:4rem}}.columns-row--margin-bottom{margin-bottom:2rem}@media (min-width: 992px){.columns-row--margin-bottom{margin-bottom:4rem}}\n<\/style>\n<div class=\"wp-block-custom-column col col-6\">\n<p><strong><em>Binder Optik Almanya&#8217;daki en pop\u00fcler i\u015fverenlerden biridir. Bu sonu\u00e7, K\u00f6ln merkezli analiz enstit\u00fcs\u00fc ServiceValue GmbH taraf\u0131ndan WELT ile i\u015fbirli\u011fi i\u00e7inde y\u00fcr\u00fct\u00fclen bir anketin sonucudur. Toplamda 600.000&#8217;den fazla vatanda\u015f, 1.300&#8217;den fazla \u015firketi i\u015fveren olarak imajlar\u0131 ve \u00e7ekicilikleri a\u00e7\u0131s\u0131ndan de\u011ferlendirdi.  <\/em><\/strong><\/p>\n\n\n\n<p>B\u00f6blingen, Eyl\u00fcl 2019. Binder Optik bu sonu\u00e7tan gurur duyabilir. B\u00f6blingen&#8217;deki optisyenlik ma\u011fazas\u0131 zinciri, 1.333 \u015firket aras\u0131ndan Almanya&#8217;daki en iyi i\u015fverenler grubuna girmeyi ba\u015fard\u0131. &#8220;Bu \u00f6d\u00fclden dolay\u0131 \u00e7ok mutluyuz. \u00c7al\u0131\u015fanlar\u0131m\u0131z\u0131n bizimle kendilerini evlerinde hissettiklerini ve gen\u00e7lerin kariyerlerine ba\u015flamalar\u0131 i\u00e7in heyecan verici bir yer oldu\u011fumuzu g\u00f6steriyor,&#8221; diyor Binder Optik Genel M\u00fcd\u00fcr\u00fc Dominic Baur.   <\/p>\n<\/div>\n\n\n\n<div class=\"wp-block-custom-column col col-6\"><style>.wp-block-image.alignright{margin:0 !important}.wp-block-image.alignleft{float:none !important}.wp-block-image .wp-element-caption{text-align:left}\n<\/style>\n<figure class=\"wp-block-image size-full\"><img loading=\"lazy\" decoding=\"async\" width=\"508\" height=\"411\" src=\"https:\/\/www.binder-optik.de\/wp-content\/uploads\/2023\/08\/News_Siegel_Welt-1.jpg\" alt=\"Binder Optik\" class=\"wp-image-2750\" title=\"\" srcset=\"https:\/\/www.binder-optik.de\/wp-content\/uploads\/2023\/08\/News_Siegel_Welt-1.jpg 508w, https:\/\/www.binder-optik.de\/wp-content\/uploads\/2023\/08\/News_Siegel_Welt-1-300x243.jpg 300w\" sizes=\"auto, (max-width: 508px) 100vw, 508px\" \/><\/figure>\n<\/div>\n<\/div>\n\n\n\n<p>\u015eirket, g\u00fcnl\u00fck \u00e7al\u0131\u015fma hayat\u0131n\u0131 heyecanl\u0131 ve \u00e7e\u015fitli k\u0131lan \u00e7ok say\u0131da giri\u015fim ve program sunmaktad\u0131r. Odak noktas\u0131, \u00e7al\u0131\u015fanlar\u0131 \u015firketin geli\u015fimine ve gelece\u011finin \u015fekillendirilmesine dahil eden \u00f6nlemlerdir. \u015eirket ko\u015fular\u0131 ve d\u00fczenli barbek\u00fcler gibi ortak faaliyetlerin yan\u0131 s\u0131ra, bilgi ve daha fazla geli\u015fim i\u00e7in de bir\u00e7ok program bulunmaktad\u0131r.  <\/p>\n\n\n\n<div class=\"wp-block-custom-spacing spacing-element spacing-mobile--small spacing-tablet--small spacing-small-desktop--small spacing-desktop--small\"><\/div>\n<\/div><\/div><\/section>\n\n<section class=\"wp-block-custom-container alignwide block-content has-grau-background-color block-content--spacing-top block-content--spacing-bottom\" style=\"background-color:#f5f5f5\"><div class=\"container container--wide\"><div class=\"container__body\">\n<h2 class=\"wp-block-heading\">Binder Optik Kariyer<\/h2>\n\n\n\t<div class=\"acf-block block-teaser-accordion align\">\n\t\t<div  class=\"block-teaser-accordion-single\">\n\n\t\t\t<div class=\"block-teaser-accordion-single__wrapper\">\n\n\t\t\t\t<style>.block-teaser-accordion{display:flex;flex-flow:row wrap;margin:0 -10px}.block-teaser-accordion-single{width:100%;padding:0 10px;margin-bottom:2rem}@media (min-width: 1024px){.block-teaser-accordion-single{width:50%}}@media (min-width: 1380px){.block-teaser-accordion-single{width:33.33%;margin-bottom:2rem}}.block-teaser-accordion-single__wrapper{position:relative;display:block !important;min-height:100%;-webkit-box-shadow:0px 0px 15px 5px rgba(0,0,0,0.075);box-shadow:0px 0px 15px 5px rgba(0,0,0,0.075);overflow:hidden;padding:2.5rem 2rem}@media (min-width: 1200px){.block-teaser-accordion-single__wrapper{padding:3rem 2rem 2rem}}@media (min-width: 1380px){.block-teaser-accordion-single__wrapper{padding:4rem 3rem 3rem}}.block-teaser-accordion-single:nth-child(4n+1) .block-teaser-accordion-single__wrapper{background-color:#fde4d3}.block-teaser-accordion-single:nth-child(4n+2) .block-teaser-accordion-single__wrapper{background-color:#f9f09b}.block-teaser-accordion-single:nth-child(4n+3) .block-teaser-accordion-single__wrapper{background-color:#96cfbf}.block-teaser-accordion-single:nth-child(4n+4) .block-teaser-accordion-single__wrapper{background-color:#a5d6e3}.block-teaser-accordion-single__row{position:relative;display:flex;flex-wrap:wrap;z-index:1}.block-teaser-accordion-single__header{position:relative;width:100%}.block-teaser-accordion-single__header::after{content:'';display:block;width:22px;height:22px;position:absolute;top:calc(50% - 2.5rem);right:5px;transform:rotate(135deg) translateY(-50%);border:2px solid #2B2E34;border-width:2px 2px 0 0;transition:all .2s linear}@media (min-width: 1024px){.block-teaser-accordion-single__header::after{display:none}}.block-teaser-accordion-single__header.active::after{transform:rotate(-45deg) translateY(50%);margin-top:12px}.block-teaser-accordion-single__title{text-decoration:2px underline transparent;text-underline-offset:4px;transition:0.2s ease;hyphens:auto;cursor:pointer;padding-right:4rem}@media (min-width: 1024px){.block-teaser-accordion-single__title{cursor:unset;padding-right:0}}.block-teaser-accordion-single__img-wrapper{flex:0 0 100%;display:flex;justify-content:center;align-items:center;width:3rem;height:3rem;max-width:3rem;max-height:3rem;margin-bottom:1rem;text-align:center}@media (min-width: 1024px){.block-teaser-accordion-single__img-wrapper{width:5rem;height:5rem;max-width:5rem;max-height:5rem;margin-bottom:2rem}}.block-teaser-accordion-single__img-wrapper img{width:100%;height:100%;object-fit:contain}.block-teaser-accordion-single__content{display:none;flex:0 0 100%;max-width:100%;padding:2rem 0}@media (min-width: 1024px){.block-teaser-accordion-single__content{display:block !important}}\n<\/style>\t\t\t\t<div class=\"block-teaser-accordion-single__row\">\n\t\t\t\t\t\t\t\t\t\t<div class=\"block-teaser-accordion-single__header\">\t\n\t\t\t\t\t\t\t\t\t\t\t\t\t<h3 class=\"block-teaser-accordion-single__title h4\">Binder Optik Akademi<\/h3>\n\t\t\t\t\t\t\t\t\t\t\t<\/div>\n\t\t\t\t\t\n\t\t\t\t\t<div class=\"block-teaser-accordion-single__content\">\n\t\t\t\t\t\t\t\t\t\t\t<p>\u015eirketin kendi akademisinde, zincir ma\u011faza, \u00f6rne\u011fin \u00f6zel lensler, yeni teknolojiler veya kontakt lens alan\u0131ndaki geli\u015fmeler hakk\u0131nda ek bilgi edinmek isteyen herkesi destekliyor. \u0130leti\u015fim ve m\u00fc\u015fteri hizmetleri gibi konular da akademi program\u0131nda yer al\u0131yor. Bilgilerini geni\u015fletmek isteyen herkes bu kurslara kay\u0131t yapt\u0131rabilir. Ustal\u0131k s\u0131nav\u0131na girmek isteyen herkes, zaman ve para gerektiren ileri e\u011fitimlerini desteklemek s\u00f6z konusu oldu\u011funda Dominic Baur&#8217;un kendilerini dinlemeye istekli oldu\u011funu g\u00f6recektir. &#8220;Optisyenlik mesle\u011fi \u00e7ok fazla sorumluluk gerektiriyor. Kendini i\u015fine adam\u0131\u015f \u00e7al\u0131\u015fanlar\u0131m\u0131z\u0131 usta zanaatkar unvan\u0131n\u0131 kazanmalar\u0131 konusunda desteklemekten mutluluk duyuyoruz. Sonu\u00e7ta, mesle\u011fimizin en iyi profesyoneller taraf\u0131ndan icra edilmeye devam etmesini istiyoruz,&#8221; diyor Baur.    <\/p>\n\t\t\t\t\t\t\t\t\t\t<\/div>\n\t\t\t\t<\/div>\n\t\t\t<\/div>\n\t\t<\/div>\n\t\t\t<div  class=\"block-teaser-accordion-single\">\n\n\t\t\t<div class=\"block-teaser-accordion-single__wrapper\">\n\n\t\t\t\t\t\t\t\t<div class=\"block-teaser-accordion-single__row\">\n\t\t\t\t\t\t\t\t\t\t<div class=\"block-teaser-accordion-single__header\">\t\n\t\t\t\t\t\t\t\t\t\t\t\t\t<h3 class=\"block-teaser-accordion-single__title h4\">Binder&#8217;de E\u011fitim<\/h3>\n\t\t\t\t\t\t\t\t\t\t\t<\/div>\n\t\t\t\t\t\n\t\t\t\t\t<div class=\"block-teaser-accordion-single__content\">\n\t\t\t\t\t\t\t\t\t\t\t<p>E\u011fitim, Binder Optik &#8216;da her zaman en \u00f6nemli \u00f6ncelik olmu\u015ftur. Bu y\u0131l da \u00e7ok say\u0131da \u00e7\u0131rak Binder Optik adresinde e\u011fitimlerine ba\u015flad\u0131. Dominic Baur \u015funlar\u0131 s\u00f6yl\u00fcyor: &#8220;Optisyenlik, \u00f6zellikle dijitalle\u015fme sayesinde muazzam bir geli\u015fme g\u00f6steren \u00e7ok heyecan verici bir meslek. 3D g\u00f6rme testlerinden giderek daha detayl\u0131 hale gelen g\u00f6z analizlerine kadar her \u015fey sunuluyor. Gen\u00e7leri bu heyecan verici meslekle tan\u0131\u015ft\u0131rmak i\u00e7in \u00e7ok hevesliyim.&#8221; Eski stajyerlerin \u00e7o\u011fu \u015firkette kal\u0131yor ve i\u015ften ayr\u0131lma oran\u0131 neredeyse s\u0131f\u0131r. Bunun nedeni, karar verme yollar\u0131n\u0131n k\u0131sa ve terfi f\u0131rsatlar\u0131n\u0131n y\u00fcksek oldu\u011fu orta \u00f6l\u00e7ekli \u015firketteki atmosferi takdir etmeleridir.    <\/p>\n\t\t\t\t\t\t\t\t\t\t<\/div>\n\t\t\t\t<\/div>\n\t\t\t<\/div>\n\t\t<\/div>\n\t\t\t<div  class=\"block-teaser-accordion-single\">\n\n\t\t\t<div class=\"block-teaser-accordion-single__wrapper\">\n\n\t\t\t\t\t\t\t\t<div class=\"block-teaser-accordion-single__row\">\n\t\t\t\t\t\t\t\t\t\t<div class=\"block-teaser-accordion-single__header\">\t\n\t\t\t\t\t\t\t\t\t\t\t\t\t<h3 class=\"block-teaser-accordion-single__title h4\">G\u00f6z hizas\u0131nda bulu\u015fma<\/h3>\n\t\t\t\t\t\t\t\t\t\t\t<\/div>\n\t\t\t\t\t\n\t\t\t\t\t<div class=\"block-teaser-accordion-single__content\">\n\t\t\t\t\t\t\t\t\t\t\t<p>&#8220;Kap\u0131m herkese a\u00e7\u0131k. \u00c7al\u0131\u015fanlar\u0131m\u0131z\u0131 neyin motive etti\u011fini ve Binder Optik &#8216;u bir i\u015fyerinden daha fazlas\u0131 haline getirmek i\u00e7in hep birlikte neler yapabilece\u011fimizi bilmek istiyorum,&#8221; diye devam ediyor Dominic Baur. Bu yakla\u015f\u0131m\u0131n de\u011ferini kan\u0131tlad\u0131\u011f\u0131 ger\u00e7e\u011fi, sadece Almanya&#8217;n\u0131n en cazip i\u015fverenlerinden biri olarak \u00f6d\u00fcllendirilmesiyle kan\u0131tlanm\u0131yor. Alman Hizmet Kalitesi Enstit\u00fcs\u00fc (DISQ), 2019 y\u0131l\u0131nda haber kanal\u0131 n-tv ile i\u015fbirli\u011fi i\u00e7inde \u015firketi Almanya&#8217;n\u0131n en iyi optisyenlik ma\u011fazas\u0131 zinciri se\u00e7ti.  <\/p>\n\t\t\t\t\t\t\t\t\t\t<\/div>\n\t\t\t\t<\/div>\n\t\t\t<\/div>\n\t\t<\/div>\n\t\t<\/div>\n<\/div><\/div><\/section>\n\n<section class=\"wp-block-custom-container alignwide block-content  block-content--spacing-top block-content--spacing-bottom\"><div class=\"container container--wide\"><div class=\"container__body\">\n<section class=\"wp-block-custom-container alignwide block-content  has-gelb-background-color\" style=\"background-color:#FFFF00\"><div class=\"container container--wide\"><div class=\"container__body\"><style>.wp-block-columns.are-vertically-aligned-center{gap:1em;margin-bottom:.5rem}@media (min-width: 992px){.wp-block-columns.are-vertically-aligned-center{margin-bottom:1rem}}.wp-block-columns.are-vertically-aligned-center :last-child{margin-bottom:0}.wp-block-columns.are-vertically-aligned-center figure{margin-bottom:0}.wp-block-columns.no-margin{margin-bottom:0 !important}@media (max-width: 991px){.wp-block-columns.hide-mobile{display:none}}:where(.wp-block-columns.is-layout-flex){gap:1em}\n<\/style>\n<div class=\"wp-block-columns are-vertically-aligned-center is-layout-flex wp-container-core-columns-is-layout-1 wp-block-columns-is-layout-flex\">\n<div class=\"wp-block-column is-vertically-aligned-center is-layout-flow wp-block-column-is-layout-flow\" style=\"flex-basis:66.66%\">\n<h2 class=\"wp-block-heading\"><strong>B\u00fclten kayd\u0131<\/strong><\/h2>\n\n\n\n<p>Haber b\u00fcltenine \u015fimdi abone olun ve 20 Euro de\u011ferinde Binder Optik al\u0131\u015fveri\u015f \u00e7eki kazan\u0131n.<\/p>\n\n\n\n<div class=\"wp-block-buttons is-layout-flex wp-block-buttons-is-layout-flex\"><style>.wp-block-button{margin:0 0 3rem}.wp-block-button:last-child,.wp-block-button:only-child{margin-bottom:0}.wp-block-button.align-center{text-align:center}.wp-block-button.align-right{text-align:right}.wp-block-columns+.wp-block-button{margin-top:6.3rem}.wp-block-button__link{display:inline-block;padding:1.8rem 1.8rem;font-weight:600;text-align:center;text-decoration:none;color:#2B2E34;border:2px solid #FFFA00;border-radius:.5rem;background-color:#FFFA00;cursor:pointer;font-size:1.6rem;line-height:1}@media (min-width: 1380px){.wp-block-button__link{padding:1.8rem 3.8rem;font-size:1.8rem;line-height:1}}.wp-block-button:not(.is-style-link-only):not(.is-style-outline):not(.is-style-fill-secondary) .wp-block-button__link{position:relative}.wp-block-button:not(.is-style-link-only):not(.is-style-outline):not(.is-style-fill-secondary) .wp-block-button__link:hover,.wp-block-button:not(.is-style-link-only):not(.is-style-outline):not(.is-style-fill-secondary) .wp-block-button__link:focus{color:#fff;border-color:#00597E;background-color:#00597E}.wp-block-button .wp-block-button__link{transition:.2s}.is-style-fill-secondary .wp-block-button__link{color:#fff;border-color:#00597E;background-color:#00597E}.is-style-fill-secondary .wp-block-button__link:hover,.is-style-fill-secondary .wp-block-button__link:focus{color:#2B2E34;border-color:#FFFA00;background-color:#FFFA00}.is-style-outline .wp-block-button__link{padding:1.8rem 1.8rem !important;color:#00597E !important;border-color:#00597E;background-color:transparent}@media (min-width: 1380px){.is-style-outline .wp-block-button__link{padding:1.8rem 3.8rem !important}}.is-style-outline .wp-block-button__link:hover,.is-style-outline .wp-block-button__link:focus{color:#fff !important;border-color:#00597E !important;background-color:#00597E !important}.is-style-link-only .wp-block-button__link{min-width:0;padding:0;padding-right:2rem;position:relative;font-weight:600;color:#00597E;letter-spacing:0;text-transform:none;border:none;background-color:transparent;transition:color .2s,text-decoration-color .2s;font-size:1.8rem;line-height:1}.is-style-link-only .wp-block-button__link::after{content:'';display:inline-block;width:8px;height:13px;position:absolute;top:50%;right:0;transform:translate(0, -50%);background-image:url(\"https:\/\/www.binder-optik.de\/wp-content\/themes\/ATLAS\/images\/svg\/button_arrow-right_secondary.svg\");background-repeat:no-repeat;background-size:contain;transition:right 0.2s}.is-style-link-only .wp-block-button__link:hover::after,.is-style-link-only .wp-block-button__link:focus::after{right:-5px}\n<\/style>\n<div class=\"wp-block-button is-style-fill-secondary\"><a class=\"wp-block-button__link wp-element-button\" href=\"https:\/\/www.binder-optik.de\/tr\/buelten-kaydi\/\">Kay\u0131t i\u00e7in<\/a><\/div>\n<\/div>\n<\/div>\n\n\n\n<div class=\"wp-block-column is-vertically-aligned-center is-layout-flow wp-block-column-is-layout-flow\" style=\"flex-basis:33.33%\">\n<figure class=\"wp-block-image size-full\"><img loading=\"lazy\" decoding=\"async\" width=\"902\" height=\"625\" src=\"https:\/\/www.binder-optik.de\/wp-content\/uploads\/2025\/05\/2023_10_05-Newsletter-Anmeldung_433x300-1_EN.jpg\" alt=\"Binder Optik\" class=\"wp-image-19189\" title=\"\" srcset=\"https:\/\/www.binder-optik.de\/wp-content\/uploads\/2025\/05\/2023_10_05-Newsletter-Anmeldung_433x300-1_EN.jpg 902w, https:\/\/www.binder-optik.de\/wp-content\/uploads\/2025\/05\/2023_10_05-Newsletter-Anmeldung_433x300-1_EN-300x208.jpg 300w, https:\/\/www.binder-optik.de\/wp-content\/uploads\/2025\/05\/2023_10_05-Newsletter-Anmeldung_433x300-1_EN-768x532.jpg 768w, https:\/\/www.binder-optik.de\/wp-content\/uploads\/2025\/05\/2023_10_05-Newsletter-Anmeldung_433x300-1_EN-524x363.jpg 524w\" sizes=\"auto, (max-width: 902px) 100vw, 902px\" \/><\/figure>\n<\/div>\n<\/div>\n<\/div><\/div><\/section>\n<\/div><\/div><\/section>\n","protected":false},"excerpt":{"rendered":"","protected":false},"author":13,"featured_media":15038,"comment_status":"closed","ping_status":"closed","sticky":false,"template":"","format":"standard","meta":{"_acf_changed":false,"footnotes":""},"categories":[1],"tags":[],"class_list":["post-17964","post","type-post","status-publish","format-standard","has-post-thumbnail","hentry","category-kategorize-edilmemis"],"acf":[],"publishpress_future_action":{"enabled":false,"date":"2026-05-07 11:30:43","action":"change-status","newStatus":"draft","terms":[],"taxonomy":"category","extraData":[]},"publishpress_future_workflow_manual_trigger":{"enabledWorkflows":[]},"_links":{"self":[{"href":"https:\/\/www.binder-optik.de\/tr\/wp-json\/wp\/v2\/posts\/17964","targetHints":{"allow":["GET"]}}],"collection":[{"href":"https:\/\/www.binder-optik.de\/tr\/wp-json\/wp\/v2\/posts"}],"about":[{"href":"https:\/\/www.binder-optik.de\/tr\/wp-json\/wp\/v2\/types\/post"}],"author":[{"embeddable":true,"href":"https:\/\/www.binder-optik.de\/tr\/wp-json\/wp\/v2\/users\/13"}],"replies":[{"embeddable":true,"href":"https:\/\/www.binder-optik.de\/tr\/wp-json\/wp\/v2\/comments?post=17964"}],"version-history":[{"count":1,"href":"https:\/\/www.binder-optik.de\/tr\/wp-json\/wp\/v2\/posts\/17964\/revisions"}],"predecessor-version":[{"id":17967,"href":"https:\/\/www.binder-optik.de\/tr\/wp-json\/wp\/v2\/posts\/17964\/revisions\/17967"}],"wp:featuredmedia":[{"embeddable":true,"href":"https:\/\/www.binder-optik.de\/tr\/wp-json\/wp\/v2\/media\/15038"}],"wp:attachment":[{"href":"https:\/\/www.binder-optik.de\/tr\/wp-json\/wp\/v2\/media?parent=17964"}],"wp:term":[{"taxonomy":"category","embeddable":true,"href":"https:\/\/www.binder-optik.de\/tr\/wp-json\/wp\/v2\/categories?post=17964"},{"taxonomy":"post_tag","embeddable":true,"href":"https:\/\/www.binder-optik.de\/tr\/wp-json\/wp\/v2\/tags?post=17964"}],"curies":[{"name":"wp","href":"https:\/\/api.w.org\/{rel}","templated":true}]}}