{"id":17937,"date":"2020-09-23T14:36:44","date_gmt":"2020-09-23T12:36:44","guid":{"rendered":"https:\/\/www.binder-optik.de\/24-stajyer-basliyor-binder-optik\/"},"modified":"2025-04-15T14:46:43","modified_gmt":"2025-04-15T12:46:43","slug":"24-stajyer-basliyor-binder-optik","status":"publish","type":"post","link":"https:\/\/www.binder-optik.de\/tr\/24-stajyer-basliyor-binder-optik\/","title":{"rendered":"24 stajyer ba\u015fl\u0131yor Binder Optik"},"content":{"rendered":"\n<section class=\"wp-block-custom-container alignwide block-content  block-content--spacing-top block-content--margin-top\"><style>.block-content{position:relative}.block-content--spacing-top{padding-top:2rem}@media (min-width: 992px){.block-content--spacing-top{padding-top:4rem}}.block-content--spacing-bottom{padding-bottom:2rem}@media (min-width: 992px){.block-content--spacing-bottom{padding-bottom:4rem}}.block-content--margin-top{margin-top:2rem}@media (min-width: 992px){.block-content--margin-top{margin-top:4rem}}.block-content--margin-bottom{margin-bottom:2rem}@media (min-width: 992px){.block-content--margin-bottom{margin-bottom:4rem}}.block-content.z-index{position:relative;z-index:2}.block-content .container{position:relative;z-index:1}.block-content .container--full{padding:0}.block-content .container .container{padding:2rem}@media (min-width: 992px){.block-content .container .container{padding:4rem}}.block-content .container-overlay{position:absolute;z-index:0;top:0;right:0;bottom:0;left:0}.block-content.career-container{margin-top:-8rem;z-index:2;pointer-events:none}.block-content.career-container .block-content{pointer-events:all;-webkit-box-shadow:0px 0px 15px 5px rgba(0,0,0,0.1);box-shadow:0px 0px 15px 5px rgba(0,0,0,0.1)}.block-content.career-container .wp-block-custom-column{margin-bottom:0}\n<\/style><div class=\"container container--wide\"><div class=\"container__body\">\n<p class=\"is-style-subheading\">23 Eyl\u00fcl 2020<\/p>\n\n\n\n<h1 class=\"wp-block-heading\">24 stajyer ba\u015fl\u0131yor Binder Optik<\/h1>\n\n\n\n<div class=\"wp-block-custom-spacing spacing-element spacing-mobile--small spacing-tablet--small spacing-small-desktop--small spacing-desktop--small\"><\/div>\n<\/div><\/div><\/section>\n\n<section class=\"wp-block-custom-container alignwide block-content\"><div class=\"container container--wide\"><div class=\"container__body\">\n<div class=\"wp-block-custom-columns columns-row row\"><style>.columns-row--spacing-top{padding-top:2rem}@media (min-width: 992px){.columns-row--spacing-top{padding-top:4rem}}.columns-row--spacing-bottom{padding-bottom:2rem}@media (min-width: 992px){.columns-row--spacing-bottom{padding-bottom:4rem}}.columns-row--margin-top{margin-top:2rem}@media (min-width: 992px){.columns-row--margin-top{margin-top:4rem}}.columns-row--margin-bottom{margin-bottom:2rem}@media (min-width: 992px){.columns-row--margin-bottom{margin-bottom:4rem}}\n<\/style>\n<div class=\"wp-block-custom-column col col-6\">\n<p>Eyl\u00fcl ay\u0131nda e\u011fitimin ba\u015flamas\u0131yla birlikte Binder Optik 24 yeni stajyeri a\u011f\u0131rl\u0131yor &#8211; bu say\u0131 uzun zamand\u0131r g\u00f6r\u00fclen en y\u00fcksek say\u0131. 23 gen\u00e7 erkek ve kad\u0131n optisyen olarak e\u011fitimlerine ba\u015fl\u0131yor ve gelecekte 20 uzman ma\u011fazaya yay\u0131lacaklar. Ayr\u0131ca B\u00f6blingen&#8217;deki y\u00f6netim departman\u0131nda bir stajyer ofis y\u00f6netim asistan\u0131 olacak.  <\/p>\n\n\n\n<p>Genel M\u00fcd\u00fcr Dominic Baur, Binder Optik adresinde e\u011fitime g\u00f6sterilen yo\u011fun ilgiden \u00e7ok memnun: &#8220;\u015eirketimiz s\u00fcrekli b\u00fcy\u00fcyor ve iyi e\u011fitimli optisyenlere b\u00fcy\u00fck ihtiya\u00e7 duyuyoruz. M\u00fc\u015fteri dan\u0131\u015fmanl\u0131\u011f\u0131m\u0131z\u0131n y\u00fcksek kalitesi ile tan\u0131n\u0131yoruz ve bunu ma\u011fazalar\u0131m\u0131zda kalifiye uzmanlar istihdam ederek sa\u011fl\u0131yoruz. Bu nedenle Binder Optik &#8216;da kurum i\u00e7i e\u011fitim y\u00fcksek bir \u00f6nceliktir. Ayr\u0131ca B\u00f6blingen&#8217;de bulunan ve t\u00fcm uzmanl\u0131k ma\u011fazalar\u0131m\u0131z\u0131 y\u00f6netti\u011fimiz idari birimimiz i\u00e7in de d\u00fczenli olarak ticari mesleklerde stajyer aray\u0131\u015f\u0131nday\u0131z.&#8221;<\/p>\n<\/div>\n\n\n\n<div class=\"wp-block-custom-column col col-6\"><style>.wp-block-image.alignright{margin:0 !important}.wp-block-image.alignleft{float:none !important}.wp-block-image .wp-element-caption{text-align:left}\n<\/style>\n<figure class=\"wp-block-image size-full\"><img loading=\"lazy\" decoding=\"async\" width=\"1024\" height=\"690\" src=\"https:\/\/www.binder-optik.de\/wp-content\/uploads\/2023\/08\/Willkommen-Azubis_Fam.Baur_-1024x690-1.jpg\" alt=\"Binder Optik\" class=\"wp-image-2673\" title=\"\" srcset=\"https:\/\/www.binder-optik.de\/wp-content\/uploads\/2023\/08\/Willkommen-Azubis_Fam.Baur_-1024x690-1.jpg 1024w, https:\/\/www.binder-optik.de\/wp-content\/uploads\/2023\/08\/Willkommen-Azubis_Fam.Baur_-1024x690-1-906x610.jpg 906w, https:\/\/www.binder-optik.de\/wp-content\/uploads\/2023\/08\/Willkommen-Azubis_Fam.Baur_-1024x690-1-300x202.jpg 300w, https:\/\/www.binder-optik.de\/wp-content\/uploads\/2023\/08\/Willkommen-Azubis_Fam.Baur_-1024x690-1-768x518.jpg 768w, https:\/\/www.binder-optik.de\/wp-content\/uploads\/2023\/08\/Willkommen-Azubis_Fam.Baur_-1024x690-1-524x353.jpg 524w\" sizes=\"auto, (max-width: 1024px) 100vw, 1024px\" \/><\/figure>\n<\/div>\n<\/div>\n\n\n\n<h4 class=\"wp-block-heading\"><strong>E\u011fitimlere b\u00fcy\u00fck ilgi Binder Optik<\/strong><\/h4>\n\n\n\n<p>Binder Optik hem m\u00fc\u015fteri hizmetlerinde hem de bir i\u015fveren olarak g\u00f6sterdi\u011fi \u00fcst\u00fcn performansla d\u00fczenli olarak takdir edilmektedir. Bu durum ba\u015fvuranlar\u0131n say\u0131s\u0131na da yans\u0131yor: &#8220;\u00c7\u0131rakl\u0131k e\u011fitimlerimize olan ilginin artt\u0131\u011f\u0131n\u0131 g\u00f6r\u00fcyoruz. Bu y\u0131l, \u00f6nceki y\u0131llara k\u0131yasla \u00e7ok daha fazla ba\u015fvuru ald\u0131k,&#8221; diyor \u0130K M\u00fcd\u00fcr\u00fc Sabine le Plat. &#8220;\u0130lk kez 20&#8217;den fazla stajyer bizimle yeniden \u00e7al\u0131\u015fmaya ba\u015fl\u0131yor.&#8221;  <\/p>\n\n\n\n<p>Her \u015fey 1 Eyl\u00fcl&#8217;de ba\u015flad\u0131: optisyenlik stajyerleri kendi uzmanl\u0131k ma\u011fazalar\u0131nda e\u011fitmenleri ve usta optisyenleri taraf\u0131ndan kar\u015f\u0131land\u0131. Usta g\u00f6zl\u00fck\u00e7\u00fc, kalfal\u0131k s\u0131nav\u0131na girene kadar \u00f6n\u00fcm\u00fczdeki \u00fc\u00e7 y\u0131l boyunca onlara e\u015flik edecek. \u0130dari b\u00f6l\u00fcmdeki stajyer i\u00e7in ilk g\u00f6rev, \u00e7ok say\u0131da yeni y\u00fcz\u00fc ve ismi ezberlemekti &#8211; ne de olsa e\u011fitimi s\u0131ras\u0131nda bir noktada hepsiyle birlikte \u00e7al\u0131\u015facakt\u0131.  <\/p>\n\n\n\n<h4 class=\"wp-block-heading\"><strong>Kursiyerler i\u00e7in s\u00fcrpriz posta<\/strong><\/h4>\n\n\n\n<p>Geriye k\u00fc\u00e7\u00fck bir damla ac\u0131 kald\u0131: Sosyal mesafe ve hijyen d\u00fczenlemeleri nedeniyle B\u00f6blingen&#8217;deki y\u00f6netim merkezinde 24 stajyerin tamam\u0131 i\u00e7in d\u00fczenlenen ortak kar\u015f\u0131lama etkinli\u011fi bu y\u0131l ger\u00e7ekle\u015ftirilemedi. Ancak bunun yerine herkese e\u011fitimleri i\u00e7in \u00f6nemli belgeler, \u015firket hakk\u0131nda bilgiler ve k\u00fc\u00e7\u00fck bir ho\u015f geldin hediyesi i\u00e7eren s\u00fcrpriz bir paket verildi. <\/p>\n\n\n\n<p>\u00d6n\u00fcm\u00fczdeki haftalar ve aylar boyunca, optisyenlik stajyerleri sadece okula gidip uzman ma\u011fazalardaki \u00e7e\u015fitli faaliyetleri kademeli olarak \u00f6\u011frenmekle kalmayacak, ayn\u0131 zamanda \u015firketin kendi \u00e7\u0131rak at\u00f6lyesinde de \u00e7ok zaman ge\u00e7irecekler. Sonu\u00e7ta optometri sadece yetkin m\u00fc\u015fteri dan\u0131\u015fmanl\u0131\u011f\u0131 de\u011fil, ayn\u0131 zamanda el becerileri ve b\u00fcy\u00fck bir hassasiyet de gerektirir! B\u00f6blingen&#8217;deki y\u00f6netim departman\u0131ndaki stajyer, mal y\u00f6netimi, pazarlama ve dahili sat\u0131\u015f dahil olmak \u00fczere \u00e7e\u015fitli departmanlarda \u00e7al\u0131\u015facakt\u0131r.  <\/p>\n<\/div><\/div><\/section>\n\n<section class=\"wp-block-custom-container alignwide block-content  block-content--spacing-top block-content--spacing-bottom\"><div class=\"container container--wide\"><div class=\"container__body\">\n<section class=\"wp-block-custom-container alignwide block-content  has-gelb-background-color\" style=\"background-color:#FFFF00\"><div class=\"container container--wide\"><div class=\"container__body\"><style>.wp-block-columns.are-vertically-aligned-center{gap:1em;margin-bottom:.5rem}@media (min-width: 992px){.wp-block-columns.are-vertically-aligned-center{margin-bottom:1rem}}.wp-block-columns.are-vertically-aligned-center :last-child{margin-bottom:0}.wp-block-columns.are-vertically-aligned-center figure{margin-bottom:0}.wp-block-columns.no-margin{margin-bottom:0 !important}@media (max-width: 991px){.wp-block-columns.hide-mobile{display:none}}:where(.wp-block-columns.is-layout-flex){gap:1em}\n<\/style>\n<div class=\"wp-block-columns are-vertically-aligned-center is-layout-flex wp-container-core-columns-is-layout-1 wp-block-columns-is-layout-flex\">\n<div class=\"wp-block-column is-vertically-aligned-center is-layout-flow wp-block-column-is-layout-flow\" style=\"flex-basis:66.66%\">\n<h2 class=\"wp-block-heading\"><strong>B\u00fclten kayd\u0131<\/strong><\/h2>\n\n\n\n<p>Haber b\u00fcltenine \u015fimdi abone olun ve 20 Euro de\u011ferinde Binder Optik al\u0131\u015fveri\u015f \u00e7eki kazan\u0131n.<\/p>\n\n\n\n<div class=\"wp-block-buttons is-layout-flex wp-block-buttons-is-layout-flex\"><style>.wp-block-button{margin:0 0 3rem}.wp-block-button:last-child,.wp-block-button:only-child{margin-bottom:0}.wp-block-button.align-center{text-align:center}.wp-block-button.align-right{text-align:right}.wp-block-columns+.wp-block-button{margin-top:6.3rem}.wp-block-button__link{display:inline-block;padding:1.8rem 1.8rem;font-weight:600;text-align:center;text-decoration:none;color:#2B2E34;border:2px solid #FFFA00;border-radius:.5rem;background-color:#FFFA00;cursor:pointer;font-size:1.6rem;line-height:1}@media (min-width: 1380px){.wp-block-button__link{padding:1.8rem 3.8rem;font-size:1.8rem;line-height:1}}.wp-block-button:not(.is-style-link-only):not(.is-style-outline):not(.is-style-fill-secondary) .wp-block-button__link{position:relative}.wp-block-button:not(.is-style-link-only):not(.is-style-outline):not(.is-style-fill-secondary) .wp-block-button__link:hover,.wp-block-button:not(.is-style-link-only):not(.is-style-outline):not(.is-style-fill-secondary) .wp-block-button__link:focus{color:#fff;border-color:#00597E;background-color:#00597E}.wp-block-button .wp-block-button__link{transition:.2s}.is-style-fill-secondary .wp-block-button__link{color:#fff;border-color:#00597E;background-color:#00597E}.is-style-fill-secondary .wp-block-button__link:hover,.is-style-fill-secondary .wp-block-button__link:focus{color:#2B2E34;border-color:#FFFA00;background-color:#FFFA00}.is-style-outline .wp-block-button__link{padding:1.8rem 1.8rem !important;color:#00597E !important;border-color:#00597E;background-color:transparent}@media (min-width: 1380px){.is-style-outline .wp-block-button__link{padding:1.8rem 3.8rem !important}}.is-style-outline .wp-block-button__link:hover,.is-style-outline .wp-block-button__link:focus{color:#fff !important;border-color:#00597E !important;background-color:#00597E !important}.is-style-link-only .wp-block-button__link{min-width:0;padding:0;padding-right:2rem;position:relative;font-weight:600;color:#00597E;letter-spacing:0;text-transform:none;border:none;background-color:transparent;transition:color .2s,text-decoration-color .2s;font-size:1.8rem;line-height:1}.is-style-link-only .wp-block-button__link::after{content:'';display:inline-block;width:8px;height:13px;position:absolute;top:50%;right:0;transform:translate(0, -50%);background-image:url(\"https:\/\/www.binder-optik.de\/wp-content\/themes\/ATLAS\/images\/svg\/button_arrow-right_secondary.svg\");background-repeat:no-repeat;background-size:contain;transition:right 0.2s}.is-style-link-only .wp-block-button__link:hover::after,.is-style-link-only .wp-block-button__link:focus::after{right:-5px}\n<\/style>\n<div class=\"wp-block-button is-style-fill-secondary\"><a class=\"wp-block-button__link wp-element-button\" href=\"https:\/\/www.binder-optik.de\/tr\/buelten-kaydi\/\">Kay\u0131t i\u00e7in<\/a><\/div>\n<\/div>\n<\/div>\n\n\n\n<div class=\"wp-block-column is-vertically-aligned-center is-layout-flow wp-block-column-is-layout-flow\" style=\"flex-basis:33.33%\">\n<figure class=\"wp-block-image size-full\"><img loading=\"lazy\" decoding=\"async\" width=\"902\" height=\"625\" src=\"https:\/\/www.binder-optik.de\/wp-content\/uploads\/2025\/05\/2023_10_05-Newsletter-Anmeldung_433x300-1_EN.jpg\" alt=\"Binder Optik\" class=\"wp-image-19189\" title=\"\" srcset=\"https:\/\/www.binder-optik.de\/wp-content\/uploads\/2025\/05\/2023_10_05-Newsletter-Anmeldung_433x300-1_EN.jpg 902w, https:\/\/www.binder-optik.de\/wp-content\/uploads\/2025\/05\/2023_10_05-Newsletter-Anmeldung_433x300-1_EN-300x208.jpg 300w, https:\/\/www.binder-optik.de\/wp-content\/uploads\/2025\/05\/2023_10_05-Newsletter-Anmeldung_433x300-1_EN-768x532.jpg 768w, https:\/\/www.binder-optik.de\/wp-content\/uploads\/2025\/05\/2023_10_05-Newsletter-Anmeldung_433x300-1_EN-524x363.jpg 524w\" sizes=\"auto, (max-width: 902px) 100vw, 902px\" \/><\/figure>\n<\/div>\n<\/div>\n<\/div><\/div><\/section>\n<\/div><\/div><\/section>\n","protected":false},"excerpt":{"rendered":"","protected":false},"author":13,"featured_media":14980,"comment_status":"closed","ping_status":"closed","sticky":false,"template":"","format":"standard","meta":{"_acf_changed":false,"footnotes":""},"categories":[1],"tags":[],"class_list":["post-17937","post","type-post","status-publish","format-standard","has-post-thumbnail","hentry","category-kategorize-edilmemis"],"acf":[],"publishpress_future_action":{"enabled":false,"date":"2026-05-08 15:27:44","action":"change-status","newStatus":"draft","terms":[],"taxonomy":"category","extraData":[]},"publishpress_future_workflow_manual_trigger":{"enabledWorkflows":[]},"_links":{"self":[{"href":"https:\/\/www.binder-optik.de\/tr\/wp-json\/wp\/v2\/posts\/17937","targetHints":{"allow":["GET"]}}],"collection":[{"href":"https:\/\/www.binder-optik.de\/tr\/wp-json\/wp\/v2\/posts"}],"about":[{"href":"https:\/\/www.binder-optik.de\/tr\/wp-json\/wp\/v2\/types\/post"}],"author":[{"embeddable":true,"href":"https:\/\/www.binder-optik.de\/tr\/wp-json\/wp\/v2\/users\/13"}],"replies":[{"embeddable":true,"href":"https:\/\/www.binder-optik.de\/tr\/wp-json\/wp\/v2\/comments?post=17937"}],"version-history":[{"count":1,"href":"https:\/\/www.binder-optik.de\/tr\/wp-json\/wp\/v2\/posts\/17937\/revisions"}],"predecessor-version":[{"id":17940,"href":"https:\/\/www.binder-optik.de\/tr\/wp-json\/wp\/v2\/posts\/17937\/revisions\/17940"}],"wp:featuredmedia":[{"embeddable":true,"href":"https:\/\/www.binder-optik.de\/tr\/wp-json\/wp\/v2\/media\/14980"}],"wp:attachment":[{"href":"https:\/\/www.binder-optik.de\/tr\/wp-json\/wp\/v2\/media?parent=17937"}],"wp:term":[{"taxonomy":"category","embeddable":true,"href":"https:\/\/www.binder-optik.de\/tr\/wp-json\/wp\/v2\/categories?post=17937"},{"taxonomy":"post_tag","embeddable":true,"href":"https:\/\/www.binder-optik.de\/tr\/wp-json\/wp\/v2\/tags?post=17937"}],"curies":[{"name":"wp","href":"https:\/\/api.w.org\/{rel}","templated":true}]}}