{"id":17930,"date":"2021-05-17T14:07:20","date_gmt":"2021-05-17T12:07:20","guid":{"rendered":"https:\/\/www.binder-optik.de\/binder-optik-nuertingen-5-muesteri-degerlendirmesinin-sektoerdeki-kazananidir\/"},"modified":"2025-04-15T14:46:42","modified_gmt":"2025-04-15T12:46:42","slug":"binder-optik-nuertingen-5-muesteri-degerlendirmesinin-sektoerdeki-kazananidir","status":"publish","type":"post","link":"https:\/\/www.binder-optik.de\/tr\/binder-optik-nuertingen-5-muesteri-degerlendirmesinin-sektoerdeki-kazananidir\/","title":{"rendered":"Binder Optik N\u00fcrtingen 5. M\u00fc\u015fteri De\u011ferlendirmesi&#8217;nin sekt\u00f6rdeki kazanan\u0131d\u0131r"},"content":{"rendered":"\n<section class=\"wp-block-custom-container alignwide block-content  block-content--spacing-top block-content--margin-top\"><style>.block-content{position:relative}.block-content--spacing-top{padding-top:2rem}@media (min-width: 992px){.block-content--spacing-top{padding-top:4rem}}.block-content--spacing-bottom{padding-bottom:2rem}@media (min-width: 992px){.block-content--spacing-bottom{padding-bottom:4rem}}.block-content--margin-top{margin-top:2rem}@media (min-width: 992px){.block-content--margin-top{margin-top:4rem}}.block-content--margin-bottom{margin-bottom:2rem}@media (min-width: 992px){.block-content--margin-bottom{margin-bottom:4rem}}.block-content.z-index{position:relative;z-index:2}.block-content .container{position:relative;z-index:1}.block-content .container--full{padding:0}.block-content .container .container{padding:2rem}@media (min-width: 992px){.block-content .container .container{padding:4rem}}.block-content .container-overlay{position:absolute;z-index:0;top:0;right:0;bottom:0;left:0}.block-content.career-container{margin-top:-8rem;z-index:2;pointer-events:none}.block-content.career-container .block-content{pointer-events:all;-webkit-box-shadow:0px 0px 15px 5px rgba(0,0,0,0.1);box-shadow:0px 0px 15px 5px rgba(0,0,0,0.1)}.block-content.career-container .wp-block-custom-column{margin-bottom:0}\n<\/style><div class=\"container container--wide\"><div class=\"container__body\">\n<p class=\"is-style-subheading\">17 May\u0131s 2021<\/p>\n\n\n\n<h1 class=\"wp-block-heading\">Binder Optik N\u00fcrtingen 5. M\u00fc\u015fteri De\u011ferlendirmesi&#8217;nin sekt\u00f6rdeki kazanan\u0131d\u0131r<\/h1>\n\n\n\n<div class=\"wp-block-custom-spacing spacing-element spacing-mobile--small spacing-tablet--small spacing-small-desktop--small spacing-desktop--small\"><\/div>\n<\/div><\/div><\/section>\n\n<section class=\"wp-block-custom-container alignwide block-content\"><div class=\"container container--wide\"><div class=\"container__body\">\n<div class=\"wp-block-custom-columns columns-row row\"><style>.columns-row--spacing-top{padding-top:2rem}@media (min-width: 992px){.columns-row--spacing-top{padding-top:4rem}}.columns-row--spacing-bottom{padding-bottom:2rem}@media (min-width: 992px){.columns-row--spacing-bottom{padding-bottom:4rem}}.columns-row--margin-top{margin-top:2rem}@media (min-width: 992px){.columns-row--margin-top{margin-top:4rem}}.columns-row--margin-bottom{margin-bottom:2rem}@media (min-width: 992px){.columns-row--margin-bottom{margin-bottom:4rem}}\n<\/style>\n<div class=\"wp-block-custom-column col col-6\">\n<p>Analiz edilen her \u00fc\u00e7 kategoride de en y\u00fcksek m\u00fc\u015fteri memnuniyeti ve dolay\u0131s\u0131yla sekt\u00f6r birincisi &#8211; bu, N\u00fcrtingen&#8217;deki <a href=\"https:\/\/www.binder-optik.de\/fachgeschaefte\/nurtingen\/\">Binder Optik uzman ma\u011fazas\u0131n\u0131n<\/a> 5. N\u00fcrtingen M\u00fc\u015fteri De\u011ferlendirmesi&#8217;ndeki ola\u011fan\u00fcst\u00fc sonucudur.<\/p>\n\n\n\n<p>M\u00fc\u015fteri memnuniyeti, N\u00fcrtingen&#8217;deki dokuz optisyende g\u00fcler y\u00fczl\u00fcl\u00fck, tavsiye kalitesi ve paran\u0131n kar\u015f\u0131l\u0131\u011f\u0131 a\u00e7\u0131s\u0131ndan analiz edildi. Binder Optik her \u00fc\u00e7 kategoride de en iyi puan\u0131 alarak zirvede yer ald\u0131. <\/p>\n\n\n\n<p>Binder Optik GmbH Genel M\u00fcd\u00fcr\u00fc Dominic Baur \u00e7ok mutlu: &#8221; Binder Optik &#8216;da insanlar \u00f6n plandad\u0131r ve m\u00fc\u015fterilerimizin memnuniyeti en \u00f6nemli \u00f6nceli\u011fimizdir. N\u00fcrtingen&#8217;de Binder Optik felsefesi, m\u00fc\u015fteri incelemesinin sonucunun da g\u00f6sterdi\u011fi gibi \u00f6rnek bir \u015fekilde uygulanmaktad\u0131r. Bu \u00f6d\u00fcl\u00fc kazanan N\u00fcrtingen ekibimizle gurur duyuyorum.&#8221;<\/p>\n<\/div>\n\n\n\n<div class=\"wp-block-custom-column col col-6\"><style>.wp-block-image.alignright{margin:0 !important}.wp-block-image.alignleft{float:none !important}.wp-block-image .wp-element-caption{text-align:left}\n<\/style>\n<figure class=\"wp-block-image size-large\"><img loading=\"lazy\" decoding=\"async\" width=\"1024\" height=\"702\" src=\"https:\/\/www.binder-optik.de\/wp-content\/uploads\/2023\/08\/Kundenspiegel_Nuertingen_Rehlen_Siegel_783x537_2-1024x702.jpg\" alt=\"Binder Optik\" class=\"wp-image-2627\" title=\"\" srcset=\"https:\/\/www.binder-optik.de\/wp-content\/uploads\/2023\/08\/Kundenspiegel_Nuertingen_Rehlen_Siegel_783x537_2-1024x702.jpg 1024w, https:\/\/www.binder-optik.de\/wp-content\/uploads\/2023\/08\/Kundenspiegel_Nuertingen_Rehlen_Siegel_783x537_2-906x621.jpg 906w, https:\/\/www.binder-optik.de\/wp-content\/uploads\/2023\/08\/Kundenspiegel_Nuertingen_Rehlen_Siegel_783x537_2-300x206.jpg 300w, https:\/\/www.binder-optik.de\/wp-content\/uploads\/2023\/08\/Kundenspiegel_Nuertingen_Rehlen_Siegel_783x537_2-768x527.jpg 768w, https:\/\/www.binder-optik.de\/wp-content\/uploads\/2023\/08\/Kundenspiegel_Nuertingen_Rehlen_Siegel_783x537_2-524x359.jpg 524w, https:\/\/www.binder-optik.de\/wp-content\/uploads\/2023\/08\/Kundenspiegel_Nuertingen_Rehlen_Siegel_783x537_2.jpg 1044w\" sizes=\"auto, (max-width: 1024px) 100vw, 1024px\" \/><\/figure>\n<\/div>\n<\/div>\n\n\n\n<h4 class=\"wp-block-heading\">Birinci s\u0131n\u0131f dan\u0131\u015fmanl\u0131k: m\u00fc\u015fteri ile yak\u0131n diyalog<\/h4>\n\n\n\n<div class=\"wp-block-custom-columns columns-row row\">\n<div class=\"wp-block-custom-column col col-5\">\n<figure class=\"wp-block-image alignleft size-full is-resized\"><img loading=\"lazy\" decoding=\"async\" width=\"532\" height=\"391\" src=\"https:\/\/www.binder-optik.de\/wp-content\/uploads\/2023\/08\/Optik-Binder-NT-Teambild.jpg\" alt=\"Binder Optik\" class=\"wp-image-2630\" style=\"width:532px;height:391px\" title=\"\" srcset=\"https:\/\/www.binder-optik.de\/wp-content\/uploads\/2023\/08\/Optik-Binder-NT-Teambild.jpg 532w, https:\/\/www.binder-optik.de\/wp-content\/uploads\/2023\/08\/Optik-Binder-NT-Teambild-300x220.jpg 300w, https:\/\/www.binder-optik.de\/wp-content\/uploads\/2023\/08\/Optik-Binder-NT-Teambild-524x385.jpg 524w\" sizes=\"auto, (max-width: 532px) 100vw, 532px\" \/><figcaption class=\"wp-element-caption\">N\u00fcrtingen optisyenleri aras\u0131nda sekt\u00f6r\u00fcn kazananlar\u0131 (soldan): Dominic Schneider (stajyer optisyen), Heike Hopfensitz (optisyen), Christian Baur (optisyen), Gudrun H\u00e4gele (optisyen, ma\u011faza m\u00fcd\u00fcr yard\u0131mc\u0131s\u0131), Nikolaus Rehlen (usta optisyen, ma\u011faza m\u00fcd\u00fcr\u00fc). \u00a9 N\u00fcrtinger Zeitung \/ J\u00fcrgen Holzwarth <\/figcaption><\/figure>\n<\/div>\n\n\n\n<div class=\"wp-block-custom-column col col-7\">\n<p class=\"has-text-align-left\">N\u00fcrtingen ekibinin ba\u015far\u0131 re\u00e7etesi: &#8220;Dan\u0131\u015fma s\u0131ras\u0131nda her m\u00fc\u015fteriye ayr\u0131 ayr\u0131 hizmet veriyoruz. M\u00fc\u015fterinin g\u00f6zl\u00fcklerine ne i\u00e7in ihtiya\u00e7 duydu\u011funu ve g\u00f6zl\u00fcklerini en s\u0131k hangi durumlarda kulland\u0131\u011f\u0131n\u0131 \u00f6\u011frenmek \u00f6nemlidir. Dan\u0131\u015fma s\u0131ras\u0131nda, ilgili ihtiya\u00e7lar i\u00e7in en iyi \u00e7er\u00e7eve ve cam kombinasyonunu buluyoruz. Yeni bir g\u00f6zl\u00fck se\u00e7erken, sadece mevcut g\u00f6rme kusuru de\u011fil, ayn\u0131 zamanda m\u00fc\u015fterinin \u00f6zel ve profesyonel hayat\u0131 ve ki\u015fisel al\u0131\u015fkanl\u0131klar\u0131 da rol oynar&#8221; diye a\u00e7\u0131kl\u0131yor ma\u011faza m\u00fcd\u00fcr\u00fc Nikolaus Rehlen.<\/p>\n\n\n\n<p>N\u00fcrtingen&#8217;deki Binder Optik adresinde sadece e\u011fitimli optisyenler \u00e7al\u0131\u015fmaktad\u0131r. Bu uzman ma\u011fazan\u0131n, Binder Optik adresini ba\u015fkalar\u0131na tavsiye etmekten mutluluk duyan \u00e7ok say\u0131da d\u00fczenli m\u00fc\u015fterisi bulunmaktad\u0131r. Sonu\u00e7 olarak m\u00fc\u015fteri taban\u0131 s\u00fcrekli b\u00fcy\u00fcyor. &#8220;Ekibimizdeki atmosfer harika. Herkes i\u015finden ve insanlarla \u00e7al\u0131\u015fmaktan keyif al\u0131yor,&#8221; diye vurguluyor Nikolaus Rehlen.   <\/p>\n\n\n\n<p>M\u00fc\u015fteriler de 5. N\u00fcrtingen M\u00fc\u015fteri De\u011ferlendirmesinin sonu\u00e7lar\u0131n\u0131n g\u00f6sterdi\u011fi gibi bunu kabul etmi\u015f g\u00f6r\u00fcn\u00fcyor. Tavsiye kalitesi ve m\u00fckemmel fiyat\/performans oran\u0131 sadece 5. N\u00fcrtingen M\u00fc\u015fteri De\u011ferlendirmesi taraf\u0131ndan onaylanmakla kalm\u0131yor, ayn\u0131 zamanda uzman ma\u011fazan\u0131n \u015fu anda 100&#8217;den fazla de\u011ferlendirmeden 5 \u00fczerinden 5 y\u0131ld\u0131zla parlad\u0131\u011f\u0131 Google de\u011ferlendirmeleri gibi di\u011fer de\u011ferlendirmelere de yans\u0131yor. <\/p>\n<\/div>\n<\/div>\n<\/div><\/div><\/section>\n\n<section class=\"wp-block-custom-container alignwide block-content  block-content--spacing-top block-content--spacing-bottom\"><div class=\"container container--wide\"><div class=\"container__body\">\n<section class=\"wp-block-custom-container alignwide block-content  has-gelb-background-color\" style=\"background-color:#FFFF00\"><div class=\"container container--wide\"><div class=\"container__body\"><style>.wp-block-columns.are-vertically-aligned-center{gap:1em;margin-bottom:.5rem}@media (min-width: 992px){.wp-block-columns.are-vertically-aligned-center{margin-bottom:1rem}}.wp-block-columns.are-vertically-aligned-center :last-child{margin-bottom:0}.wp-block-columns.are-vertically-aligned-center figure{margin-bottom:0}.wp-block-columns.no-margin{margin-bottom:0 !important}@media (max-width: 991px){.wp-block-columns.hide-mobile{display:none}}:where(.wp-block-columns.is-layout-flex){gap:1em}\n<\/style>\n<div class=\"wp-block-columns are-vertically-aligned-center is-layout-flex wp-container-core-columns-is-layout-1 wp-block-columns-is-layout-flex\">\n<div class=\"wp-block-column is-vertically-aligned-center is-layout-flow wp-block-column-is-layout-flow\" style=\"flex-basis:66.66%\">\n<h2 class=\"wp-block-heading\"><strong>B\u00fclten kayd\u0131<\/strong><\/h2>\n\n\n\n<p>Haber b\u00fcltenine \u015fimdi abone olun ve 20 Euro de\u011ferinde Binder Optik al\u0131\u015fveri\u015f \u00e7eki kazan\u0131n.<\/p>\n\n\n\n<div class=\"wp-block-buttons is-layout-flex wp-block-buttons-is-layout-flex\"><style>.wp-block-button{margin:0 0 3rem}.wp-block-button:last-child,.wp-block-button:only-child{margin-bottom:0}.wp-block-button.align-center{text-align:center}.wp-block-button.align-right{text-align:right}.wp-block-columns+.wp-block-button{margin-top:6.3rem}.wp-block-button__link{display:inline-block;padding:1.8rem 1.8rem;font-weight:600;text-align:center;text-decoration:none;color:#2B2E34;border:2px solid #FFFA00;border-radius:.5rem;background-color:#FFFA00;cursor:pointer;font-size:1.6rem;line-height:1}@media (min-width: 1380px){.wp-block-button__link{padding:1.8rem 3.8rem;font-size:1.8rem;line-height:1}}.wp-block-button:not(.is-style-link-only):not(.is-style-outline):not(.is-style-fill-secondary) .wp-block-button__link{position:relative}.wp-block-button:not(.is-style-link-only):not(.is-style-outline):not(.is-style-fill-secondary) .wp-block-button__link:hover,.wp-block-button:not(.is-style-link-only):not(.is-style-outline):not(.is-style-fill-secondary) .wp-block-button__link:focus{color:#fff;border-color:#00597E;background-color:#00597E}.wp-block-button .wp-block-button__link{transition:.2s}.is-style-fill-secondary .wp-block-button__link{color:#fff;border-color:#00597E;background-color:#00597E}.is-style-fill-secondary .wp-block-button__link:hover,.is-style-fill-secondary .wp-block-button__link:focus{color:#2B2E34;border-color:#FFFA00;background-color:#FFFA00}.is-style-outline .wp-block-button__link{padding:1.8rem 1.8rem !important;color:#00597E !important;border-color:#00597E;background-color:transparent}@media (min-width: 1380px){.is-style-outline .wp-block-button__link{padding:1.8rem 3.8rem !important}}.is-style-outline .wp-block-button__link:hover,.is-style-outline .wp-block-button__link:focus{color:#fff !important;border-color:#00597E !important;background-color:#00597E !important}.is-style-link-only .wp-block-button__link{min-width:0;padding:0;padding-right:2rem;position:relative;font-weight:600;color:#00597E;letter-spacing:0;text-transform:none;border:none;background-color:transparent;transition:color .2s,text-decoration-color .2s;font-size:1.8rem;line-height:1}.is-style-link-only .wp-block-button__link::after{content:'';display:inline-block;width:8px;height:13px;position:absolute;top:50%;right:0;transform:translate(0, -50%);background-image:url(\"https:\/\/www.binder-optik.de\/wp-content\/themes\/ATLAS\/images\/svg\/button_arrow-right_secondary.svg\");background-repeat:no-repeat;background-size:contain;transition:right 0.2s}.is-style-link-only .wp-block-button__link:hover::after,.is-style-link-only .wp-block-button__link:focus::after{right:-5px}\n<\/style>\n<div class=\"wp-block-button is-style-fill-secondary\"><a class=\"wp-block-button__link wp-element-button\" href=\"https:\/\/www.binder-optik.de\/tr\/buelten-kaydi\/\">Kay\u0131t i\u00e7in<\/a><\/div>\n<\/div>\n<\/div>\n\n\n\n<div class=\"wp-block-column is-vertically-aligned-center is-layout-flow wp-block-column-is-layout-flow\" style=\"flex-basis:33.33%\">\n<figure class=\"wp-block-image size-full\"><img loading=\"lazy\" decoding=\"async\" width=\"902\" height=\"625\" src=\"https:\/\/www.binder-optik.de\/wp-content\/uploads\/2025\/05\/2023_10_05-Newsletter-Anmeldung_433x300-1_EN.jpg\" alt=\"Binder Optik\" class=\"wp-image-19189\" title=\"\" srcset=\"https:\/\/www.binder-optik.de\/wp-content\/uploads\/2025\/05\/2023_10_05-Newsletter-Anmeldung_433x300-1_EN.jpg 902w, https:\/\/www.binder-optik.de\/wp-content\/uploads\/2025\/05\/2023_10_05-Newsletter-Anmeldung_433x300-1_EN-300x208.jpg 300w, https:\/\/www.binder-optik.de\/wp-content\/uploads\/2025\/05\/2023_10_05-Newsletter-Anmeldung_433x300-1_EN-768x532.jpg 768w, https:\/\/www.binder-optik.de\/wp-content\/uploads\/2025\/05\/2023_10_05-Newsletter-Anmeldung_433x300-1_EN-524x363.jpg 524w\" sizes=\"auto, (max-width: 902px) 100vw, 902px\" \/><\/figure>\n<\/div>\n<\/div>\n<\/div><\/div><\/section>\n<\/div><\/div><\/section>\n","protected":false},"excerpt":{"rendered":"","protected":false},"author":13,"featured_media":14958,"comment_status":"closed","ping_status":"closed","sticky":false,"template":"","format":"standard","meta":{"_acf_changed":false,"footnotes":""},"categories":[1],"tags":[],"class_list":["post-17930","post","type-post","status-publish","format-standard","has-post-thumbnail","hentry","category-kategorize-edilmemis"],"acf":[],"publishpress_future_action":{"enabled":false,"date":"2026-05-08 15:27:45","action":"change-status","newStatus":"draft","terms":[],"taxonomy":"category","extraData":[]},"publishpress_future_workflow_manual_trigger":{"enabledWorkflows":[]},"_links":{"self":[{"href":"https:\/\/www.binder-optik.de\/tr\/wp-json\/wp\/v2\/posts\/17930","targetHints":{"allow":["GET"]}}],"collection":[{"href":"https:\/\/www.binder-optik.de\/tr\/wp-json\/wp\/v2\/posts"}],"about":[{"href":"https:\/\/www.binder-optik.de\/tr\/wp-json\/wp\/v2\/types\/post"}],"author":[{"embeddable":true,"href":"https:\/\/www.binder-optik.de\/tr\/wp-json\/wp\/v2\/users\/13"}],"replies":[{"embeddable":true,"href":"https:\/\/www.binder-optik.de\/tr\/wp-json\/wp\/v2\/comments?post=17930"}],"version-history":[{"count":1,"href":"https:\/\/www.binder-optik.de\/tr\/wp-json\/wp\/v2\/posts\/17930\/revisions"}],"predecessor-version":[{"id":17935,"href":"https:\/\/www.binder-optik.de\/tr\/wp-json\/wp\/v2\/posts\/17930\/revisions\/17935"}],"wp:featuredmedia":[{"embeddable":true,"href":"https:\/\/www.binder-optik.de\/tr\/wp-json\/wp\/v2\/media\/14958"}],"wp:attachment":[{"href":"https:\/\/www.binder-optik.de\/tr\/wp-json\/wp\/v2\/media?parent=17930"}],"wp:term":[{"taxonomy":"category","embeddable":true,"href":"https:\/\/www.binder-optik.de\/tr\/wp-json\/wp\/v2\/categories?post=17930"},{"taxonomy":"post_tag","embeddable":true,"href":"https:\/\/www.binder-optik.de\/tr\/wp-json\/wp\/v2\/tags?post=17930"}],"curies":[{"name":"wp","href":"https:\/\/api.w.org\/{rel}","templated":true}]}}