{"id":17924,"date":"2021-08-27T13:45:55","date_gmt":"2021-08-27T11:45:55","guid":{"rendered":"https:\/\/www.binder-optik.de\/en-iyilerimiz-agirliginca-altin-degerindedir\/"},"modified":"2025-04-15T14:46:38","modified_gmt":"2025-04-15T12:46:38","slug":"en-iyilerimiz-agirliginca-altin-degerindedir","status":"publish","type":"post","link":"https:\/\/www.binder-optik.de\/tr\/en-iyilerimiz-agirliginca-altin-degerindedir\/","title":{"rendered":"En iyilerimiz a\u011f\u0131rl\u0131\u011f\u0131nca alt\u0131n de\u011ferindedir"},"content":{"rendered":"\n<section class=\"wp-block-custom-container alignwide block-content  block-content--spacing-top block-content--margin-top\"><style>.block-content{position:relative}.block-content--spacing-top{padding-top:2rem}@media (min-width: 992px){.block-content--spacing-top{padding-top:4rem}}.block-content--spacing-bottom{padding-bottom:2rem}@media (min-width: 992px){.block-content--spacing-bottom{padding-bottom:4rem}}.block-content--margin-top{margin-top:2rem}@media (min-width: 992px){.block-content--margin-top{margin-top:4rem}}.block-content--margin-bottom{margin-bottom:2rem}@media (min-width: 992px){.block-content--margin-bottom{margin-bottom:4rem}}.block-content.z-index{position:relative;z-index:2}.block-content .container{position:relative;z-index:1}.block-content .container--full{padding:0}.block-content .container .container{padding:2rem}@media (min-width: 992px){.block-content .container .container{padding:4rem}}.block-content .container-overlay{position:absolute;z-index:0;top:0;right:0;bottom:0;left:0}.block-content.career-container{margin-top:-8rem;z-index:2;pointer-events:none}.block-content.career-container .block-content{pointer-events:all;-webkit-box-shadow:0px 0px 15px 5px rgba(0,0,0,0.1);box-shadow:0px 0px 15px 5px rgba(0,0,0,0.1)}.block-content.career-container .wp-block-custom-column{margin-bottom:0}\n<\/style><div class=\"container container--wide\"><div class=\"container__body\">\n<p class=\"is-style-subheading\">27 A\u011fustos 2021<\/p>\n\n\n\n<h1 class=\"wp-block-heading\">En iyilerimiz a\u011f\u0131rl\u0131\u011f\u0131nca alt\u0131n de\u011ferindedir<\/h1>\n\n\n\n<div class=\"wp-block-custom-spacing spacing-element spacing-mobile--small spacing-tablet--small spacing-small-desktop--small spacing-desktop--small\"><\/div>\n<\/div><\/div><\/section>\n\n<section class=\"wp-block-custom-container alignwide block-content\"><div class=\"container container--wide\"><div class=\"container__body\">\n<p>Bir zanaat i\u015fletmesi olarak, gen\u00e7 personelimizin e\u011fitimi bizim i\u00e7in \u00f6zellikle \u00f6nemlidir. Bu y\u0131l bir kez daha kutlama yapmak i\u00e7in nedenimiz vard\u0131: d\u00f6rt gen\u00e7 erkek ve kad\u0131n optisyenlik e\u011fitimlerini m\u00fckemmel notlar ve derecelerle tamamlad\u0131. \u0130yi performans Binder Optik adresinde kar\u015f\u0131l\u0131\u011f\u0131n\u0131 buluyor &#8211; bu nedenle yeni <strong>kalfalar Judith Fai\u00dft, Franziska Meilbeck, Julius <\/strong><strong> Billwiller ve Lukas<\/strong> Daubner A\u011fustos sonunda B\u00f6blingen&#8217;deki genel merkezde bir \u00f6d\u00fcl t\u00f6renine davet edildi.  <\/p>\n\n\n\n<div class=\"wp-block-custom-columns columns-row row\"><style>.columns-row--spacing-top{padding-top:2rem}@media (min-width: 992px){.columns-row--spacing-top{padding-top:4rem}}.columns-row--spacing-bottom{padding-bottom:2rem}@media (min-width: 992px){.columns-row--spacing-bottom{padding-bottom:4rem}}.columns-row--margin-top{margin-top:2rem}@media (min-width: 992px){.columns-row--margin-top{margin-top:4rem}}.columns-row--margin-bottom{margin-bottom:2rem}@media (min-width: 992px){.columns-row--margin-bottom{margin-bottom:4rem}}\n<\/style>\n<div class=\"wp-block-custom-column col col-6\">\n<p>Genel M\u00fcd\u00fcr Dominic Baur, s\u0131ras\u0131yla 1.4 ve 1.6 ortalama notlarla \u00fcst\u00fcn ba\u015far\u0131 g\u00f6steren d\u00f6rt mezunu tebrik etti. Binder Optik &#8216;da \u00fcst\u00fcn ba\u015far\u0131l\u0131 \u00e7al\u0131\u015fanlar kelimenin tam anlam\u0131yla alt\u0131n de\u011ferindedir! Dominic Baur her d\u00f6rt mezuna da alt\u0131n k\u00fcl\u00e7e \u015feklinde birer \u00f6d\u00fcl takdim etti.  <\/p>\n\n\n\n<p><strong>Yeni kalfalar e\u011fitimlerinden sonra ne yaparlar?<\/strong><\/p>\n\n\n\n<p>Judith Fai\u00dft, Kornwestheim&#8217;daki Binder Optik ekibinin bir par\u00e7as\u0131 olmaya devam ediyor. Lukas Daubner Holzgerlingen&#8217;de e\u011fitim g\u00f6rd\u00fc ve \u015fimdi Herrenberg&#8217;e ta\u015f\u0131n\u0131yor. Her ikisi de daha sonraki bir tarihte usta zanaatkar okuluna kat\u0131lmak istiyor.  <\/p>\n\n\n\n<p>\u0130K M\u00fcd\u00fcr\u00fc Sabine le Plat, g\u00fcn\u00fcn di\u011fer iki onur konu\u011funa h\u00fcz\u00fcnl\u00fc bir veda etti. Franziska Meilbeck, Aalen \u00dcniversitesi&#8217;nde oftalmik optik alan\u0131nda uzmanla\u015fmak \u00fczere Binder Optik adresinden ayr\u0131l\u0131yor. Julius Billwiller ise Reutlingen&#8217;deki e\u011fitim merkezinden Baden-W\u00fcrttemberg&#8217;in g\u00fcneydo\u011fusundaki memleketine geri d\u00f6n\u00fcyor.  <\/p>\n<\/div>\n\n\n\n<div class=\"wp-block-custom-column col col-6\"><style>.wp-block-image.alignright{margin:0 !important}.wp-block-image.alignleft{float:none !important}.wp-block-image .wp-element-caption{text-align:left}\n<\/style>\n<figure class=\"wp-block-image size-large\"><img loading=\"lazy\" decoding=\"async\" width=\"1024\" height=\"732\" src=\"https:\/\/www.binder-optik.de\/wp-content\/uploads\/2023\/08\/BinderOptik_Auszeichnung_Gesellen_2021-2048x1463-1-1024x732.jpg\" alt=\"Binder Optik\" class=\"wp-image-2596\" title=\"\" srcset=\"https:\/\/www.binder-optik.de\/wp-content\/uploads\/2023\/08\/BinderOptik_Auszeichnung_Gesellen_2021-2048x1463-1-1024x732.jpg 1024w, https:\/\/www.binder-optik.de\/wp-content\/uploads\/2023\/08\/BinderOptik_Auszeichnung_Gesellen_2021-2048x1463-1-906x647.jpg 906w, https:\/\/www.binder-optik.de\/wp-content\/uploads\/2023\/08\/BinderOptik_Auszeichnung_Gesellen_2021-2048x1463-1-300x214.jpg 300w, https:\/\/www.binder-optik.de\/wp-content\/uploads\/2023\/08\/BinderOptik_Auszeichnung_Gesellen_2021-2048x1463-1-768x549.jpg 768w, https:\/\/www.binder-optik.de\/wp-content\/uploads\/2023\/08\/BinderOptik_Auszeichnung_Gesellen_2021-2048x1463-1-1536x1097.jpg 1536w, https:\/\/www.binder-optik.de\/wp-content\/uploads\/2023\/08\/BinderOptik_Auszeichnung_Gesellen_2021-2048x1463-1-760x542.jpg 760w, https:\/\/www.binder-optik.de\/wp-content\/uploads\/2023\/08\/BinderOptik_Auszeichnung_Gesellen_2021-2048x1463-1-524x374.jpg 524w, https:\/\/www.binder-optik.de\/wp-content\/uploads\/2023\/08\/BinderOptik_Auszeichnung_Gesellen_2021-2048x1463-1.jpg 2048w\" sizes=\"auto, (max-width: 1024px) 100vw, 1024px\" \/><figcaption class=\"wp-element-caption\">Soldan sa\u011fa: Genel M\u00fcd\u00fcr Dominic Baur, onurland\u0131r\u0131lan bekarlar Franziska Meilbeck, Julius Billwiller, Judith Fai\u00dft ve Lukas Daubner ve \u0130K M\u00fcd\u00fcr\u00fc Sabine le Plat ile birlikte. T\u00fcm kat\u0131l\u0131mc\u0131lar a\u015f\u0131lanm\u0131\u015f, iyile\u015fmi\u015f veya COVID-19 testleri negatif \u00e7\u0131km\u0131\u015ft\u0131r. <\/figcaption><\/figure>\n<\/div>\n<\/div>\n<\/div><\/div><\/section>\n\n<section class=\"wp-block-custom-container alignwide block-content  block-content--spacing-top block-content--spacing-bottom\"><div class=\"container container--wide\"><div class=\"container__body\">\n<section class=\"wp-block-custom-container alignwide block-content  has-gelb-background-color\" style=\"background-color:#FFFF00\"><div class=\"container container--wide\"><div class=\"container__body\"><style>.wp-block-columns.are-vertically-aligned-center{gap:1em;margin-bottom:.5rem}@media (min-width: 992px){.wp-block-columns.are-vertically-aligned-center{margin-bottom:1rem}}.wp-block-columns.are-vertically-aligned-center :last-child{margin-bottom:0}.wp-block-columns.are-vertically-aligned-center figure{margin-bottom:0}.wp-block-columns.no-margin{margin-bottom:0 !important}@media (max-width: 991px){.wp-block-columns.hide-mobile{display:none}}:where(.wp-block-columns.is-layout-flex){gap:1em}\n<\/style>\n<div class=\"wp-block-columns are-vertically-aligned-center is-layout-flex wp-container-core-columns-is-layout-1 wp-block-columns-is-layout-flex\">\n<div class=\"wp-block-column is-vertically-aligned-center is-layout-flow wp-block-column-is-layout-flow\" style=\"flex-basis:66.66%\">\n<h2 class=\"wp-block-heading\"><strong>B\u00fclten kayd\u0131<\/strong><\/h2>\n\n\n\n<p>Haber b\u00fcltenine \u015fimdi abone olun ve 20 Euro de\u011ferinde Binder Optik al\u0131\u015fveri\u015f \u00e7eki kazan\u0131n.<\/p>\n\n\n\n<div class=\"wp-block-buttons is-layout-flex wp-block-buttons-is-layout-flex\"><style>.wp-block-button{margin:0 0 3rem}.wp-block-button:last-child,.wp-block-button:only-child{margin-bottom:0}.wp-block-button.align-center{text-align:center}.wp-block-button.align-right{text-align:right}.wp-block-columns+.wp-block-button{margin-top:6.3rem}.wp-block-button__link{display:inline-block;padding:1.8rem 1.8rem;font-weight:600;text-align:center;text-decoration:none;color:#2B2E34;border:2px solid #FFFA00;border-radius:.5rem;background-color:#FFFA00;cursor:pointer;font-size:1.6rem;line-height:1}@media (min-width: 1380px){.wp-block-button__link{padding:1.8rem 3.8rem;font-size:1.8rem;line-height:1}}.wp-block-button:not(.is-style-link-only):not(.is-style-outline):not(.is-style-fill-secondary) .wp-block-button__link{position:relative}.wp-block-button:not(.is-style-link-only):not(.is-style-outline):not(.is-style-fill-secondary) .wp-block-button__link:hover,.wp-block-button:not(.is-style-link-only):not(.is-style-outline):not(.is-style-fill-secondary) .wp-block-button__link:focus{color:#fff;border-color:#00597E;background-color:#00597E}.wp-block-button .wp-block-button__link{transition:.2s}.is-style-fill-secondary .wp-block-button__link{color:#fff;border-color:#00597E;background-color:#00597E}.is-style-fill-secondary .wp-block-button__link:hover,.is-style-fill-secondary .wp-block-button__link:focus{color:#2B2E34;border-color:#FFFA00;background-color:#FFFA00}.is-style-outline .wp-block-button__link{padding:1.8rem 1.8rem !important;color:#00597E !important;border-color:#00597E;background-color:transparent}@media (min-width: 1380px){.is-style-outline .wp-block-button__link{padding:1.8rem 3.8rem !important}}.is-style-outline .wp-block-button__link:hover,.is-style-outline .wp-block-button__link:focus{color:#fff !important;border-color:#00597E !important;background-color:#00597E !important}.is-style-link-only .wp-block-button__link{min-width:0;padding:0;padding-right:2rem;position:relative;font-weight:600;color:#00597E;letter-spacing:0;text-transform:none;border:none;background-color:transparent;transition:color .2s,text-decoration-color .2s;font-size:1.8rem;line-height:1}.is-style-link-only .wp-block-button__link::after{content:'';display:inline-block;width:8px;height:13px;position:absolute;top:50%;right:0;transform:translate(0, -50%);background-image:url(\"https:\/\/www.binder-optik.de\/wp-content\/themes\/ATLAS\/images\/svg\/button_arrow-right_secondary.svg\");background-repeat:no-repeat;background-size:contain;transition:right 0.2s}.is-style-link-only .wp-block-button__link:hover::after,.is-style-link-only .wp-block-button__link:focus::after{right:-5px}\n<\/style>\n<div class=\"wp-block-button is-style-fill-secondary\"><a class=\"wp-block-button__link wp-element-button\" href=\"https:\/\/www.binder-optik.de\/tr\/buelten-kaydi\/\">Kay\u0131t i\u00e7in<\/a><\/div>\n<\/div>\n<\/div>\n\n\n\n<div class=\"wp-block-column is-vertically-aligned-center is-layout-flow wp-block-column-is-layout-flow\" style=\"flex-basis:33.33%\">\n<figure class=\"wp-block-image size-full\"><img loading=\"lazy\" decoding=\"async\" width=\"902\" height=\"625\" src=\"https:\/\/www.binder-optik.de\/wp-content\/uploads\/2025\/05\/2023_10_05-Newsletter-Anmeldung_433x300-1_EN.jpg\" alt=\"Binder Optik\" class=\"wp-image-19189\" title=\"\" srcset=\"https:\/\/www.binder-optik.de\/wp-content\/uploads\/2025\/05\/2023_10_05-Newsletter-Anmeldung_433x300-1_EN.jpg 902w, https:\/\/www.binder-optik.de\/wp-content\/uploads\/2025\/05\/2023_10_05-Newsletter-Anmeldung_433x300-1_EN-300x208.jpg 300w, https:\/\/www.binder-optik.de\/wp-content\/uploads\/2025\/05\/2023_10_05-Newsletter-Anmeldung_433x300-1_EN-768x532.jpg 768w, https:\/\/www.binder-optik.de\/wp-content\/uploads\/2025\/05\/2023_10_05-Newsletter-Anmeldung_433x300-1_EN-524x363.jpg 524w\" sizes=\"auto, (max-width: 902px) 100vw, 902px\" \/><\/figure>\n<\/div>\n<\/div>\n<\/div><\/div><\/section>\n<\/div><\/div><\/section>\n","protected":false},"excerpt":{"rendered":"","protected":false},"author":13,"featured_media":15326,"comment_status":"closed","ping_status":"closed","sticky":false,"template":"","format":"standard","meta":{"_acf_changed":false,"footnotes":""},"categories":[1],"tags":[],"class_list":["post-17924","post","type-post","status-publish","format-standard","has-post-thumbnail","hentry","category-kategorize-edilmemis"],"acf":[],"publishpress_future_action":{"enabled":false,"date":"2026-05-08 15:27:42","action":"change-status","newStatus":"draft","terms":[],"taxonomy":"category","extraData":[]},"publishpress_future_workflow_manual_trigger":{"enabledWorkflows":[]},"_links":{"self":[{"href":"https:\/\/www.binder-optik.de\/tr\/wp-json\/wp\/v2\/posts\/17924","targetHints":{"allow":["GET"]}}],"collection":[{"href":"https:\/\/www.binder-optik.de\/tr\/wp-json\/wp\/v2\/posts"}],"about":[{"href":"https:\/\/www.binder-optik.de\/tr\/wp-json\/wp\/v2\/types\/post"}],"author":[{"embeddable":true,"href":"https:\/\/www.binder-optik.de\/tr\/wp-json\/wp\/v2\/users\/13"}],"replies":[{"embeddable":true,"href":"https:\/\/www.binder-optik.de\/tr\/wp-json\/wp\/v2\/comments?post=17924"}],"version-history":[{"count":1,"href":"https:\/\/www.binder-optik.de\/tr\/wp-json\/wp\/v2\/posts\/17924\/revisions"}],"predecessor-version":[{"id":17925,"href":"https:\/\/www.binder-optik.de\/tr\/wp-json\/wp\/v2\/posts\/17924\/revisions\/17925"}],"wp:featuredmedia":[{"embeddable":true,"href":"https:\/\/www.binder-optik.de\/tr\/wp-json\/wp\/v2\/media\/15326"}],"wp:attachment":[{"href":"https:\/\/www.binder-optik.de\/tr\/wp-json\/wp\/v2\/media?parent=17924"}],"wp:term":[{"taxonomy":"category","embeddable":true,"href":"https:\/\/www.binder-optik.de\/tr\/wp-json\/wp\/v2\/categories?post=17924"},{"taxonomy":"post_tag","embeddable":true,"href":"https:\/\/www.binder-optik.de\/tr\/wp-json\/wp\/v2\/tags?post=17924"}],"curies":[{"name":"wp","href":"https:\/\/api.w.org\/{rel}","templated":true}]}}