{"id":17918,"date":"2021-08-19T13:55:50","date_gmt":"2021-08-19T11:55:50","guid":{"rendered":"https:\/\/www.binder-optik.de\/binder-optik-bir-kez-daha-birkac-kez-onurlandirildi\/"},"modified":"2025-04-15T14:46:36","modified_gmt":"2025-04-15T12:46:36","slug":"binder-optik-bir-kez-daha-birkac-kez-onurlandirildi","status":"publish","type":"post","link":"https:\/\/www.binder-optik.de\/tr\/binder-optik-bir-kez-daha-birkac-kez-onurlandirildi\/","title":{"rendered":"Binder Optik Bir kez daha birka\u00e7 kez onurland\u0131r\u0131ld\u0131"},"content":{"rendered":"\n<section class=\"wp-block-custom-container alignwide block-content  block-content--spacing-top block-content--margin-top\"><style>.block-content{position:relative}.block-content--spacing-top{padding-top:2rem}@media (min-width: 992px){.block-content--spacing-top{padding-top:4rem}}.block-content--spacing-bottom{padding-bottom:2rem}@media (min-width: 992px){.block-content--spacing-bottom{padding-bottom:4rem}}.block-content--margin-top{margin-top:2rem}@media (min-width: 992px){.block-content--margin-top{margin-top:4rem}}.block-content--margin-bottom{margin-bottom:2rem}@media (min-width: 992px){.block-content--margin-bottom{margin-bottom:4rem}}.block-content.z-index{position:relative;z-index:2}.block-content .container{position:relative;z-index:1}.block-content .container--full{padding:0}.block-content .container .container{padding:2rem}@media (min-width: 992px){.block-content .container .container{padding:4rem}}.block-content .container-overlay{position:absolute;z-index:0;top:0;right:0;bottom:0;left:0}.block-content.career-container{margin-top:-8rem;z-index:2;pointer-events:none}.block-content.career-container .block-content{pointer-events:all;-webkit-box-shadow:0px 0px 15px 5px rgba(0,0,0,0.1);box-shadow:0px 0px 15px 5px rgba(0,0,0,0.1)}.block-content.career-container .wp-block-custom-column{margin-bottom:0}\n<\/style><div class=\"container container--wide\"><div class=\"container__body\">\n<p class=\"is-style-subheading\">19 A\u011fustos 2021<\/p>\n\n\n\n<h1 class=\"wp-block-heading\">Binder Optik Bir kez daha birka\u00e7 kez onurland\u0131r\u0131ld\u0131<\/h1>\n\n\n\n<div class=\"wp-block-custom-spacing spacing-element spacing-mobile--small spacing-tablet--small spacing-small-desktop--small spacing-desktop--small\"><\/div>\n<\/div><\/div><\/section>\n\n<section class=\"wp-block-custom-container alignwide block-content\"><div class=\"container container--wide\"><div class=\"container__body\">\n<div class=\"wp-block-custom-columns columns-row row\"><style>.columns-row--spacing-top{padding-top:2rem}@media (min-width: 992px){.columns-row--spacing-top{padding-top:4rem}}.columns-row--spacing-bottom{padding-bottom:2rem}@media (min-width: 992px){.columns-row--spacing-bottom{padding-bottom:4rem}}.columns-row--margin-top{margin-top:2rem}@media (min-width: 992px){.columns-row--margin-top{margin-top:4rem}}.columns-row--margin-bottom{margin-bottom:2rem}@media (min-width: 992px){.columns-row--margin-bottom{margin-bottom:4rem}}\n<\/style>\n<div class=\"wp-block-custom-column col col-6\">\n<p>Binder Optik 45 y\u0131l\u0131 a\u015fk\u0131n bir s\u00fcredir marka kalitesini, otantik g\u00f6zl\u00fck\u00e7\u00fc i\u015f\u00e7ili\u011fini ve kapsaml\u0131 m\u00fc\u015fteri hizmetlerini temsil etmektedir. \u00dcst\u00fcn performans\u0131m\u0131z bir\u00e7ok ba\u011f\u0131ms\u0131z anket taraf\u0131ndan bir kez daha onaylanm\u0131\u015ft\u0131r: Bu y\u0131l Binder Optik <strong>&#8220;M\u00fc\u015fteri isteklerinin \u00f6rnek \u015fekilde yerine getirilmesi<\/strong>&#8220;,<strong>&#8220;En adil \u015firket&#8221; ve<\/strong><strong>&#8220;Almanya&#8217;n\u0131n en iyisi&#8221; \u00f6d\u00fcllerini<\/strong><strong>ald\u0131<\/strong><strong>.<\/strong> <\/p>\n\n\n\n<p><strong>M\u00fc\u015fteri isteklerine odaklan\u0131n<\/strong><\/p>\n\n\n\n<p>Binder Optik adresinde iyi g\u00f6r\u00fc\u015f ve iyi g\u00f6r\u00fcn\u00fcm sa\u011fl\u0131yoruz. Y\u00fcksek e\u011fitimli optisyenlerimiz \u00fcst\u00fcn kalitede dan\u0131\u015fmanl\u0131k hizmeti sunmaktad\u0131r. Kons\u00fcltasyonda sadece ilgili g\u00f6rme kusuru de\u011fil, ayn\u0131 zamanda \u00f6zel ve profesyonel g\u00fcnl\u00fck ya\u015fam ve ki\u015fisel al\u0131\u015fkanl\u0131klar da rol oynar.  <\/p>\n\n\n\n<p>Focus Money ve Deutschland Test de m\u00fc\u015fterilerimizin ihtiya\u00e7 ve isteklerinin her zaman ilk s\u0131rada geldi\u011fini teyit etti: Binder Optik <strong>&#8220;m\u00fc\u015fteri isteklerinin \u00f6rnek \u015fekilde yerine getirilmesi&#8221; \u00f6d\u00fcl\u00fcn\u00fc<\/strong>ald\u0131.<\/p>\n\n\n\n<p><strong>Bir kez daha en iyi ve en adil<\/strong><\/p>\n\n\n\n<p>Ayr\u0131ca, Focus Money ve Deutschland Test taraf\u0131ndan yapt\u0131r\u0131lan \u00e7evrimi\u00e7i bir ara\u015ft\u0131rmaya g\u00f6re, Binder Optik <strong>&#8220;Almanya&#8217;n\u0131n en iyi&#8221; optisyenlerinden biridir<\/strong>. 2018, 2019 ve 2020&#8217;den sonra Binder Optik <strong>d\u00f6rd\u00fcnc\u00fc kez<\/strong>en iyiler aras\u0131na girmi\u015f oldu. <\/p>\n\n\n\n<p>M\u00fckemmel kalitede dan\u0131\u015fmanl\u0131\u011f\u0131n yan\u0131 s\u0131ra, Binder m\u00fc\u015fterileri &#8220;b\u00fcy\u00fck markalar &#8211; k\u00fc\u00e7\u00fck fiyatlar&#8221; slogan\u0131 do\u011frultusunda paralar\u0131n\u0131n kar\u015f\u0131l\u0131\u011f\u0131n\u0131 en iyi \u015fekilde almaktad\u0131r. Bu durum ba\u015fka bir ara\u015ft\u0131rman\u0131n sonu\u00e7lar\u0131na da yans\u0131m\u0131\u015ft\u0131r: ServiceValue GmbH taraf\u0131ndan Deutschland Test ile i\u015fbirli\u011fi i\u00e7inde y\u00fcr\u00fct\u00fclen temsili bir \u00e7evrimi\u00e7i ankete g\u00f6re, ortalaman\u0131n \u00fczerinde say\u0131da Binder m\u00fc\u015fterisi kendilerine &#8220;adil davran\u0131ld\u0131\u011f\u0131n\u0131 veya adil bak\u0131m sa\u011fland\u0131\u011f\u0131n\u0131&#8221; d\u00fc\u015f\u00fcnmektedir. Bu, Binder Optik &#8216;un 2020&#8217; <strong>den bu yana ikinci kez<\/strong><strong>&#8220;En Adil<\/strong>\u015eirket&#8221;<strong>\u00f6d\u00fcl\u00fcn\u00fc almas\u0131d\u0131r<\/strong>.  <\/p>\n<\/div>\n\n\n\n<div class=\"wp-block-custom-column col col-6\"><style>.wp-block-image.alignright{margin:0 !important}.wp-block-image.alignleft{float:none !important}.wp-block-image .wp-element-caption{text-align:left}\n<\/style>\n<figure class=\"wp-block-image size-full\"><img loading=\"lazy\" decoding=\"async\" width=\"768\" height=\"562\" src=\"https:\/\/www.binder-optik.de\/wp-content\/uploads\/2023\/08\/Binder_Optik_Beste-Optiker-2022-768x562-2.jpg\" alt=\"Binder Optik\" class=\"wp-image-2607\" title=\"\" srcset=\"https:\/\/www.binder-optik.de\/wp-content\/uploads\/2023\/08\/Binder_Optik_Beste-Optiker-2022-768x562-2.jpg 768w, https:\/\/www.binder-optik.de\/wp-content\/uploads\/2023\/08\/Binder_Optik_Beste-Optiker-2022-768x562-2-300x220.jpg 300w, https:\/\/www.binder-optik.de\/wp-content\/uploads\/2023\/08\/Binder_Optik_Beste-Optiker-2022-768x562-2-524x383.jpg 524w\" sizes=\"auto, (max-width: 768px) 100vw, 768px\" \/><\/figure>\n\n\n\n<div style=\"height:2rem\" aria-hidden=\"true\" class=\"wp-block-spacer\"><\/div>\n\n\n\n<figure class=\"wp-block-image size-large\"><img loading=\"lazy\" decoding=\"async\" width=\"1024\" height=\"768\" src=\"https:\/\/www.binder-optik.de\/wp-content\/uploads\/2023\/08\/Binder_Optik_fairstes_Unternehmen_2021-1024x768.jpg\" alt=\"Binder Optik\" class=\"wp-image-2608\" title=\"\" srcset=\"https:\/\/www.binder-optik.de\/wp-content\/uploads\/2023\/08\/Binder_Optik_fairstes_Unternehmen_2021-1024x768.jpg 1024w, https:\/\/www.binder-optik.de\/wp-content\/uploads\/2023\/08\/Binder_Optik_fairstes_Unternehmen_2021-906x680.jpg 906w, https:\/\/www.binder-optik.de\/wp-content\/uploads\/2023\/08\/Binder_Optik_fairstes_Unternehmen_2021-300x225.jpg 300w, https:\/\/www.binder-optik.de\/wp-content\/uploads\/2023\/08\/Binder_Optik_fairstes_Unternehmen_2021-768x576.jpg 768w, https:\/\/www.binder-optik.de\/wp-content\/uploads\/2023\/08\/Binder_Optik_fairstes_Unternehmen_2021-1536x1152.jpg 1536w, https:\/\/www.binder-optik.de\/wp-content\/uploads\/2023\/08\/Binder_Optik_fairstes_Unternehmen_2021-524x393.jpg 524w, https:\/\/www.binder-optik.de\/wp-content\/uploads\/2023\/08\/Binder_Optik_fairstes_Unternehmen_2021.jpg 1600w\" sizes=\"auto, (max-width: 1024px) 100vw, 1024px\" \/><\/figure>\n<\/div>\n<\/div>\n<\/div><\/div><\/section>\n\n<section class=\"wp-block-custom-container alignwide block-content  block-content--spacing-top block-content--spacing-bottom\"><div class=\"container container--wide\"><div class=\"container__body\">\n<section class=\"wp-block-custom-container alignwide block-content  has-gelb-background-color\" style=\"background-color:#FFFF00\"><div class=\"container container--wide\"><div class=\"container__body\"><style>.wp-block-columns.are-vertically-aligned-center{gap:1em;margin-bottom:.5rem}@media (min-width: 992px){.wp-block-columns.are-vertically-aligned-center{margin-bottom:1rem}}.wp-block-columns.are-vertically-aligned-center :last-child{margin-bottom:0}.wp-block-columns.are-vertically-aligned-center figure{margin-bottom:0}.wp-block-columns.no-margin{margin-bottom:0 !important}@media (max-width: 991px){.wp-block-columns.hide-mobile{display:none}}:where(.wp-block-columns.is-layout-flex){gap:1em}\n<\/style>\n<div class=\"wp-block-columns are-vertically-aligned-center is-layout-flex wp-container-core-columns-is-layout-1 wp-block-columns-is-layout-flex\">\n<div class=\"wp-block-column is-vertically-aligned-center is-layout-flow wp-block-column-is-layout-flow\" style=\"flex-basis:66.66%\">\n<h2 class=\"wp-block-heading\"><strong>B\u00fclten kayd\u0131<\/strong><\/h2>\n\n\n\n<p>Haber b\u00fcltenine \u015fimdi abone olun ve 20 Euro de\u011ferinde Binder Optik al\u0131\u015fveri\u015f \u00e7eki kazan\u0131n.<\/p>\n\n\n\n<div class=\"wp-block-buttons is-layout-flex wp-block-buttons-is-layout-flex\"><style>.wp-block-button{margin:0 0 3rem}.wp-block-button:last-child,.wp-block-button:only-child{margin-bottom:0}.wp-block-button.align-center{text-align:center}.wp-block-button.align-right{text-align:right}.wp-block-columns+.wp-block-button{margin-top:6.3rem}.wp-block-button__link{display:inline-block;padding:1.8rem 1.8rem;font-weight:600;text-align:center;text-decoration:none;color:#2B2E34;border:2px solid #FFFA00;border-radius:.5rem;background-color:#FFFA00;cursor:pointer;font-size:1.6rem;line-height:1}@media (min-width: 1380px){.wp-block-button__link{padding:1.8rem 3.8rem;font-size:1.8rem;line-height:1}}.wp-block-button:not(.is-style-link-only):not(.is-style-outline):not(.is-style-fill-secondary) .wp-block-button__link{position:relative}.wp-block-button:not(.is-style-link-only):not(.is-style-outline):not(.is-style-fill-secondary) .wp-block-button__link:hover,.wp-block-button:not(.is-style-link-only):not(.is-style-outline):not(.is-style-fill-secondary) .wp-block-button__link:focus{color:#fff;border-color:#00597E;background-color:#00597E}.wp-block-button .wp-block-button__link{transition:.2s}.is-style-fill-secondary .wp-block-button__link{color:#fff;border-color:#00597E;background-color:#00597E}.is-style-fill-secondary .wp-block-button__link:hover,.is-style-fill-secondary .wp-block-button__link:focus{color:#2B2E34;border-color:#FFFA00;background-color:#FFFA00}.is-style-outline .wp-block-button__link{padding:1.8rem 1.8rem !important;color:#00597E !important;border-color:#00597E;background-color:transparent}@media (min-width: 1380px){.is-style-outline .wp-block-button__link{padding:1.8rem 3.8rem !important}}.is-style-outline .wp-block-button__link:hover,.is-style-outline .wp-block-button__link:focus{color:#fff !important;border-color:#00597E !important;background-color:#00597E !important}.is-style-link-only .wp-block-button__link{min-width:0;padding:0;padding-right:2rem;position:relative;font-weight:600;color:#00597E;letter-spacing:0;text-transform:none;border:none;background-color:transparent;transition:color .2s,text-decoration-color .2s;font-size:1.8rem;line-height:1}.is-style-link-only .wp-block-button__link::after{content:'';display:inline-block;width:8px;height:13px;position:absolute;top:50%;right:0;transform:translate(0, -50%);background-image:url(\"https:\/\/www.binder-optik.de\/wp-content\/themes\/ATLAS\/images\/svg\/button_arrow-right_secondary.svg\");background-repeat:no-repeat;background-size:contain;transition:right 0.2s}.is-style-link-only .wp-block-button__link:hover::after,.is-style-link-only .wp-block-button__link:focus::after{right:-5px}\n<\/style>\n<div class=\"wp-block-button is-style-fill-secondary\"><a class=\"wp-block-button__link wp-element-button\" href=\"https:\/\/www.binder-optik.de\/tr\/buelten-kaydi\/\">Kay\u0131t i\u00e7in<\/a><\/div>\n<\/div>\n<\/div>\n\n\n\n<div class=\"wp-block-column is-vertically-aligned-center is-layout-flow wp-block-column-is-layout-flow\" style=\"flex-basis:33.33%\">\n<figure class=\"wp-block-image size-full\"><img loading=\"lazy\" decoding=\"async\" width=\"902\" height=\"625\" src=\"https:\/\/www.binder-optik.de\/wp-content\/uploads\/2025\/05\/2023_10_05-Newsletter-Anmeldung_433x300-1_EN.jpg\" alt=\"Binder Optik\" class=\"wp-image-19189\" title=\"\" srcset=\"https:\/\/www.binder-optik.de\/wp-content\/uploads\/2025\/05\/2023_10_05-Newsletter-Anmeldung_433x300-1_EN.jpg 902w, https:\/\/www.binder-optik.de\/wp-content\/uploads\/2025\/05\/2023_10_05-Newsletter-Anmeldung_433x300-1_EN-300x208.jpg 300w, https:\/\/www.binder-optik.de\/wp-content\/uploads\/2025\/05\/2023_10_05-Newsletter-Anmeldung_433x300-1_EN-768x532.jpg 768w, https:\/\/www.binder-optik.de\/wp-content\/uploads\/2025\/05\/2023_10_05-Newsletter-Anmeldung_433x300-1_EN-524x363.jpg 524w\" sizes=\"auto, (max-width: 902px) 100vw, 902px\" \/><\/figure>\n<\/div>\n<\/div>\n<\/div><\/div><\/section>\n<\/div><\/div><\/section>\n","protected":false},"excerpt":{"rendered":"","protected":false},"author":13,"featured_media":14952,"comment_status":"closed","ping_status":"closed","sticky":false,"template":"","format":"standard","meta":{"_acf_changed":false,"footnotes":""},"categories":[1],"tags":[],"class_list":["post-17918","post","type-post","status-publish","format-standard","has-post-thumbnail","hentry","category-kategorize-edilmemis"],"acf":[],"publishpress_future_action":{"enabled":false,"date":"2026-05-08 15:27:42","action":"change-status","newStatus":"draft","terms":[],"taxonomy":"category","extraData":[]},"publishpress_future_workflow_manual_trigger":{"enabledWorkflows":[]},"_links":{"self":[{"href":"https:\/\/www.binder-optik.de\/tr\/wp-json\/wp\/v2\/posts\/17918","targetHints":{"allow":["GET"]}}],"collection":[{"href":"https:\/\/www.binder-optik.de\/tr\/wp-json\/wp\/v2\/posts"}],"about":[{"href":"https:\/\/www.binder-optik.de\/tr\/wp-json\/wp\/v2\/types\/post"}],"author":[{"embeddable":true,"href":"https:\/\/www.binder-optik.de\/tr\/wp-json\/wp\/v2\/users\/13"}],"replies":[{"embeddable":true,"href":"https:\/\/www.binder-optik.de\/tr\/wp-json\/wp\/v2\/comments?post=17918"}],"version-history":[{"count":1,"href":"https:\/\/www.binder-optik.de\/tr\/wp-json\/wp\/v2\/posts\/17918\/revisions"}],"predecessor-version":[{"id":17919,"href":"https:\/\/www.binder-optik.de\/tr\/wp-json\/wp\/v2\/posts\/17918\/revisions\/17919"}],"wp:featuredmedia":[{"embeddable":true,"href":"https:\/\/www.binder-optik.de\/tr\/wp-json\/wp\/v2\/media\/14952"}],"wp:attachment":[{"href":"https:\/\/www.binder-optik.de\/tr\/wp-json\/wp\/v2\/media?parent=17918"}],"wp:term":[{"taxonomy":"category","embeddable":true,"href":"https:\/\/www.binder-optik.de\/tr\/wp-json\/wp\/v2\/categories?post=17918"},{"taxonomy":"post_tag","embeddable":true,"href":"https:\/\/www.binder-optik.de\/tr\/wp-json\/wp\/v2\/tags?post=17918"}],"curies":[{"name":"wp","href":"https:\/\/api.w.org\/{rel}","templated":true}]}}