{"id":17903,"date":"2021-11-18T16:13:18","date_gmt":"2021-11-18T15:13:18","guid":{"rendered":"https:\/\/www.binder-optik.de\/herrenbergde-yeni-acilis\/"},"modified":"2025-04-15T14:46:29","modified_gmt":"2025-04-15T12:46:29","slug":"herrenbergde-yeni-acilis","status":"publish","type":"post","link":"https:\/\/www.binder-optik.de\/tr\/herrenbergde-yeni-acilis\/","title":{"rendered":"Herrenberg&#8217;de yeni a\u00e7\u0131l\u0131\u015f"},"content":{"rendered":"\n<section class=\"wp-block-custom-container alignwide block-content  block-content--spacing-top block-content--margin-top\"><style>.block-content{position:relative}.block-content--spacing-top{padding-top:2rem}@media (min-width: 992px){.block-content--spacing-top{padding-top:4rem}}.block-content--spacing-bottom{padding-bottom:2rem}@media (min-width: 992px){.block-content--spacing-bottom{padding-bottom:4rem}}.block-content--margin-top{margin-top:2rem}@media (min-width: 992px){.block-content--margin-top{margin-top:4rem}}.block-content--margin-bottom{margin-bottom:2rem}@media (min-width: 992px){.block-content--margin-bottom{margin-bottom:4rem}}.block-content.z-index{position:relative;z-index:2}.block-content .container{position:relative;z-index:1}.block-content .container--full{padding:0}.block-content .container .container{padding:2rem}@media (min-width: 992px){.block-content .container .container{padding:4rem}}.block-content .container-overlay{position:absolute;z-index:0;top:0;right:0;bottom:0;left:0}.block-content.career-container{margin-top:-8rem;z-index:2;pointer-events:none}.block-content.career-container .block-content{pointer-events:all;-webkit-box-shadow:0px 0px 15px 5px rgba(0,0,0,0.1);box-shadow:0px 0px 15px 5px rgba(0,0,0,0.1)}.block-content.career-container .wp-block-custom-column{margin-bottom:0}\n<\/style><div class=\"container container--wide\"><div class=\"container__body\">\n<p class=\"is-style-subheading\">18 Kas\u0131m 2021<\/p>\n\n\n\n<h1 class=\"wp-block-heading\">Herrenberg&#8217;de yeni a\u00e7\u0131l\u0131\u015f<\/h1>\n\n\n\n<div class=\"wp-block-custom-spacing spacing-element spacing-mobile--small spacing-tablet--small spacing-small-desktop--small spacing-desktop--small\"><\/div>\n<\/div><\/div><\/section>\n\n<section class=\"wp-block-custom-container alignwide block-content\"><div class=\"container container--wide\"><div class=\"container__body\">\n<p><strong>Ta\u015f\u0131nd\u0131k!<\/strong> Herrenberg&#8217;deki Schulstra\u00dfe&#8217;de ge\u00e7irdi\u011fimiz 34 y\u0131l\u0131n ard\u0131ndan, \u015fimdi sizleri <strong>MARQUARDT&#8217;S, Bahnhofstra\u00dfe 2\/1 adresindeki<\/strong> yeni <strong>yerimizde<\/strong> a\u011f\u0131rl\u0131yoruz.<\/p>\n\n\n\n<p>Detaylara b\u00fcy\u00fck \u00f6zen g\u00f6stererek i\u015fe koyulduk &#8211; sonu\u00e7, son teknoloji optik olanaklar\u0131n\u0131 geleneksel i\u015f\u00e7ilik ve modaya uygun g\u00f6zl\u00fck tasar\u0131m\u0131yla birle\u015ftiren yeni, benzersiz bir uzman ma\u011faza oldu.<\/p>\n<\/div><\/div><\/section>\n\n<section class=\"wp-block-custom-container alignwide block-content  block-content--spacing-top block-content--spacing-bottom\"><div class=\"container container--wide\"><div class=\"container__body\">\n<h2 class=\"wp-block-heading\">Uzman <strong>ma\u011fazadan izlenimler<\/strong> <\/h2>\n\n\n<section class=\"block-img-cards cover\">\n    <style>.block-img-cards .wp-block-gallery:not(.has-nested-images){display:block;margin:0 -10px;padding:unset}.block-img-cards__wrapper{margin:0 -10px}.block-img-cards .single-img-card{display:block;margin:0 1rem}.block-img-cards .single-img-card__wrapper{position:relative;margin:0 auto;background-color:#fff;padding-bottom:69%}.block-img-cards .single-img-card__img img{position:absolute;width:100%;height:100%;top:50%;left:50%;transform:translate(-50%, -50%)}.block-img-cards .single-img-card__img.contain img{width:calc(100% - 40px);height:calc(100% - 40px);max-width:12rem;object-fit:contain}.block-img-cards .single-img-card__img.cover img{width:100%;height:100%;object-fit:cover}.block-img-cards .slick-slide{margin-bottom:0}.block-img-cards .slick-dots{bottom:-30px}.block-img-cards .slick-dotted{margin-bottom:3rem !important}#baguetteBox-overlay .full-image figure{display:inline-block !important;padding:2rem !important}@media (min-width: 992px){#baguetteBox-overlay .full-image figure{padding:4rem !important}}@media (min-width: 1200px){#baguetteBox-overlay .full-image figure{padding:6rem !important}}\n<\/style>    <style>.slick-arrow{width:3.7rem;height:3.7rem;position:absolute;z-index:1;top:auto;bottom:10px;margin-top:-15px;font-size:0;line-height:0;border:none;border-radius:50%;background-color:rgba(194,209,217,0.55);cursor:pointer;transition:background-color .2s}@media (min-width: 992px){.slick-arrow{width:5.7rem;height:5.7rem}}@media (min-width: 1200px){.slick-arrow{top:50%}}.slick-arrow:hover{background-color:#000}html.touch-device .slick-arrow:hover{background-color:rgba(194,209,217,0.55)}.slick-arrow:after{content:'';display:block;width:12px;height:11px;position:absolute;top:50%;left:50%;transform:translate(-50%, -50%);background-image:url(\"https:\/\/www.binder-optik.de\/wp-content\/themes\/ATLAS\/images\/svg\/arrow-big.svg\");background-repeat:no-repeat;background-size:12px 11px}@media (min-width: 992px){.slick-arrow:after{width:24px;height:22px;background-position:contain;background-size:24px 22px}}.slick-arrow.slick-prev{right:auto;left:10px;transform:rotate(180deg)}@media (min-width: 992px){.slick-arrow.slick-prev{left:20px}}@media (min-width: 1380px){.slick-arrow.slick-prev{left:36px}}.slick-arrow.slick-next{right:10px;left:auto}@media (min-width: 992px){.slick-arrow.slick-next{right:20px}}@media (min-width: 1380px){.slick-arrow.slick-next{right:36px}}.slick-slide:focus{outline:none}.slick-dots{width:100%;max-width:1105px;padding:0;position:absolute;bottom:-24px;left:50%;transform:translate(-50%, 0);margin:0 auto;line-height:0.75;text-align:center;list-style:none}@media (min-width: 1024px){.slick-dots{padding:0 4rem}}.slick-dots li{display:inline-block;line-height:0;margin:0 3px}@media (min-width: 992px){.slick-dots li{margin:0 5px}}@media (min-width: 1024px){.slick-dots li{margin:0 7px}}.slick-dots li.slick-active button{background-color:#00597E}@media (min-width: 1024px){.slick-dots li.slick-active button{background-color:#2B2E34}}.slick-dots button{padding:0;width:10px;height:10px;font-size:0;line-height:0;border:0;border-radius:50%;background:transparent;background-color:#e1e1e1;box-shadow:none;transition:background-color .2s linear}@media (min-width: 1024px){.slick-dots button{width:12px;height:12px}}\n<\/style>    <style>\/* Slider *\/\n.slick-slider {\n  position: relative;\n  display: block;\n  box-sizing: border-box;\n  -webkit-touch-callout: none;\n  -webkit-user-select: none;\n  -khtml-user-select: none;\n  -moz-user-select: none;\n  -ms-user-select: none;\n  user-select: none;\n  -ms-touch-action: pan-y;\n  touch-action: pan-y;\n  -webkit-tap-highlight-color: transparent;\n}\n\n.slick-list {\n  position: relative;\n  overflow: hidden;\n  display: block;\n  margin: 0;\n  padding: 0;\n}\n\n.slick-list:focus {\n  outline: none;\n}\n\n.slick-list.dragging {\n  cursor: pointer;\n  cursor: hand;\n}\n\n.slick-slider .slick-track,\n.slick-slider .slick-list {\n  -webkit-transform: translate3d(0, 0, 0);\n  -moz-transform: translate3d(0, 0, 0);\n  -ms-transform: translate3d(0, 0, 0);\n  -o-transform: translate3d(0, 0, 0);\n  transform: translate3d(0, 0, 0);\n}\n\n.slick-track {\n  position: relative;\n  left: 0;\n  top: 0;\n  display: block;\n  margin-left: auto;\n  margin-right: auto;\n}\n\n.slick-track:before, .slick-track:after {\n  content: \"\";\n  display: table;\n}\n\n.slick-track:after {\n  clear: both;\n}\n\n.slick-loading .slick-track {\n  visibility: hidden;\n}\n\n.slick-slide {\n  float: left;\n  height: 100%;\n  min-height: 1px;\n  display: none;\n}\n\n[dir=\"rtl\"] .slick-slide {\n  float: right;\n}\n\n.slick-slide img {\n  display: block;\n}\n\n.slick-slide.slick-loading img {\n  display: none;\n}\n\n.slick-slide.dragging img {\n  pointer-events: none;\n}\n\n.slick-initialized .slick-slide {\n  display: block;\n}\n\n.slick-loading .slick-slide {\n  visibility: hidden;\n}\n\n.slick-vertical .slick-slide {\n  display: block;\n  height: auto;\n  border: 1px solid transparent;\n}\n\n.slick-arrow.slick-hidden {\n  display: none;\n}\n<\/style>    <div class=\"block-img-cards__container\">\n        <div class=\"block-img-cards__wrapper wp-block-gallery\" data-slider='block_a5c54fbb4aa1d5ae90ed7eaa8b5c092d'>\n\n                        <a class=\"single-img-card wp-block-image\" href=\"https:\/\/www.binder-optik.de\/wp-content\/uploads\/2023\/08\/Binder-Optik_Herrenberg_2021_1-360x298-1.jpg\">\n                            <div class=\"single-img-card__wrapper\">\n                                    <div class=\"single-img-card__img cover\">\n                        <img loading=\"lazy\" decoding=\"async\" width=\"360\" height=\"298\" src=\"https:\/\/www.binder-optik.de\/wp-content\/uploads\/2023\/08\/Binder-Optik_Herrenberg_2021_1-360x298-1.jpg\" class=\"attachment-teaser-img size-teaser-img\" alt=\"Binder Optik\" srcset=\"https:\/\/www.binder-optik.de\/wp-content\/uploads\/2023\/08\/Binder-Optik_Herrenberg_2021_1-360x298-1.jpg 360w, https:\/\/www.binder-optik.de\/wp-content\/uploads\/2023\/08\/Binder-Optik_Herrenberg_2021_1-360x298-1-300x248.jpg 300w\" sizes=\"auto, (max-width: 360px) 100vw, 360px\" title=\"\">                    <\/div>\n                                <\/div>\n            <\/a>\n\n\n                        <a class=\"single-img-card wp-block-image\" href=\"https:\/\/www.binder-optik.de\/wp-content\/uploads\/2023\/08\/Binder-Optik_Herrenberg_2021_6-360x298-1.jpg\">\n                            <div class=\"single-img-card__wrapper\">\n                                    <div class=\"single-img-card__img cover\">\n                        <img loading=\"lazy\" decoding=\"async\" width=\"360\" height=\"298\" src=\"https:\/\/www.binder-optik.de\/wp-content\/uploads\/2023\/08\/Binder-Optik_Herrenberg_2021_6-360x298-1.jpg\" class=\"attachment-teaser-img size-teaser-img\" alt=\"Binder Optik\" srcset=\"https:\/\/www.binder-optik.de\/wp-content\/uploads\/2023\/08\/Binder-Optik_Herrenberg_2021_6-360x298-1.jpg 360w, https:\/\/www.binder-optik.de\/wp-content\/uploads\/2023\/08\/Binder-Optik_Herrenberg_2021_6-360x298-1-300x248.jpg 300w\" sizes=\"auto, (max-width: 360px) 100vw, 360px\" title=\"\">                    <\/div>\n                                <\/div>\n            <\/a>\n\n\n                        <a class=\"single-img-card wp-block-image\" href=\"https:\/\/www.binder-optik.de\/wp-content\/uploads\/2023\/08\/Binder-Optik_Herrenberg_2021_4-360x298-1.jpg\">\n                            <div class=\"single-img-card__wrapper\">\n                                    <div class=\"single-img-card__img cover\">\n                        <img loading=\"lazy\" decoding=\"async\" width=\"360\" height=\"298\" src=\"https:\/\/www.binder-optik.de\/wp-content\/uploads\/2023\/08\/Binder-Optik_Herrenberg_2021_4-360x298-1.jpg\" class=\"attachment-teaser-img size-teaser-img\" alt=\"Binder Optik\" srcset=\"https:\/\/www.binder-optik.de\/wp-content\/uploads\/2023\/08\/Binder-Optik_Herrenberg_2021_4-360x298-1.jpg 360w, https:\/\/www.binder-optik.de\/wp-content\/uploads\/2023\/08\/Binder-Optik_Herrenberg_2021_4-360x298-1-300x248.jpg 300w\" sizes=\"auto, (max-width: 360px) 100vw, 360px\" title=\"\">                    <\/div>\n                                <\/div>\n            <\/a>\n\n\n                        <a class=\"single-img-card wp-block-image\" href=\"https:\/\/www.binder-optik.de\/wp-content\/uploads\/2023\/08\/Binder-Optik_Herrenberg_2021_7-360x298-1.jpg\">\n                            <div class=\"single-img-card__wrapper\">\n                                    <div class=\"single-img-card__img cover\">\n                        <img loading=\"lazy\" decoding=\"async\" width=\"360\" height=\"298\" src=\"https:\/\/www.binder-optik.de\/wp-content\/uploads\/2023\/08\/Binder-Optik_Herrenberg_2021_7-360x298-1.jpg\" class=\"attachment-teaser-img size-teaser-img\" alt=\"Binder Optik\" srcset=\"https:\/\/www.binder-optik.de\/wp-content\/uploads\/2023\/08\/Binder-Optik_Herrenberg_2021_7-360x298-1.jpg 360w, https:\/\/www.binder-optik.de\/wp-content\/uploads\/2023\/08\/Binder-Optik_Herrenberg_2021_7-360x298-1-300x248.jpg 300w\" sizes=\"auto, (max-width: 360px) 100vw, 360px\" title=\"\">                    <\/div>\n                                <\/div>\n            <\/a>\n\n\n                        <a class=\"single-img-card wp-block-image\" href=\"https:\/\/www.binder-optik.de\/wp-content\/uploads\/2023\/08\/Binder-Optik_Herrenberg_2021_3-360x298-1.jpg\">\n                            <div class=\"single-img-card__wrapper\">\n                                    <div class=\"single-img-card__img cover\">\n                        <img loading=\"lazy\" decoding=\"async\" width=\"360\" height=\"298\" src=\"https:\/\/www.binder-optik.de\/wp-content\/uploads\/2023\/08\/Binder-Optik_Herrenberg_2021_3-360x298-1.jpg\" class=\"attachment-teaser-img size-teaser-img\" alt=\"Binder Optik\" srcset=\"https:\/\/www.binder-optik.de\/wp-content\/uploads\/2023\/08\/Binder-Optik_Herrenberg_2021_3-360x298-1.jpg 360w, https:\/\/www.binder-optik.de\/wp-content\/uploads\/2023\/08\/Binder-Optik_Herrenberg_2021_3-360x298-1-300x248.jpg 300w\" sizes=\"auto, (max-width: 360px) 100vw, 360px\" title=\"\">                    <\/div>\n                                <\/div>\n            <\/a>\n\n\n                        <a class=\"single-img-card wp-block-image\" href=\"https:\/\/www.binder-optik.de\/wp-content\/uploads\/2023\/08\/Binder-Optik_Herrenberg_2021_8-360x298-1.jpg\">\n                            <div class=\"single-img-card__wrapper\">\n                                    <div class=\"single-img-card__img cover\">\n                        <img loading=\"lazy\" decoding=\"async\" width=\"360\" height=\"298\" src=\"https:\/\/www.binder-optik.de\/wp-content\/uploads\/2023\/08\/Binder-Optik_Herrenberg_2021_8-360x298-1.jpg\" class=\"attachment-teaser-img size-teaser-img\" alt=\"Binder Optik\" srcset=\"https:\/\/www.binder-optik.de\/wp-content\/uploads\/2023\/08\/Binder-Optik_Herrenberg_2021_8-360x298-1.jpg 360w, https:\/\/www.binder-optik.de\/wp-content\/uploads\/2023\/08\/Binder-Optik_Herrenberg_2021_8-360x298-1-300x248.jpg 300w\" sizes=\"auto, (max-width: 360px) 100vw, 360px\" title=\"\">                    <\/div>\n                                <\/div>\n            <\/a>\n\n        <\/div>\n    <\/div>\n<\/section>\n<\/div><\/div><\/section>\n\n<section class=\"wp-block-custom-container alignwide block-content\"><div class=\"container container--wide\"><div class=\"container__body\"><style>@media (max-width: 767px){.wp-block-media-text.is-stacked-on-mobile{grid-template-columns:100% !important}.wp-block-media-text.is-stacked-on-mobile .wp-block-media-text__media{grid-column:1;grid-row:1}.wp-block-media-text.is-stacked-on-mobile .wp-block-media-text__content{grid-column:1;grid-row:2}}.wp-block-media-text .wp-block-media-text__content{padding:0;padding-left:2rem}@media (min-width: 1024px){.wp-block-media-text .wp-block-media-text__content{padding-left:6rem}}@media (max-width: 767px){.wp-block-media-text .wp-block-media-text__content{padding:0}}.wp-block-media-text.has-media-on-the-right .wp-block-media-text__content{padding:0;padding-left:unset;padding-right:2rem}@media (min-width: 1024px){.wp-block-media-text.has-media-on-the-right .wp-block-media-text__content{padding-right:6rem}}@media (max-width: 767px){.wp-block-media-text.has-media-on-the-right .wp-block-media-text__content{padding:0}}.wp-block-media-text .wp-block-media-text__media{height:unset;overflow:hidden;aspect-ratio:1 \/ 1}.wp-block-media-text .wp-block-media-text__media img{width:100%;height:100%;object-fit:cover}.wp-block-media-text.is-image-fill .wp-block-media-text__media{height:unset;min-height:unset}.wp-block-media-text.is-image-fill img{object-fit:cover}\n<\/style>\n<div class=\"wp-block-media-text alignwide has-media-on-the-right is-stacked-on-mobile is-vertically-aligned-center\" style=\"grid-template-columns:auto 40%\"><div class=\"wp-block-media-text__content\">\n<div class=\"wp-block-custom-spacing spacing-element spacing-mobile--small spacing-tablet--small spacing-small-desktop--small spacing-desktop--small\"><\/div>\n\n\n<style>.wp-block-columns.are-vertically-aligned-center{gap:1em;margin-bottom:.5rem}@media (min-width: 992px){.wp-block-columns.are-vertically-aligned-center{margin-bottom:1rem}}.wp-block-columns.are-vertically-aligned-center :last-child{margin-bottom:0}.wp-block-columns.are-vertically-aligned-center figure{margin-bottom:0}.wp-block-columns.no-margin{margin-bottom:0 !important}@media (max-width: 991px){.wp-block-columns.hide-mobile{display:none}}:where(.wp-block-columns.is-layout-flex){gap:1em}\n<\/style>\n<div class=\"wp-block-columns is-layout-flex wp-container-core-columns-is-layout-1 wp-block-columns-is-layout-flex\">\n<div class=\"wp-block-column is-layout-flow wp-block-column-is-layout-flow\" style=\"flex-basis:85%\">\n<h2 class=\"wp-block-heading\">Bizi ziyaret edin<\/h2>\n\n\n\n<p><strong>Sadece u\u011fray\u0131n veya \u00f6nceden randevu al\u0131n &#8211;<\/strong> Binder Optik ekibi Herrenberg ziyaretinizi d\u00f6rt g\u00f6zle bekliyor!<\/p>\n\n\n\n<p>G\u00fcncel \u00e7al\u0131\u015fma saatlerini ve online randevu rezervasyonunu uzman ma\u011faza sayfas\u0131nda bulabilirsiniz.<\/p>\n\n\n\n<div class=\"wp-block-buttons is-layout-flex wp-block-buttons-is-layout-flex\"><style>.wp-block-button{margin:0 0 3rem}.wp-block-button:last-child,.wp-block-button:only-child{margin-bottom:0}.wp-block-button.align-center{text-align:center}.wp-block-button.align-right{text-align:right}.wp-block-columns+.wp-block-button{margin-top:6.3rem}.wp-block-button__link{display:inline-block;padding:1.8rem 1.8rem;font-weight:600;text-align:center;text-decoration:none;color:#2B2E34;border:2px solid #FFFA00;border-radius:.5rem;background-color:#FFFA00;cursor:pointer;font-size:1.6rem;line-height:1}@media (min-width: 1380px){.wp-block-button__link{padding:1.8rem 3.8rem;font-size:1.8rem;line-height:1}}.wp-block-button:not(.is-style-link-only):not(.is-style-outline):not(.is-style-fill-secondary) .wp-block-button__link{position:relative}.wp-block-button:not(.is-style-link-only):not(.is-style-outline):not(.is-style-fill-secondary) .wp-block-button__link:hover,.wp-block-button:not(.is-style-link-only):not(.is-style-outline):not(.is-style-fill-secondary) .wp-block-button__link:focus{color:#fff;border-color:#00597E;background-color:#00597E}.wp-block-button .wp-block-button__link{transition:.2s}.is-style-fill-secondary .wp-block-button__link{color:#fff;border-color:#00597E;background-color:#00597E}.is-style-fill-secondary .wp-block-button__link:hover,.is-style-fill-secondary .wp-block-button__link:focus{color:#2B2E34;border-color:#FFFA00;background-color:#FFFA00}.is-style-outline .wp-block-button__link{padding:1.8rem 1.8rem !important;color:#00597E !important;border-color:#00597E;background-color:transparent}@media (min-width: 1380px){.is-style-outline .wp-block-button__link{padding:1.8rem 3.8rem !important}}.is-style-outline .wp-block-button__link:hover,.is-style-outline .wp-block-button__link:focus{color:#fff !important;border-color:#00597E !important;background-color:#00597E !important}.is-style-link-only .wp-block-button__link{min-width:0;padding:0;padding-right:2rem;position:relative;font-weight:600;color:#00597E;letter-spacing:0;text-transform:none;border:none;background-color:transparent;transition:color .2s,text-decoration-color .2s;font-size:1.8rem;line-height:1}.is-style-link-only .wp-block-button__link::after{content:'';display:inline-block;width:8px;height:13px;position:absolute;top:50%;right:0;transform:translate(0, -50%);background-image:url(\"https:\/\/www.binder-optik.de\/wp-content\/themes\/ATLAS\/images\/svg\/button_arrow-right_secondary.svg\");background-repeat:no-repeat;background-size:contain;transition:right 0.2s}.is-style-link-only .wp-block-button__link:hover::after,.is-style-link-only .wp-block-button__link:focus::after{right:-5px}\n<\/style>\n<div class=\"wp-block-button\"><a class=\"wp-block-button__link wp-element-button\" href=\"https:\/\/www.binder-optik.de\/tr\/oezel-magazalar\/\">Uzmanla\u015fm\u0131\u015f ma\u011fazaya<\/a><\/div>\n<\/div>\n<\/div>\n<\/div>\n\n\n\n<div class=\"wp-block-custom-spacing spacing-element spacing-mobile--none spacing-tablet--none spacing-small-desktop--small spacing-desktop--small\"><\/div>\n<\/div><figure class=\"wp-block-media-text__media\"><img loading=\"lazy\" decoding=\"async\" width=\"1024\" height=\"768\" src=\"https:\/\/www.binder-optik.de\/wp-content\/uploads\/2023\/08\/Binder-Optik_Herrenberg_2021_2-1024x768.jpg\" alt=\"Binder Optik\" class=\"wp-image-3345 size-full\" title=\"\" srcset=\"https:\/\/www.binder-optik.de\/wp-content\/uploads\/2023\/08\/Binder-Optik_Herrenberg_2021_2-1024x768.jpg 1024w, https:\/\/www.binder-optik.de\/wp-content\/uploads\/2023\/08\/Binder-Optik_Herrenberg_2021_2-906x680.jpg 906w, https:\/\/www.binder-optik.de\/wp-content\/uploads\/2023\/08\/Binder-Optik_Herrenberg_2021_2-300x225.jpg 300w, https:\/\/www.binder-optik.de\/wp-content\/uploads\/2023\/08\/Binder-Optik_Herrenberg_2021_2-768x576.jpg 768w, https:\/\/www.binder-optik.de\/wp-content\/uploads\/2023\/08\/Binder-Optik_Herrenberg_2021_2-1536x1152.jpg 1536w, https:\/\/www.binder-optik.de\/wp-content\/uploads\/2023\/08\/Binder-Optik_Herrenberg_2021_2-524x393.jpg 524w, https:\/\/www.binder-optik.de\/wp-content\/uploads\/2023\/08\/Binder-Optik_Herrenberg_2021_2.jpg 1920w\" sizes=\"auto, (max-width: 1024px) 100vw, 1024px\" \/><\/figure><\/div>\n<\/div><\/div><\/section>\n\n<section class=\"wp-block-custom-container alignwide block-content  block-content--spacing-top block-content--spacing-bottom\"><div class=\"container container--wide\"><div class=\"container__body\">\n<section class=\"wp-block-custom-container alignwide block-content  has-gelb-background-color\" style=\"background-color:#FFFF00\"><div class=\"container container--wide\"><div class=\"container__body\">\n<div class=\"wp-block-columns are-vertically-aligned-center is-layout-flex wp-container-core-columns-is-layout-2 wp-block-columns-is-layout-flex\">\n<div class=\"wp-block-column is-vertically-aligned-center is-layout-flow wp-block-column-is-layout-flow\" style=\"flex-basis:66.66%\">\n<h2 class=\"wp-block-heading\"><strong>B\u00fclten kayd\u0131<\/strong><\/h2>\n\n\n\n<p>Haber b\u00fcltenine \u015fimdi abone olun ve 20 Euro de\u011ferinde Binder Optik al\u0131\u015fveri\u015f \u00e7eki kazan\u0131n.<\/p>\n\n\n\n<div class=\"wp-block-buttons is-layout-flex wp-block-buttons-is-layout-flex\">\n<div class=\"wp-block-button is-style-fill-secondary\"><a class=\"wp-block-button__link wp-element-button\" href=\"https:\/\/www.binder-optik.de\/tr\/buelten-kaydi\/\">Kay\u0131t i\u00e7in<\/a><\/div>\n<\/div>\n<\/div>\n\n\n\n<div class=\"wp-block-column is-vertically-aligned-center is-layout-flow wp-block-column-is-layout-flow\" style=\"flex-basis:33.33%\"><style>.wp-block-image.alignright{margin:0 !important}.wp-block-image.alignleft{float:none !important}.wp-block-image .wp-element-caption{text-align:left}\n<\/style>\n<figure class=\"wp-block-image size-full\"><img loading=\"lazy\" decoding=\"async\" width=\"902\" height=\"625\" src=\"https:\/\/www.binder-optik.de\/wp-content\/uploads\/2025\/05\/2023_10_05-Newsletter-Anmeldung_433x300-1_EN.jpg\" alt=\"Binder Optik\" class=\"wp-image-19189\" title=\"\" srcset=\"https:\/\/www.binder-optik.de\/wp-content\/uploads\/2025\/05\/2023_10_05-Newsletter-Anmeldung_433x300-1_EN.jpg 902w, https:\/\/www.binder-optik.de\/wp-content\/uploads\/2025\/05\/2023_10_05-Newsletter-Anmeldung_433x300-1_EN-300x208.jpg 300w, https:\/\/www.binder-optik.de\/wp-content\/uploads\/2025\/05\/2023_10_05-Newsletter-Anmeldung_433x300-1_EN-768x532.jpg 768w, https:\/\/www.binder-optik.de\/wp-content\/uploads\/2025\/05\/2023_10_05-Newsletter-Anmeldung_433x300-1_EN-524x363.jpg 524w\" sizes=\"auto, (max-width: 902px) 100vw, 902px\" \/><\/figure>\n<\/div>\n<\/div>\n<\/div><\/div><\/section>\n<\/div><\/div><\/section>\n","protected":false},"excerpt":{"rendered":"","protected":false},"author":13,"featured_media":15334,"comment_status":"closed","ping_status":"closed","sticky":false,"template":"","format":"standard","meta":{"_acf_changed":false,"footnotes":""},"categories":[1],"tags":[],"class_list":["post-17903","post","type-post","status-publish","format-standard","has-post-thumbnail","hentry","category-kategorize-edilmemis"],"acf":[],"publishpress_future_action":{"enabled":false,"date":"2026-05-07 09:41:56","action":"change-status","newStatus":"draft","terms":[],"taxonomy":"category","extraData":[]},"publishpress_future_workflow_manual_trigger":{"enabledWorkflows":[]},"_links":{"self":[{"href":"https:\/\/www.binder-optik.de\/tr\/wp-json\/wp\/v2\/posts\/17903","targetHints":{"allow":["GET"]}}],"collection":[{"href":"https:\/\/www.binder-optik.de\/tr\/wp-json\/wp\/v2\/posts"}],"about":[{"href":"https:\/\/www.binder-optik.de\/tr\/wp-json\/wp\/v2\/types\/post"}],"author":[{"embeddable":true,"href":"https:\/\/www.binder-optik.de\/tr\/wp-json\/wp\/v2\/users\/13"}],"replies":[{"embeddable":true,"href":"https:\/\/www.binder-optik.de\/tr\/wp-json\/wp\/v2\/comments?post=17903"}],"version-history":[{"count":1,"href":"https:\/\/www.binder-optik.de\/tr\/wp-json\/wp\/v2\/posts\/17903\/revisions"}],"predecessor-version":[{"id":17907,"href":"https:\/\/www.binder-optik.de\/tr\/wp-json\/wp\/v2\/posts\/17903\/revisions\/17907"}],"wp:featuredmedia":[{"embeddable":true,"href":"https:\/\/www.binder-optik.de\/tr\/wp-json\/wp\/v2\/media\/15334"}],"wp:attachment":[{"href":"https:\/\/www.binder-optik.de\/tr\/wp-json\/wp\/v2\/media?parent=17903"}],"wp:term":[{"taxonomy":"category","embeddable":true,"href":"https:\/\/www.binder-optik.de\/tr\/wp-json\/wp\/v2\/categories?post=17903"},{"taxonomy":"post_tag","embeddable":true,"href":"https:\/\/www.binder-optik.de\/tr\/wp-json\/wp\/v2\/tags?post=17903"}],"curies":[{"name":"wp","href":"https:\/\/api.w.org\/{rel}","templated":true}]}}