{"id":17892,"date":"2022-10-11T14:33:21","date_gmt":"2022-10-11T12:33:21","guid":{"rendered":"https:\/\/www.binder-optik.de\/genc-hus-agaclari-adresinde-binder-optik\/"},"modified":"2025-04-15T14:46:26","modified_gmt":"2025-04-15T12:46:26","slug":"genc-hus-agaclari-adresinde-binder-optik","status":"publish","type":"post","link":"https:\/\/www.binder-optik.de\/tr\/genc-hus-agaclari-adresinde-binder-optik\/","title":{"rendered":"&#8220;Gen\u00e7 hu\u015f a\u011fa\u00e7lar\u0131&#8221; adresinde Binder Optik"},"content":{"rendered":"\n<section class=\"wp-block-custom-container alignwide block-content  block-content--spacing-top block-content--margin-top\"><style>.block-content{position:relative}.block-content--spacing-top{padding-top:2rem}@media (min-width: 992px){.block-content--spacing-top{padding-top:4rem}}.block-content--spacing-bottom{padding-bottom:2rem}@media (min-width: 992px){.block-content--spacing-bottom{padding-bottom:4rem}}.block-content--margin-top{margin-top:2rem}@media (min-width: 992px){.block-content--margin-top{margin-top:4rem}}.block-content--margin-bottom{margin-bottom:2rem}@media (min-width: 992px){.block-content--margin-bottom{margin-bottom:4rem}}.block-content.z-index{position:relative;z-index:2}.block-content .container{position:relative;z-index:1}.block-content .container--full{padding:0}.block-content .container .container{padding:2rem}@media (min-width: 992px){.block-content .container .container{padding:4rem}}.block-content .container-overlay{position:absolute;z-index:0;top:0;right:0;bottom:0;left:0}.block-content.career-container{margin-top:-8rem;z-index:2;pointer-events:none}.block-content.career-container .block-content{pointer-events:all;-webkit-box-shadow:0px 0px 15px 5px rgba(0,0,0,0.1);box-shadow:0px 0px 15px 5px rgba(0,0,0,0.1)}.block-content.career-container .wp-block-custom-column{margin-bottom:0}\n<\/style><div class=\"container container--wide\"><div class=\"container__body\">\n<p class=\"is-style-subheading\">11 Ekim 2022<\/p>\n\n\n\n<h1 class=\"wp-block-heading\">&#8220;Gen\u00e7 hu\u015f a\u011fa\u00e7lar\u0131&#8221; adresinde Binder Optik<\/h1>\n\n\n\n<div class=\"wp-block-custom-spacing spacing-element spacing-mobile--small spacing-tablet--small spacing-small-desktop--small spacing-desktop--small\"><\/div>\n<\/div><\/div><\/section>\n\n<section class=\"wp-block-custom-container alignwide block-content\"><div class=\"container container--wide\"><div class=\"container__body\">\n<div class=\"wp-block-custom-columns columns-row row\"><style>.columns-row--spacing-top{padding-top:2rem}@media (min-width: 992px){.columns-row--spacing-top{padding-top:4rem}}.columns-row--spacing-bottom{padding-bottom:2rem}@media (min-width: 992px){.columns-row--spacing-bottom{padding-bottom:4rem}}.columns-row--margin-top{margin-top:2rem}@media (min-width: 992px){.columns-row--margin-top{margin-top:4rem}}.columns-row--margin-bottom{margin-bottom:2rem}@media (min-width: 992px){.columns-row--margin-bottom{margin-bottom:4rem}}\n<\/style>\n<div class=\"wp-block-custom-column col col-6\">\n<p>Bu e\u011fitim y\u0131l\u0131nda on iki yeni \u00e7\u0131rak kariyerlerine Binder Optik adresinde ba\u015fl\u0131yor. Bir e\u011fitim \u015firketi olarak, her zaman motive olmu\u015f gen\u00e7 yeteneklerin pe\u015findeyiz ve yeni stajyerlerimizi a\u011f\u0131rlamaktan mutluluk duyuyoruz. <\/p>\n\n\n\n<h4 class=\"wp-block-heading\">\u00d6nce bilgi, sonra zevk<\/h4>\n\n\n\n<p>\u015eirketi ve birbirlerini tan\u0131mak amac\u0131yla, optisyen adaylar\u0131 ve ofis y\u00f6netimi asistan\u0131 adaylar\u0131 B\u00f6blingen&#8217;deki genel merkezde bir kar\u015f\u0131lama etkinli\u011fine davet edildi. Genel M\u00fcd\u00fcr Dominic Baur, \u0130K M\u00fcd\u00fcr\u00fc Sabine le Plat, Sat\u0131\u015f M\u00fcd\u00fcr\u00fc Mario Lehanka ve Usta Optisyen ve \u00c7\u0131rak At\u00f6lyesi Ba\u015fkan\u0131 Ruven Hofmann taraf\u0131ndan kar\u015f\u0131land\u0131lar. Dominic Baur kursiyerleri bizzat kar\u015f\u0131layarak kendisini ve aile \u015firketini tan\u0131tt\u0131. Sabine le Plat daha sonra kursiyerleri e\u011fitimle ilgili t\u00fcm \u00f6nemli konular hakk\u0131nda bilgilendirdi. Optisyen adaylar\u0131 \u00f6n\u00fcm\u00fczdeki \u00fc\u00e7 y\u0131l\u0131 \u00e7e\u015fitli \u015fubelerde ge\u00e7irecek, ofis y\u00f6netim asistan\u0131 ise merkez ofiste e\u011fitim g\u00f6recek.    <\/p>\n<\/div>\n\n\n\n<div class=\"wp-block-custom-column col col-6\"><style>.wp-block-image.alignright{margin:0 !important}.wp-block-image.alignleft{float:none !important}.wp-block-image .wp-element-caption{text-align:left}\n<\/style>\n<figure class=\"wp-block-image size-full\"><img loading=\"lazy\" decoding=\"async\" width=\"768\" height=\"576\" src=\"https:\/\/www.binder-optik.de\/wp-content\/uploads\/2023\/08\/Gruppenbild2_2048x1537-768x576-1.jpg\" alt=\"Binder Optik\" class=\"wp-image-2243\" title=\"\" srcset=\"https:\/\/www.binder-optik.de\/wp-content\/uploads\/2023\/08\/Gruppenbild2_2048x1537-768x576-1.jpg 768w, https:\/\/www.binder-optik.de\/wp-content\/uploads\/2023\/08\/Gruppenbild2_2048x1537-768x576-1-300x225.jpg 300w, https:\/\/www.binder-optik.de\/wp-content\/uploads\/2023\/08\/Gruppenbild2_2048x1537-768x576-1-524x393.jpg 524w\" sizes=\"auto, (max-width: 768px) 100vw, 768px\" \/><figcaption class=\"wp-element-caption\">Genel M\u00fcd\u00fcr Dominic Baur (en solda) ve Saha Hizmetleri Sat\u0131\u015f M\u00fcd\u00fcr\u00fc Mario Lehanka (en sa\u011fda) yeni stajyerlerle birlikte.<\/figcaption><\/figure>\n<\/div>\n<\/div>\n\n\n\n<p>T\u00fcm organizasyonel konular a\u00e7\u0131kl\u0131\u011fa kavu\u015fturulduktan sonra, kursiyerlerin kendilerini aktif hale getirmelerine izin verildi, \u00e7\u00fcnk\u00fc \u015fimdi g\u00fcndemde al\u0131\u015f\u0131lmad\u0131k bir tan\u0131\u015fma turu vard\u0131. &#8220;E\u011fer bir a\u011fa\u00e7 olsayd\u0131n, hangisi olurdun?&#8221; &#8211; sorusu, kursiyerlerin birbirlerini h\u0131zl\u0131 tan\u0131\u015fma format\u0131nda tan\u0131rken birbirlerine sorduklar\u0131 sorulardan biriydi. Palmiye ve k\u00f6knar a\u011fa\u00e7lar\u0131n\u0131n yan\u0131 s\u0131ra hu\u015f a\u011fa\u00e7lar\u0131 da \u00e7ok pop\u00fclerdi. Birlikte yenen \u00f6\u011fle yeme\u011finin ard\u0131ndan Stuttgart&#8217;taki ka\u00e7\u0131\u015f odas\u0131na bir gezi d\u00fczenlendi. Kursiyerler d\u00f6rt farkl\u0131 odada bulmacalar\u0131 birlikte \u00e7\u00f6zd\u00fcler ve k\u0131sa s\u00fcrede ger\u00e7ek tak\u0131mlar haline geldiler. Son olarak, not defterleri, su \u015fi\u015feleri, bilgi bro\u015f\u00fcrleri ve \u00e7ok daha fazlas\u0131n\u0131 i\u00e7eren hediye \u00e7antalar\u0131 da\u011f\u0131t\u0131ld\u0131 &#8211; art\u0131k kursiyerlerimiz kariyerlerinin ba\u015flang\u0131c\u0131 i\u00e7in haz\u0131r!     <\/p>\n\n\n\n<p>Yeni i\u015fe al\u0131mlar\u0131m\u0131zdan \u00e7ok memnunuz ve kursiyerlerimize Binder Optik adresinde bol e\u011flence ve ba\u015far\u0131lar diliyoruz!<\/p>\n<\/div><\/div><\/section>\n\n<section class=\"wp-block-custom-container alignwide block-content  block-content--spacing-top block-content--spacing-bottom\"><div class=\"container container--wide\"><div class=\"container__body\">\n<section class=\"wp-block-custom-container alignwide block-content  has-gelb-background-color\" style=\"background-color:#FFFF00\"><div class=\"container container--wide\"><div class=\"container__body\"><style>.wp-block-columns.are-vertically-aligned-center{gap:1em;margin-bottom:.5rem}@media (min-width: 992px){.wp-block-columns.are-vertically-aligned-center{margin-bottom:1rem}}.wp-block-columns.are-vertically-aligned-center :last-child{margin-bottom:0}.wp-block-columns.are-vertically-aligned-center figure{margin-bottom:0}.wp-block-columns.no-margin{margin-bottom:0 !important}@media (max-width: 991px){.wp-block-columns.hide-mobile{display:none}}:where(.wp-block-columns.is-layout-flex){gap:1em}\n<\/style>\n<div class=\"wp-block-columns are-vertically-aligned-center is-layout-flex wp-container-core-columns-is-layout-1 wp-block-columns-is-layout-flex\">\n<div class=\"wp-block-column is-vertically-aligned-center is-layout-flow wp-block-column-is-layout-flow\" style=\"flex-basis:66.66%\">\n<h2 class=\"wp-block-heading\"><strong>B\u00fclten kayd\u0131<\/strong><\/h2>\n\n\n\n<p>Haber b\u00fcltenine \u015fimdi abone olun ve 20 Euro de\u011ferinde Binder Optik al\u0131\u015fveri\u015f \u00e7eki kazan\u0131n.<\/p>\n\n\n\n<div class=\"wp-block-buttons is-layout-flex wp-block-buttons-is-layout-flex\"><style>.wp-block-button{margin:0 0 3rem}.wp-block-button:last-child,.wp-block-button:only-child{margin-bottom:0}.wp-block-button.align-center{text-align:center}.wp-block-button.align-right{text-align:right}.wp-block-columns+.wp-block-button{margin-top:6.3rem}.wp-block-button__link{display:inline-block;padding:1.8rem 1.8rem;font-weight:600;text-align:center;text-decoration:none;color:#2B2E34;border:2px solid #FFFA00;border-radius:.5rem;background-color:#FFFA00;cursor:pointer;font-size:1.6rem;line-height:1}@media (min-width: 1380px){.wp-block-button__link{padding:1.8rem 3.8rem;font-size:1.8rem;line-height:1}}.wp-block-button:not(.is-style-link-only):not(.is-style-outline):not(.is-style-fill-secondary) .wp-block-button__link{position:relative}.wp-block-button:not(.is-style-link-only):not(.is-style-outline):not(.is-style-fill-secondary) .wp-block-button__link:hover,.wp-block-button:not(.is-style-link-only):not(.is-style-outline):not(.is-style-fill-secondary) .wp-block-button__link:focus{color:#fff;border-color:#00597E;background-color:#00597E}.wp-block-button .wp-block-button__link{transition:.2s}.is-style-fill-secondary .wp-block-button__link{color:#fff;border-color:#00597E;background-color:#00597E}.is-style-fill-secondary .wp-block-button__link:hover,.is-style-fill-secondary .wp-block-button__link:focus{color:#2B2E34;border-color:#FFFA00;background-color:#FFFA00}.is-style-outline .wp-block-button__link{padding:1.8rem 1.8rem !important;color:#00597E !important;border-color:#00597E;background-color:transparent}@media (min-width: 1380px){.is-style-outline .wp-block-button__link{padding:1.8rem 3.8rem !important}}.is-style-outline .wp-block-button__link:hover,.is-style-outline .wp-block-button__link:focus{color:#fff !important;border-color:#00597E !important;background-color:#00597E !important}.is-style-link-only .wp-block-button__link{min-width:0;padding:0;padding-right:2rem;position:relative;font-weight:600;color:#00597E;letter-spacing:0;text-transform:none;border:none;background-color:transparent;transition:color .2s,text-decoration-color .2s;font-size:1.8rem;line-height:1}.is-style-link-only .wp-block-button__link::after{content:'';display:inline-block;width:8px;height:13px;position:absolute;top:50%;right:0;transform:translate(0, -50%);background-image:url(\"https:\/\/www.binder-optik.de\/wp-content\/themes\/ATLAS\/images\/svg\/button_arrow-right_secondary.svg\");background-repeat:no-repeat;background-size:contain;transition:right 0.2s}.is-style-link-only .wp-block-button__link:hover::after,.is-style-link-only .wp-block-button__link:focus::after{right:-5px}\n<\/style>\n<div class=\"wp-block-button is-style-fill-secondary\"><a class=\"wp-block-button__link wp-element-button\" href=\"https:\/\/www.binder-optik.de\/tr\/buelten-kaydi\/\">Kay\u0131t i\u00e7in<\/a><\/div>\n<\/div>\n<\/div>\n\n\n\n<div class=\"wp-block-column is-vertically-aligned-center is-layout-flow wp-block-column-is-layout-flow\" style=\"flex-basis:33.33%\">\n<figure class=\"wp-block-image size-full\"><img loading=\"lazy\" decoding=\"async\" width=\"902\" height=\"625\" src=\"https:\/\/www.binder-optik.de\/wp-content\/uploads\/2025\/05\/2023_10_05-Newsletter-Anmeldung_433x300-1_EN.jpg\" alt=\"Binder Optik\" class=\"wp-image-19189\" title=\"\" srcset=\"https:\/\/www.binder-optik.de\/wp-content\/uploads\/2025\/05\/2023_10_05-Newsletter-Anmeldung_433x300-1_EN.jpg 902w, https:\/\/www.binder-optik.de\/wp-content\/uploads\/2025\/05\/2023_10_05-Newsletter-Anmeldung_433x300-1_EN-300x208.jpg 300w, https:\/\/www.binder-optik.de\/wp-content\/uploads\/2025\/05\/2023_10_05-Newsletter-Anmeldung_433x300-1_EN-768x532.jpg 768w, https:\/\/www.binder-optik.de\/wp-content\/uploads\/2025\/05\/2023_10_05-Newsletter-Anmeldung_433x300-1_EN-524x363.jpg 524w\" sizes=\"auto, (max-width: 902px) 100vw, 902px\" \/><\/figure>\n<\/div>\n<\/div>\n<\/div><\/div><\/section>\n<\/div><\/div><\/section>\n","protected":false},"excerpt":{"rendered":"","protected":false},"author":13,"featured_media":14658,"comment_status":"closed","ping_status":"closed","sticky":false,"template":"","format":"standard","meta":{"_acf_changed":false,"footnotes":""},"categories":[285],"tags":[],"class_list":["post-17892","post","type-post","status-publish","format-standard","has-post-thumbnail","hentry","category-etkinlikler"],"acf":[],"publishpress_future_action":{"enabled":false,"date":"2026-05-08 13:24:52","action":"change-status","newStatus":"draft","terms":[],"taxonomy":"category","extraData":[]},"publishpress_future_workflow_manual_trigger":{"enabledWorkflows":[]},"_links":{"self":[{"href":"https:\/\/www.binder-optik.de\/tr\/wp-json\/wp\/v2\/posts\/17892","targetHints":{"allow":["GET"]}}],"collection":[{"href":"https:\/\/www.binder-optik.de\/tr\/wp-json\/wp\/v2\/posts"}],"about":[{"href":"https:\/\/www.binder-optik.de\/tr\/wp-json\/wp\/v2\/types\/post"}],"author":[{"embeddable":true,"href":"https:\/\/www.binder-optik.de\/tr\/wp-json\/wp\/v2\/users\/13"}],"replies":[{"embeddable":true,"href":"https:\/\/www.binder-optik.de\/tr\/wp-json\/wp\/v2\/comments?post=17892"}],"version-history":[{"count":1,"href":"https:\/\/www.binder-optik.de\/tr\/wp-json\/wp\/v2\/posts\/17892\/revisions"}],"predecessor-version":[{"id":17899,"href":"https:\/\/www.binder-optik.de\/tr\/wp-json\/wp\/v2\/posts\/17892\/revisions\/17899"}],"wp:featuredmedia":[{"embeddable":true,"href":"https:\/\/www.binder-optik.de\/tr\/wp-json\/wp\/v2\/media\/14658"}],"wp:attachment":[{"href":"https:\/\/www.binder-optik.de\/tr\/wp-json\/wp\/v2\/media?parent=17892"}],"wp:term":[{"taxonomy":"category","embeddable":true,"href":"https:\/\/www.binder-optik.de\/tr\/wp-json\/wp\/v2\/categories?post=17892"},{"taxonomy":"post_tag","embeddable":true,"href":"https:\/\/www.binder-optik.de\/tr\/wp-json\/wp\/v2\/tags?post=17892"}],"curies":[{"name":"wp","href":"https:\/\/api.w.org\/{rel}","templated":true}]}}