{"id":17890,"date":"2021-11-24T15:44:41","date_gmt":"2021-11-24T14:44:41","guid":{"rendered":"https:\/\/www.binder-optik.de\/binder-optik-calisan-yildoenuemlerini-kutluyor\/"},"modified":"2025-04-15T14:46:25","modified_gmt":"2025-04-15T12:46:25","slug":"binder-optik-calisan-yildoenuemlerini-kutluyor","status":"publish","type":"post","link":"https:\/\/www.binder-optik.de\/tr\/binder-optik-calisan-yildoenuemlerini-kutluyor\/","title":{"rendered":"Binder Optik \u00e7al\u0131\u015fan y\u0131ld\u00f6n\u00fcmlerini kutluyor"},"content":{"rendered":"\n<section class=\"wp-block-custom-container alignwide block-content  block-content--spacing-top block-content--margin-top\"><style>.block-content{position:relative}.block-content--spacing-top{padding-top:2rem}@media (min-width: 992px){.block-content--spacing-top{padding-top:4rem}}.block-content--spacing-bottom{padding-bottom:2rem}@media (min-width: 992px){.block-content--spacing-bottom{padding-bottom:4rem}}.block-content--margin-top{margin-top:2rem}@media (min-width: 992px){.block-content--margin-top{margin-top:4rem}}.block-content--margin-bottom{margin-bottom:2rem}@media (min-width: 992px){.block-content--margin-bottom{margin-bottom:4rem}}.block-content.z-index{position:relative;z-index:2}.block-content .container{position:relative;z-index:1}.block-content .container--full{padding:0}.block-content .container .container{padding:2rem}@media (min-width: 992px){.block-content .container .container{padding:4rem}}.block-content .container-overlay{position:absolute;z-index:0;top:0;right:0;bottom:0;left:0}.block-content.career-container{margin-top:-8rem;z-index:2;pointer-events:none}.block-content.career-container .block-content{pointer-events:all;-webkit-box-shadow:0px 0px 15px 5px rgba(0,0,0,0.1);box-shadow:0px 0px 15px 5px rgba(0,0,0,0.1)}.block-content.career-container .wp-block-custom-column{margin-bottom:0}\n<\/style><div class=\"container container--wide\"><div class=\"container__body\">\n<p class=\"is-style-subheading\">24 Kas\u0131m 2021<\/p>\n\n\n\n<h1 class=\"wp-block-heading\">Binder Optik \u00e7al\u0131\u015fan y\u0131ld\u00f6n\u00fcmlerini kutluyor<\/h1>\n\n\n\n<div class=\"wp-block-custom-spacing spacing-element spacing-mobile--small spacing-tablet--small spacing-small-desktop--small spacing-desktop--small\"><\/div>\n<\/div><\/div><\/section>\n\n<section class=\"wp-block-custom-container alignwide block-content\"><div class=\"container container--wide\"><div class=\"container__body\">\n<div class=\"wp-block-custom-columns columns-row row\"><style>.columns-row--spacing-top{padding-top:2rem}@media (min-width: 992px){.columns-row--spacing-top{padding-top:4rem}}.columns-row--spacing-bottom{padding-bottom:2rem}@media (min-width: 992px){.columns-row--spacing-bottom{padding-bottom:4rem}}.columns-row--margin-top{margin-top:2rem}@media (min-width: 992px){.columns-row--margin-top{margin-top:4rem}}.columns-row--margin-bottom{margin-bottom:2rem}@media (min-width: 992px){.columns-row--margin-bottom{margin-bottom:4rem}}\n<\/style>\n<div class=\"wp-block-custom-column col col-6\">\n<p>Bir aile \u015firketi olarak \u00e7al\u0131\u015fanlar\u0131m\u0131z bizim i\u00e7in \u00f6zellikle \u00f6nemlidir. Bu nedenle 2020 ve 2021 y\u0131llar\u0131nda bir kez daha \u00e7ok say\u0131da y\u0131ld\u00f6n\u00fcm\u00fc kutlayabilmi\u015f olmam\u0131z \u00e7ok daha sevindirici: Yakla\u015f\u0131k 40 \u00e7al\u0131\u015fan\u0131m\u0131z bu iki y\u0131l i\u00e7inde &#8220;Binder ailesine&#8221; kat\u0131l\u0131\u015flar\u0131n\u0131n 10, 20, 25 ve hatta 30. y\u0131l\u0131n\u0131 kutlad\u0131. <\/p>\n\n\n\n<p>Baur ailesi geleneksel olarak y\u0131ld\u00f6n\u00fcmlerini kutlayanlar\u0131 Ehningen&#8217;deki Michelin y\u0131ld\u0131zl\u0131 &#8220;Landhaus Feckl&#8221; restoran\u0131nda bir \u00f6\u011fle yeme\u011fine davet ediyor. Mevcut k\u0131s\u0131tlamalar nedeniyle ge\u00e7en y\u0131l bu m\u00fcmk\u00fcn olmad\u0131\u011f\u0131ndan, 2020 ve 2021 \u00e7al\u0131\u015fan y\u0131ld\u00f6n\u00fcmleri bu y\u0131l\u0131n Ekim ve Kas\u0131m aylar\u0131nda yedi etkinlikte birlikte kutland\u0131. <\/p>\n\n\n\n<p>Genel M\u00fcd\u00fcr Dominic Baur, &#8220;\u00c7al\u0131\u015fanlar\u0131m\u0131z alt\u0131n de\u011ferindedir &#8211; \u00f6zellikle de Binder ruhunu i\u00e7selle\u015ftirmi\u015f ve Binder Optik &#8216;u y\u00fcrekten ve ruhen benimsemi\u015f olan uzun s\u00fcreli \u00e7al\u0131\u015fanlar\u0131m\u0131z,&#8221; diye vurgulad\u0131. &#8220;Her g\u00fcn, Binder Optik &#8216;un d\u00fczenli olarak takdir edildi\u011fi uzman ma\u011fazalar\u0131m\u0131zdaki co\u015fkuyu ve \u00fcst\u00fcn dan\u0131\u015fmanl\u0131k kalitesini sa\u011fl\u0131yorsunuz. Bu \u00f6d\u00fcllerde ve ba\u015far\u0131larda kilit bir rol oynad\u0131n\u0131z.&#8221; <\/p>\n<\/div>\n\n\n\n<div class=\"wp-block-custom-column col col-6\"><style>.wp-block-image.alignright{margin:0 !important}.wp-block-image.alignleft{float:none !important}.wp-block-image .wp-element-caption{text-align:left}\n<\/style>\n<figure class=\"wp-block-image size-large\"><img loading=\"lazy\" decoding=\"async\" width=\"1024\" height=\"769\" src=\"https:\/\/www.binder-optik.de\/wp-content\/uploads\/2023\/08\/Jubilare_2021_Gruppenbild-2048x1537-1-1024x769.jpg\" alt=\"Binder Optik\" class=\"wp-image-2481\" title=\"\" srcset=\"https:\/\/www.binder-optik.de\/wp-content\/uploads\/2023\/08\/Jubilare_2021_Gruppenbild-2048x1537-1-1024x769.jpg 1024w, https:\/\/www.binder-optik.de\/wp-content\/uploads\/2023\/08\/Jubilare_2021_Gruppenbild-2048x1537-1-906x680.jpg 906w, https:\/\/www.binder-optik.de\/wp-content\/uploads\/2023\/08\/Jubilare_2021_Gruppenbild-2048x1537-1-300x225.jpg 300w, https:\/\/www.binder-optik.de\/wp-content\/uploads\/2023\/08\/Jubilare_2021_Gruppenbild-2048x1537-1-768x576.jpg 768w, https:\/\/www.binder-optik.de\/wp-content\/uploads\/2023\/08\/Jubilare_2021_Gruppenbild-2048x1537-1-1536x1153.jpg 1536w, https:\/\/www.binder-optik.de\/wp-content\/uploads\/2023\/08\/Jubilare_2021_Gruppenbild-2048x1537-1-524x393.jpg 524w, https:\/\/www.binder-optik.de\/wp-content\/uploads\/2023\/08\/Jubilare_2021_Gruppenbild-2048x1537-1.jpg 1920w\" sizes=\"auto, (max-width: 1024px) 100vw, 1024px\" \/><figcaption class=\"wp-element-caption\">Dr. Helmut Baur (\u00f6nde soldan 3.), Gabriele Baur (\u00f6nde soldan 3.) ve Dominic Baur (\u00f6nde sa\u011fda) Landhaus Feckl&#8217;deki \u00f6\u011fle yeme\u011finde 40 kadar j\u00fcbileciden yedisiyle birlikte.<\/figcaption><\/figure>\n<\/div>\n<\/div>\n\n\n\n<p>Bu nedenle \u00e7al\u0131\u015fanlar Baur ailesi i\u00e7in kelimenin tam anlam\u0131yla &#8220;a\u011f\u0131rl\u0131\u011f\u0131nca alt\u0131n de\u011ferinde&#8221;: Onur belgesi, \u00e7i\u00e7ek ya da \u015fampanyan\u0131n yan\u0131 s\u0131ra y\u0131ld\u00f6n\u00fcm\u00fc hediyesi olarak birer alt\u0131n k\u00fcl\u00e7e verildi<\/p>\n<\/div><\/div><\/section>\n\n<section class=\"wp-block-custom-container alignwide block-content  block-content--spacing-top block-content--spacing-bottom\"><div class=\"container container--wide\"><div class=\"container__body\">\n<section class=\"wp-block-custom-container alignwide block-content  has-gelb-background-color\" style=\"background-color:#FFFF00\"><div class=\"container container--wide\"><div class=\"container__body\"><style>.wp-block-columns.are-vertically-aligned-center{gap:1em;margin-bottom:.5rem}@media (min-width: 992px){.wp-block-columns.are-vertically-aligned-center{margin-bottom:1rem}}.wp-block-columns.are-vertically-aligned-center :last-child{margin-bottom:0}.wp-block-columns.are-vertically-aligned-center figure{margin-bottom:0}.wp-block-columns.no-margin{margin-bottom:0 !important}@media (max-width: 991px){.wp-block-columns.hide-mobile{display:none}}:where(.wp-block-columns.is-layout-flex){gap:1em}\n<\/style>\n<div class=\"wp-block-columns are-vertically-aligned-center is-layout-flex wp-container-core-columns-is-layout-1 wp-block-columns-is-layout-flex\">\n<div class=\"wp-block-column is-vertically-aligned-center is-layout-flow wp-block-column-is-layout-flow\" style=\"flex-basis:66.66%\">\n<h2 class=\"wp-block-heading\"><strong>B\u00fclten kayd\u0131<\/strong><\/h2>\n\n\n\n<p>Haber b\u00fcltenine \u015fimdi abone olun ve 20 Euro de\u011ferinde Binder Optik al\u0131\u015fveri\u015f \u00e7eki kazan\u0131n.<\/p>\n\n\n\n<div class=\"wp-block-buttons is-layout-flex wp-block-buttons-is-layout-flex\"><style>.wp-block-button{margin:0 0 3rem}.wp-block-button:last-child,.wp-block-button:only-child{margin-bottom:0}.wp-block-button.align-center{text-align:center}.wp-block-button.align-right{text-align:right}.wp-block-columns+.wp-block-button{margin-top:6.3rem}.wp-block-button__link{display:inline-block;padding:1.8rem 1.8rem;font-weight:600;text-align:center;text-decoration:none;color:#2B2E34;border:2px solid #FFFA00;border-radius:.5rem;background-color:#FFFA00;cursor:pointer;font-size:1.6rem;line-height:1}@media (min-width: 1380px){.wp-block-button__link{padding:1.8rem 3.8rem;font-size:1.8rem;line-height:1}}.wp-block-button:not(.is-style-link-only):not(.is-style-outline):not(.is-style-fill-secondary) .wp-block-button__link{position:relative}.wp-block-button:not(.is-style-link-only):not(.is-style-outline):not(.is-style-fill-secondary) .wp-block-button__link:hover,.wp-block-button:not(.is-style-link-only):not(.is-style-outline):not(.is-style-fill-secondary) .wp-block-button__link:focus{color:#fff;border-color:#00597E;background-color:#00597E}.wp-block-button .wp-block-button__link{transition:.2s}.is-style-fill-secondary .wp-block-button__link{color:#fff;border-color:#00597E;background-color:#00597E}.is-style-fill-secondary .wp-block-button__link:hover,.is-style-fill-secondary .wp-block-button__link:focus{color:#2B2E34;border-color:#FFFA00;background-color:#FFFA00}.is-style-outline .wp-block-button__link{padding:1.8rem 1.8rem !important;color:#00597E !important;border-color:#00597E;background-color:transparent}@media (min-width: 1380px){.is-style-outline .wp-block-button__link{padding:1.8rem 3.8rem !important}}.is-style-outline .wp-block-button__link:hover,.is-style-outline .wp-block-button__link:focus{color:#fff !important;border-color:#00597E !important;background-color:#00597E !important}.is-style-link-only .wp-block-button__link{min-width:0;padding:0;padding-right:2rem;position:relative;font-weight:600;color:#00597E;letter-spacing:0;text-transform:none;border:none;background-color:transparent;transition:color .2s,text-decoration-color .2s;font-size:1.8rem;line-height:1}.is-style-link-only .wp-block-button__link::after{content:'';display:inline-block;width:8px;height:13px;position:absolute;top:50%;right:0;transform:translate(0, -50%);background-image:url(\"https:\/\/www.binder-optik.de\/wp-content\/themes\/ATLAS\/images\/svg\/button_arrow-right_secondary.svg\");background-repeat:no-repeat;background-size:contain;transition:right 0.2s}.is-style-link-only .wp-block-button__link:hover::after,.is-style-link-only .wp-block-button__link:focus::after{right:-5px}\n<\/style>\n<div class=\"wp-block-button is-style-fill-secondary\"><a class=\"wp-block-button__link wp-element-button\" href=\"https:\/\/www.binder-optik.de\/tr\/buelten-kaydi\/\">Kay\u0131t i\u00e7in<\/a><\/div>\n<\/div>\n<\/div>\n\n\n\n<div class=\"wp-block-column is-vertically-aligned-center is-layout-flow wp-block-column-is-layout-flow\" style=\"flex-basis:33.33%\">\n<figure class=\"wp-block-image size-full\"><img loading=\"lazy\" decoding=\"async\" width=\"902\" height=\"625\" src=\"https:\/\/www.binder-optik.de\/wp-content\/uploads\/2025\/05\/2023_10_05-Newsletter-Anmeldung_433x300-1_EN.jpg\" alt=\"Binder Optik\" class=\"wp-image-19189\" title=\"\" srcset=\"https:\/\/www.binder-optik.de\/wp-content\/uploads\/2025\/05\/2023_10_05-Newsletter-Anmeldung_433x300-1_EN.jpg 902w, https:\/\/www.binder-optik.de\/wp-content\/uploads\/2025\/05\/2023_10_05-Newsletter-Anmeldung_433x300-1_EN-300x208.jpg 300w, https:\/\/www.binder-optik.de\/wp-content\/uploads\/2025\/05\/2023_10_05-Newsletter-Anmeldung_433x300-1_EN-768x532.jpg 768w, https:\/\/www.binder-optik.de\/wp-content\/uploads\/2025\/05\/2023_10_05-Newsletter-Anmeldung_433x300-1_EN-524x363.jpg 524w\" sizes=\"auto, (max-width: 902px) 100vw, 902px\" \/><\/figure>\n<\/div>\n<\/div>\n<\/div><\/div><\/section>\n<\/div><\/div><\/section>\n","protected":false},"excerpt":{"rendered":"","protected":false},"author":13,"featured_media":14908,"comment_status":"closed","ping_status":"closed","sticky":false,"template":"","format":"standard","meta":{"_acf_changed":false,"footnotes":""},"categories":[1],"tags":[],"class_list":["post-17890","post","type-post","status-publish","format-standard","has-post-thumbnail","hentry","category-kategorize-edilmemis"],"acf":[],"publishpress_future_action":{"enabled":false,"date":"2026-05-07 04:33:13","action":"change-status","newStatus":"draft","terms":[],"taxonomy":"category","extraData":[]},"publishpress_future_workflow_manual_trigger":{"enabledWorkflows":[]},"_links":{"self":[{"href":"https:\/\/www.binder-optik.de\/tr\/wp-json\/wp\/v2\/posts\/17890","targetHints":{"allow":["GET"]}}],"collection":[{"href":"https:\/\/www.binder-optik.de\/tr\/wp-json\/wp\/v2\/posts"}],"about":[{"href":"https:\/\/www.binder-optik.de\/tr\/wp-json\/wp\/v2\/types\/post"}],"author":[{"embeddable":true,"href":"https:\/\/www.binder-optik.de\/tr\/wp-json\/wp\/v2\/users\/13"}],"replies":[{"embeddable":true,"href":"https:\/\/www.binder-optik.de\/tr\/wp-json\/wp\/v2\/comments?post=17890"}],"version-history":[{"count":1,"href":"https:\/\/www.binder-optik.de\/tr\/wp-json\/wp\/v2\/posts\/17890\/revisions"}],"predecessor-version":[{"id":17896,"href":"https:\/\/www.binder-optik.de\/tr\/wp-json\/wp\/v2\/posts\/17890\/revisions\/17896"}],"wp:featuredmedia":[{"embeddable":true,"href":"https:\/\/www.binder-optik.de\/tr\/wp-json\/wp\/v2\/media\/14908"}],"wp:attachment":[{"href":"https:\/\/www.binder-optik.de\/tr\/wp-json\/wp\/v2\/media?parent=17890"}],"wp:term":[{"taxonomy":"category","embeddable":true,"href":"https:\/\/www.binder-optik.de\/tr\/wp-json\/wp\/v2\/categories?post=17890"},{"taxonomy":"post_tag","embeddable":true,"href":"https:\/\/www.binder-optik.de\/tr\/wp-json\/wp\/v2\/tags?post=17890"}],"curies":[{"name":"wp","href":"https:\/\/api.w.org\/{rel}","templated":true}]}}