{"id":17883,"date":"2022-11-04T09:41:36","date_gmt":"2022-11-04T08:41:36","guid":{"rendered":"https:\/\/www.binder-optik.de\/iyi-bir-amac-icin-goezluekler\/"},"modified":"2025-04-15T14:46:21","modified_gmt":"2025-04-15T12:46:21","slug":"iyi-bir-amac-icin-goezluekler","status":"publish","type":"post","link":"https:\/\/www.binder-optik.de\/tr\/iyi-bir-amac-icin-goezluekler\/","title":{"rendered":"\u0130yi bir ama\u00e7 i\u00e7in g\u00f6zl\u00fckler"},"content":{"rendered":"\n<section class=\"wp-block-custom-container alignwide block-content  block-content--spacing-top block-content--margin-top\"><style>.block-content{position:relative}.block-content--spacing-top{padding-top:2rem}@media (min-width: 992px){.block-content--spacing-top{padding-top:4rem}}.block-content--spacing-bottom{padding-bottom:2rem}@media (min-width: 992px){.block-content--spacing-bottom{padding-bottom:4rem}}.block-content--margin-top{margin-top:2rem}@media (min-width: 992px){.block-content--margin-top{margin-top:4rem}}.block-content--margin-bottom{margin-bottom:2rem}@media (min-width: 992px){.block-content--margin-bottom{margin-bottom:4rem}}.block-content.z-index{position:relative;z-index:2}.block-content .container{position:relative;z-index:1}.block-content .container--full{padding:0}.block-content .container .container{padding:2rem}@media (min-width: 992px){.block-content .container .container{padding:4rem}}.block-content .container-overlay{position:absolute;z-index:0;top:0;right:0;bottom:0;left:0}.block-content.career-container{margin-top:-8rem;z-index:2;pointer-events:none}.block-content.career-container .block-content{pointer-events:all;-webkit-box-shadow:0px 0px 15px 5px rgba(0,0,0,0.1);box-shadow:0px 0px 15px 5px rgba(0,0,0,0.1)}.block-content.career-container .wp-block-custom-column{margin-bottom:0}\n<\/style><div class=\"container container--wide\"><div class=\"container__body\">\n<p class=\"is-style-subheading\">04 Kas\u0131m 2022<\/p>\n\n\n\n<h1 class=\"wp-block-heading\">\u0130yi bir ama\u00e7 i\u00e7in g\u00f6zl\u00fckler<\/h1>\n\n\n\n<div class=\"wp-block-custom-spacing spacing-element spacing-mobile--small spacing-tablet--small spacing-small-desktop--small spacing-desktop--small\"><\/div>\n<\/div><\/div><\/section>\n\n<section class=\"wp-block-custom-container alignwide block-content\"><div class=\"container container--wide\"><div class=\"container__body\">\n<div class=\"wp-block-custom-columns columns-row row\"><style>.columns-row--spacing-top{padding-top:2rem}@media (min-width: 992px){.columns-row--spacing-top{padding-top:4rem}}.columns-row--spacing-bottom{padding-bottom:2rem}@media (min-width: 992px){.columns-row--spacing-bottom{padding-bottom:4rem}}.columns-row--margin-top{margin-top:2rem}@media (min-width: 992px){.columns-row--margin-top{margin-top:4rem}}.columns-row--margin-bottom{margin-bottom:2rem}@media (min-width: 992px){.columns-row--margin-bottom{margin-bottom:4rem}}\n<\/style>\n<div class=\"wp-block-custom-column col col-6\">\n<p>Bir\u00e7o\u011fumuz g\u00f6rme yetimiz zay\u0131fsa g\u00f6zl\u00fck takmay\u0131 do\u011fal kar\u015f\u0131larken, geli\u015fmekte olan \u00fclkelerdeki insanlar bu ayr\u0131cal\u0131\u011fa sahip de\u011fildir. Bu \u00fclkelerde g\u00f6zl\u00fckler \u00e7ok pahal\u0131d\u0131r ve bir\u00e7ok insan\u0131n d\u00fc\u015f\u00fck \u00fccretleriyle kar\u015f\u0131lanamaz. G\u00f6zl\u00fck alamayan ihtiya\u00e7 sahibi insanlar, g\u00f6rme bozukluklar\u0131 nedeniyle otomatik olarak daha az e\u011fitim ve \u00e7al\u0131\u015fma f\u0131rsat\u0131na sahip olmaktad\u0131r. Bu insanlara yard\u0131mc\u0131 olmak amac\u0131yla Binder Optik, Deutsches Katholisches Blindenwerk e. V. taraf\u0131ndan y\u00fcr\u00fct\u00fclen &#8220;BrillenWeltweit&#8221; kampanyas\u0131n\u0131 y\u0131llard\u0131r desteklemektedir. Kurulu\u015f, iyi durumdaki eski g\u00f6zl\u00fckleri toplamakta ve bunlar\u0131 d\u00fcnyan\u0131n d\u00f6rt bir yan\u0131ndaki k\u00e2r amac\u0131 g\u00fctmeyen kurulu\u015flara g\u00f6ndermektedir. Bu kurulu\u015flar g\u00f6zl\u00fckleri ihtiyac\u0131 olan insanlara \u00fccretsiz olarak veriyor. Bu \u015fekilde, acilen g\u00f6rsel yard\u0131ma ihtiya\u00e7 duyan insanlara yard\u0131m ediliyor ve kullan\u0131lm\u0131\u015f g\u00f6zl\u00fckler kaynaklar\u0131 koruyacak \u015fekilde yeniden kullan\u0131l\u0131yor.     <\/p>\n\n\n\n<p>Kampanya Almanya&#8217;da da iyi sonu\u00e7lar veriyor: Uzun s\u00fcredir i\u015fsiz olan \u00e7ok say\u0131da ki\u015fi projede yer al\u0131yor ve camlar\u0131 temizliyor, onar\u0131yor, \u00f6l\u00e7\u00fcyor ve paketliyor.<a href=\"https:\/\/brillenweltweit.de\/\" target=\"_blank\" rel=\"noreferrer noopener\">&#8220;BrillenWeltweit&#8221;insanlar\u0131 gelecekteki \u00e7al\u0131\u015fma hayatlar\u0131naentegre ediyor<\/a>ve onlara yeni bir bak\u0131\u015f a\u00e7\u0131s\u0131 kazand\u0131r\u0131yor.<\/p>\n<\/div>\n\n\n\n<div class=\"wp-block-custom-column col col-6\"><style>.wp-block-image.alignright{margin:0 !important}.wp-block-image.alignleft{float:none !important}.wp-block-image .wp-element-caption{text-align:left}\n<\/style>\n<figure class=\"wp-block-image size-full\"><img loading=\"lazy\" decoding=\"async\" width=\"768\" height=\"577\" src=\"https:\/\/www.binder-optik.de\/wp-content\/uploads\/2023\/08\/IMG_8016_2048x1537-768x577-1.jpg\" alt=\"Binder Optik\" class=\"wp-image-2231\" title=\"\" srcset=\"https:\/\/www.binder-optik.de\/wp-content\/uploads\/2023\/08\/IMG_8016_2048x1537-768x577-1.jpg 768w, https:\/\/www.binder-optik.de\/wp-content\/uploads\/2023\/08\/IMG_8016_2048x1537-768x577-1-300x225.jpg 300w, https:\/\/www.binder-optik.de\/wp-content\/uploads\/2023\/08\/IMG_8016_2048x1537-768x577-1-524x394.jpg 524w\" sizes=\"auto, (max-width: 768px) 100vw, 768px\" \/><figcaption class=\"wp-element-caption\">Dominic Baur &#8220;BrillenWeltweit&#8221; i\u00e7in bardaklar\u0131 haz\u0131rl\u0131yor<\/figcaption><\/figure>\n<\/div>\n<\/div>\n\n\n\n<h4 class=\"wp-block-heading\">Birlikte katk\u0131da bulunmak<\/h4>\n\n\n\n<p>Binder Optik Kampanyaya d\u00fczenli olarak m\u00fc\u015fterilerinden gelen eski g\u00f6zl\u00fcklerin yan\u0131 s\u0131ra yeni e\u015fyalar da ba\u011f\u0131\u015flanmaktad\u0131r. Bu y\u0131l 2.500 \u00e7ift g\u00f6zl\u00fck topland\u0131 ve yeni sahiplerine ula\u015ft\u0131r\u0131lmak \u00fczere yola \u00e7\u0131kt\u0131. Evinizde art\u0131k kullanmad\u0131\u011f\u0131n\u0131z kullan\u0131lm\u0131\u015f g\u00f6zl\u00fckleriniz mi var? Onlar\u0131 istedi\u011finiz zaman iyi bir ama\u00e7 i\u00e7in \u00f6zel ma\u011fazalar\u0131m\u0131za teslim edebilir ve g\u00f6zl\u00fcklerinize ikinci bir hayat verebilirsiniz.   <\/p>\n<\/div><\/div><\/section>\n\n<section class=\"wp-block-custom-container alignwide block-content  block-content--spacing-top block-content--spacing-bottom\"><div class=\"container container--wide\"><div class=\"container__body\">\n<section class=\"wp-block-custom-container alignwide block-content  has-gelb-background-color\" style=\"background-color:#FFFF00\"><div class=\"container container--wide\"><div class=\"container__body\"><style>.wp-block-columns.are-vertically-aligned-center{gap:1em;margin-bottom:.5rem}@media (min-width: 992px){.wp-block-columns.are-vertically-aligned-center{margin-bottom:1rem}}.wp-block-columns.are-vertically-aligned-center :last-child{margin-bottom:0}.wp-block-columns.are-vertically-aligned-center figure{margin-bottom:0}.wp-block-columns.no-margin{margin-bottom:0 !important}@media (max-width: 991px){.wp-block-columns.hide-mobile{display:none}}:where(.wp-block-columns.is-layout-flex){gap:1em}\n<\/style>\n<div class=\"wp-block-columns are-vertically-aligned-center is-layout-flex wp-container-core-columns-is-layout-1 wp-block-columns-is-layout-flex\">\n<div class=\"wp-block-column is-vertically-aligned-center is-layout-flow wp-block-column-is-layout-flow\" style=\"flex-basis:66.66%\">\n<h2 class=\"wp-block-heading\"><strong>B\u00fclten kayd\u0131<\/strong><\/h2>\n\n\n\n<p>Haber b\u00fcltenine \u015fimdi abone olun ve 20 Euro de\u011ferinde Binder Optik al\u0131\u015fveri\u015f \u00e7eki kazan\u0131n.<\/p>\n\n\n\n<div class=\"wp-block-buttons is-layout-flex wp-block-buttons-is-layout-flex\"><style>.wp-block-button{margin:0 0 3rem}.wp-block-button:last-child,.wp-block-button:only-child{margin-bottom:0}.wp-block-button.align-center{text-align:center}.wp-block-button.align-right{text-align:right}.wp-block-columns+.wp-block-button{margin-top:6.3rem}.wp-block-button__link{display:inline-block;padding:1.8rem 1.8rem;font-weight:600;text-align:center;text-decoration:none;color:#2B2E34;border:2px solid #FFFA00;border-radius:.5rem;background-color:#FFFA00;cursor:pointer;font-size:1.6rem;line-height:1}@media (min-width: 1380px){.wp-block-button__link{padding:1.8rem 3.8rem;font-size:1.8rem;line-height:1}}.wp-block-button:not(.is-style-link-only):not(.is-style-outline):not(.is-style-fill-secondary) .wp-block-button__link{position:relative}.wp-block-button:not(.is-style-link-only):not(.is-style-outline):not(.is-style-fill-secondary) .wp-block-button__link:hover,.wp-block-button:not(.is-style-link-only):not(.is-style-outline):not(.is-style-fill-secondary) .wp-block-button__link:focus{color:#fff;border-color:#00597E;background-color:#00597E}.wp-block-button .wp-block-button__link{transition:.2s}.is-style-fill-secondary .wp-block-button__link{color:#fff;border-color:#00597E;background-color:#00597E}.is-style-fill-secondary .wp-block-button__link:hover,.is-style-fill-secondary .wp-block-button__link:focus{color:#2B2E34;border-color:#FFFA00;background-color:#FFFA00}.is-style-outline .wp-block-button__link{padding:1.8rem 1.8rem !important;color:#00597E !important;border-color:#00597E;background-color:transparent}@media (min-width: 1380px){.is-style-outline .wp-block-button__link{padding:1.8rem 3.8rem !important}}.is-style-outline .wp-block-button__link:hover,.is-style-outline .wp-block-button__link:focus{color:#fff !important;border-color:#00597E !important;background-color:#00597E !important}.is-style-link-only .wp-block-button__link{min-width:0;padding:0;padding-right:2rem;position:relative;font-weight:600;color:#00597E;letter-spacing:0;text-transform:none;border:none;background-color:transparent;transition:color .2s,text-decoration-color .2s;font-size:1.8rem;line-height:1}.is-style-link-only .wp-block-button__link::after{content:'';display:inline-block;width:8px;height:13px;position:absolute;top:50%;right:0;transform:translate(0, -50%);background-image:url(\"https:\/\/www.binder-optik.de\/wp-content\/themes\/ATLAS\/images\/svg\/button_arrow-right_secondary.svg\");background-repeat:no-repeat;background-size:contain;transition:right 0.2s}.is-style-link-only .wp-block-button__link:hover::after,.is-style-link-only .wp-block-button__link:focus::after{right:-5px}\n<\/style>\n<div class=\"wp-block-button is-style-fill-secondary\"><a class=\"wp-block-button__link wp-element-button\" href=\"https:\/\/www.binder-optik.de\/tr\/buelten-kaydi\/\">Kay\u0131t i\u00e7in<\/a><\/div>\n<\/div>\n<\/div>\n\n\n\n<div class=\"wp-block-column is-vertically-aligned-center is-layout-flow wp-block-column-is-layout-flow\" style=\"flex-basis:33.33%\">\n<figure class=\"wp-block-image size-full\"><img loading=\"lazy\" decoding=\"async\" width=\"902\" height=\"625\" src=\"https:\/\/www.binder-optik.de\/wp-content\/uploads\/2025\/05\/2023_10_05-Newsletter-Anmeldung_433x300-1_EN.jpg\" alt=\"Binder Optik\" class=\"wp-image-19189\" title=\"\" srcset=\"https:\/\/www.binder-optik.de\/wp-content\/uploads\/2025\/05\/2023_10_05-Newsletter-Anmeldung_433x300-1_EN.jpg 902w, https:\/\/www.binder-optik.de\/wp-content\/uploads\/2025\/05\/2023_10_05-Newsletter-Anmeldung_433x300-1_EN-300x208.jpg 300w, https:\/\/www.binder-optik.de\/wp-content\/uploads\/2025\/05\/2023_10_05-Newsletter-Anmeldung_433x300-1_EN-768x532.jpg 768w, https:\/\/www.binder-optik.de\/wp-content\/uploads\/2025\/05\/2023_10_05-Newsletter-Anmeldung_433x300-1_EN-524x363.jpg 524w\" sizes=\"auto, (max-width: 902px) 100vw, 902px\" \/><\/figure>\n<\/div>\n<\/div>\n<\/div><\/div><\/section>\n<\/div><\/div><\/section>\n","protected":false},"excerpt":{"rendered":"","protected":false},"author":13,"featured_media":14652,"comment_status":"closed","ping_status":"closed","sticky":false,"template":"","format":"standard","meta":{"_acf_changed":false,"footnotes":""},"categories":[287],"tags":[],"class_list":["post-17883","post","type-post","status-publish","format-standard","has-post-thumbnail","hentry","category-sosyal-baglilik"],"acf":[],"publishpress_future_action":{"enabled":false,"date":"2026-05-08 13:40:52","action":"change-status","newStatus":"draft","terms":[],"taxonomy":"category","extraData":[]},"publishpress_future_workflow_manual_trigger":{"enabledWorkflows":[]},"_links":{"self":[{"href":"https:\/\/www.binder-optik.de\/tr\/wp-json\/wp\/v2\/posts\/17883","targetHints":{"allow":["GET"]}}],"collection":[{"href":"https:\/\/www.binder-optik.de\/tr\/wp-json\/wp\/v2\/posts"}],"about":[{"href":"https:\/\/www.binder-optik.de\/tr\/wp-json\/wp\/v2\/types\/post"}],"author":[{"embeddable":true,"href":"https:\/\/www.binder-optik.de\/tr\/wp-json\/wp\/v2\/users\/13"}],"replies":[{"embeddable":true,"href":"https:\/\/www.binder-optik.de\/tr\/wp-json\/wp\/v2\/comments?post=17883"}],"version-history":[{"count":1,"href":"https:\/\/www.binder-optik.de\/tr\/wp-json\/wp\/v2\/posts\/17883\/revisions"}],"predecessor-version":[{"id":17887,"href":"https:\/\/www.binder-optik.de\/tr\/wp-json\/wp\/v2\/posts\/17883\/revisions\/17887"}],"wp:featuredmedia":[{"embeddable":true,"href":"https:\/\/www.binder-optik.de\/tr\/wp-json\/wp\/v2\/media\/14652"}],"wp:attachment":[{"href":"https:\/\/www.binder-optik.de\/tr\/wp-json\/wp\/v2\/media?parent=17883"}],"wp:term":[{"taxonomy":"category","embeddable":true,"href":"https:\/\/www.binder-optik.de\/tr\/wp-json\/wp\/v2\/categories?post=17883"},{"taxonomy":"post_tag","embeddable":true,"href":"https:\/\/www.binder-optik.de\/tr\/wp-json\/wp\/v2\/tags?post=17883"}],"curies":[{"name":"wp","href":"https:\/\/api.w.org\/{rel}","templated":true}]}}