{"id":17881,"date":"2022-10-25T09:50:36","date_gmt":"2022-10-25T07:50:36","guid":{"rendered":"https:\/\/www.binder-optik.de\/oeduellue-derece\/"},"modified":"2025-04-15T14:46:20","modified_gmt":"2025-04-15T12:46:20","slug":"oeduellue-derece","status":"publish","type":"post","link":"https:\/\/www.binder-optik.de\/tr\/oeduellue-derece\/","title":{"rendered":"\u00d6d\u00fcll\u00fc derece"},"content":{"rendered":"\n<section class=\"wp-block-custom-container alignwide block-content  block-content--spacing-top block-content--margin-top\"><style>.block-content{position:relative}.block-content--spacing-top{padding-top:2rem}@media (min-width: 992px){.block-content--spacing-top{padding-top:4rem}}.block-content--spacing-bottom{padding-bottom:2rem}@media (min-width: 992px){.block-content--spacing-bottom{padding-bottom:4rem}}.block-content--margin-top{margin-top:2rem}@media (min-width: 992px){.block-content--margin-top{margin-top:4rem}}.block-content--margin-bottom{margin-bottom:2rem}@media (min-width: 992px){.block-content--margin-bottom{margin-bottom:4rem}}.block-content.z-index{position:relative;z-index:2}.block-content .container{position:relative;z-index:1}.block-content .container--full{padding:0}.block-content .container .container{padding:2rem}@media (min-width: 992px){.block-content .container .container{padding:4rem}}.block-content .container-overlay{position:absolute;z-index:0;top:0;right:0;bottom:0;left:0}.block-content.career-container{margin-top:-8rem;z-index:2;pointer-events:none}.block-content.career-container .block-content{pointer-events:all;-webkit-box-shadow:0px 0px 15px 5px rgba(0,0,0,0.1);box-shadow:0px 0px 15px 5px rgba(0,0,0,0.1)}.block-content.career-container .wp-block-custom-column{margin-bottom:0}\n<\/style><div class=\"container container--wide\"><div class=\"container__body\">\n<p class=\"is-style-subheading\">25 Ekim 2022<\/p>\n\n\n\n<h1 class=\"wp-block-heading\">\u00d6d\u00fcll\u00fc derece<\/h1>\n\n\n\n<div class=\"wp-block-custom-spacing spacing-element spacing-mobile--small spacing-tablet--small spacing-small-desktop--small spacing-desktop--small\"><\/div>\n<\/div><\/div><\/section>\n\n<section class=\"wp-block-custom-container alignwide block-content\"><div class=\"container container--wide\"><div class=\"container__body\">\n<div class=\"wp-block-custom-columns columns-row row\"><style>.columns-row--spacing-top{padding-top:2rem}@media (min-width: 992px){.columns-row--spacing-top{padding-top:4rem}}.columns-row--spacing-bottom{padding-bottom:2rem}@media (min-width: 992px){.columns-row--spacing-bottom{padding-bottom:4rem}}.columns-row--margin-top{margin-top:2rem}@media (min-width: 992px){.columns-row--margin-top{margin-top:4rem}}.columns-row--margin-bottom{margin-bottom:2rem}@media (min-width: 992px){.columns-row--margin-bottom{margin-bottom:4rem}}\n<\/style>\n<div class=\"wp-block-custom-column col col-6\">\n<p>Aalen \u015fehri sadece lenslerini burada \u00fcreten ve kendi b\u00fcy\u00fck uzman ma\u011fazas\u0131na sahip olan ZEISS \u015firketi Binder Optik ile de\u011fil, ayn\u0131 zamanda Aalen \u00dcniversitesi ile de ili\u015fkilidir. Son 20 y\u0131ld\u0131r Binder Optik GmbH&#8217;nin \u00fcniversite \u00f6d\u00fcl\u00fc, Oftalmik Optik\/Optometri lisans program\u0131ndaki se\u00e7kin final tezlerine veriliyor. Bu y\u0131l \u00f6d\u00fcl, &#8220;Almanya&#8217;da g\u00f6rme e\u011fitiminin sorunlar\u0131 ve f\u0131rsatlar\u0131 ile mevcut durum hakk\u0131nda kapsaml\u0131 bir ara\u015ft\u0131rma&#8221; konulu lisans teziyle 24 ya\u015f\u0131ndaki mezun Maria Zinser&#8217;e verildi.  <\/p>\n\n\n\n<h4 class=\"wp-block-heading\">Yazar ba\u011fl\u0131l\u0131\u011f\u0131n\u0131 ve azmini ortaya koyuyor<\/h4>\n\n\n\n<p>G\u00f6rsel e\u011fitim, g\u00f6zl\u00fckle giderilemeyen g\u00f6rme bozukluklar\u0131n\u0131n tedavisi i\u00e7in Almanya&#8217;da nispeten bilinmeyen uzun vadeli bir e\u011fitim program\u0131d\u0131r. Maria Zinser, bilimsel \u00e7al\u0131\u015fmalar\u0131n\u0131n bir par\u00e7as\u0131 olarak \u00e7ok say\u0131da anket yapm\u0131\u015f ve \u00e7e\u015fitli ara\u015ft\u0131rmalar\u0131 analiz etmi\u015ftir. Ara\u015ft\u0131rmas\u0131n\u0131n sonucu: G\u00f6rsel e\u011fitim, \u00e7ift g\u00f6rme veya okuma g\u00fc\u00e7l\u00fc\u011f\u00fc gibi semptomlar\u0131n iyile\u015ftirilmesine yard\u0131mc\u0131 olabilir.  <\/p>\n<\/div>\n\n\n\n<div class=\"wp-block-custom-column col col-6\"><style>.wp-block-image.alignright{margin:0 !important}.wp-block-image.alignleft{float:none !important}.wp-block-image .wp-element-caption{text-align:left}\n<\/style>\n<figure class=\"wp-block-image size-full\"><img loading=\"lazy\" decoding=\"async\" width=\"768\" height=\"576\" src=\"https:\/\/www.binder-optik.de\/wp-content\/uploads\/2023\/08\/Preisverleihung-Binder-Optik-Preis-2022_2048x1537-768x576-1.jpg\" alt=\"Binder Optik\" class=\"wp-image-2235\" title=\"\" srcset=\"https:\/\/www.binder-optik.de\/wp-content\/uploads\/2023\/08\/Preisverleihung-Binder-Optik-Preis-2022_2048x1537-768x576-1.jpg 768w, https:\/\/www.binder-optik.de\/wp-content\/uploads\/2023\/08\/Preisverleihung-Binder-Optik-Preis-2022_2048x1537-768x576-1-300x225.jpg 300w, https:\/\/www.binder-optik.de\/wp-content\/uploads\/2023\/08\/Preisverleihung-Binder-Optik-Preis-2022_2048x1537-768x576-1-524x393.jpg 524w\" sizes=\"auto, (max-width: 768px) 100vw, 768px\" \/><figcaption class=\"wp-element-caption\">Dr. Helmut Baur Maria Zinser&#8217;e Binder Optik \u00f6d\u00fcl\u00fcn\u00fc takdim ediyor<\/figcaption><\/figure>\n<\/div>\n<\/div>\n\n\n\n<p>Ancak Almanya&#8217;da e\u011fitim hen\u00fcz tam olarak geli\u015fmemi\u015ftir. Fark\u0131ndal\u0131k ve s\u00fcrekli geli\u015fim eksikli\u011fi nedeniyle, bir\u00e7ok farkl\u0131 yakla\u015f\u0131m vard\u0131r ve hen\u00fcz standartla\u015ft\u0131r\u0131lm\u0131\u015f bir sistem yoktur. <\/p>\n\n\n\n<p>\u00d6zellikle kapsaml\u0131 ara\u015ft\u0131rma ve ayr\u0131nt\u0131l\u0131 g\u00f6r\u00fc\u015fmeler, lisans tezinin ola\u011fan\u00fcst\u00fc y\u00fcksek de\u011ferine katk\u0131da bulundu. Bunun mant\u0131ksal bir sonucu olarak Maria Zinser, \u00fcst\u00fcn bilimsel \u00e7al\u0131\u015fmalar\u0131 nedeniyle Binder Optik \u00d6d\u00fcl\u00fc 2022 ile onurland\u0131r\u0131ld\u0131. \u00d6d\u00fcl t\u00f6reni 24 Ekim&#8217;de Aalen \u00dcniversitesi \u0130novasyon Merkezi&#8217;nde ger\u00e7ekle\u015ftirildi. Toplam 2.000 Euro de\u011ferindeki \u00f6d\u00fcl, Binder Optik GmbH \u015firketinin Y\u00f6netici Orta\u011f\u0131 Senat\u00f6r E.h. Ba\u015fkonsolos Dr. Helmut Baur taraf\u0131ndan takdim edildi. \u00d6d\u00fcl \u00f6zellikle gen\u00e7 yetenekleri motive etmek ve te\u015fvik etmek, inovasyonu ve ileri e\u011fitimi desteklemek amac\u0131yla verilmektedir.    <\/p>\n<\/div><\/div><\/section>\n\n<section class=\"wp-block-custom-container alignwide block-content  block-content--spacing-top block-content--spacing-bottom\"><div class=\"container container--wide\"><div class=\"container__body\">\n<section class=\"wp-block-custom-container alignwide block-content  has-gelb-background-color\" style=\"background-color:#FFFF00\"><div class=\"container container--wide\"><div class=\"container__body\"><style>.wp-block-columns.are-vertically-aligned-center{gap:1em;margin-bottom:.5rem}@media (min-width: 992px){.wp-block-columns.are-vertically-aligned-center{margin-bottom:1rem}}.wp-block-columns.are-vertically-aligned-center :last-child{margin-bottom:0}.wp-block-columns.are-vertically-aligned-center figure{margin-bottom:0}.wp-block-columns.no-margin{margin-bottom:0 !important}@media (max-width: 991px){.wp-block-columns.hide-mobile{display:none}}:where(.wp-block-columns.is-layout-flex){gap:1em}\n<\/style>\n<div class=\"wp-block-columns are-vertically-aligned-center is-layout-flex wp-container-core-columns-is-layout-1 wp-block-columns-is-layout-flex\">\n<div class=\"wp-block-column is-vertically-aligned-center is-layout-flow wp-block-column-is-layout-flow\" style=\"flex-basis:66.66%\">\n<h2 class=\"wp-block-heading\"><strong>B\u00fclten kayd\u0131<\/strong><\/h2>\n\n\n\n<p>Haber b\u00fcltenine \u015fimdi abone olun ve 20 Euro de\u011ferinde Binder Optik al\u0131\u015fveri\u015f \u00e7eki kazan\u0131n.<\/p>\n\n\n\n<div class=\"wp-block-buttons is-layout-flex wp-block-buttons-is-layout-flex\"><style>.wp-block-button{margin:0 0 3rem}.wp-block-button:last-child,.wp-block-button:only-child{margin-bottom:0}.wp-block-button.align-center{text-align:center}.wp-block-button.align-right{text-align:right}.wp-block-columns+.wp-block-button{margin-top:6.3rem}.wp-block-button__link{display:inline-block;padding:1.8rem 1.8rem;font-weight:600;text-align:center;text-decoration:none;color:#2B2E34;border:2px solid #FFFA00;border-radius:.5rem;background-color:#FFFA00;cursor:pointer;font-size:1.6rem;line-height:1}@media (min-width: 1380px){.wp-block-button__link{padding:1.8rem 3.8rem;font-size:1.8rem;line-height:1}}.wp-block-button:not(.is-style-link-only):not(.is-style-outline):not(.is-style-fill-secondary) .wp-block-button__link{position:relative}.wp-block-button:not(.is-style-link-only):not(.is-style-outline):not(.is-style-fill-secondary) .wp-block-button__link:hover,.wp-block-button:not(.is-style-link-only):not(.is-style-outline):not(.is-style-fill-secondary) .wp-block-button__link:focus{color:#fff;border-color:#00597E;background-color:#00597E}.wp-block-button .wp-block-button__link{transition:.2s}.is-style-fill-secondary .wp-block-button__link{color:#fff;border-color:#00597E;background-color:#00597E}.is-style-fill-secondary .wp-block-button__link:hover,.is-style-fill-secondary .wp-block-button__link:focus{color:#2B2E34;border-color:#FFFA00;background-color:#FFFA00}.is-style-outline .wp-block-button__link{padding:1.8rem 1.8rem !important;color:#00597E !important;border-color:#00597E;background-color:transparent}@media (min-width: 1380px){.is-style-outline .wp-block-button__link{padding:1.8rem 3.8rem !important}}.is-style-outline .wp-block-button__link:hover,.is-style-outline .wp-block-button__link:focus{color:#fff !important;border-color:#00597E !important;background-color:#00597E !important}.is-style-link-only .wp-block-button__link{min-width:0;padding:0;padding-right:2rem;position:relative;font-weight:600;color:#00597E;letter-spacing:0;text-transform:none;border:none;background-color:transparent;transition:color .2s,text-decoration-color .2s;font-size:1.8rem;line-height:1}.is-style-link-only .wp-block-button__link::after{content:'';display:inline-block;width:8px;height:13px;position:absolute;top:50%;right:0;transform:translate(0, -50%);background-image:url(\"https:\/\/www.binder-optik.de\/wp-content\/themes\/ATLAS\/images\/svg\/button_arrow-right_secondary.svg\");background-repeat:no-repeat;background-size:contain;transition:right 0.2s}.is-style-link-only .wp-block-button__link:hover::after,.is-style-link-only .wp-block-button__link:focus::after{right:-5px}\n<\/style>\n<div class=\"wp-block-button is-style-fill-secondary\"><a class=\"wp-block-button__link wp-element-button\" href=\"https:\/\/www.binder-optik.de\/tr\/buelten-kaydi\/\">Kay\u0131t i\u00e7in<\/a><\/div>\n<\/div>\n<\/div>\n\n\n\n<div class=\"wp-block-column is-vertically-aligned-center is-layout-flow wp-block-column-is-layout-flow\" style=\"flex-basis:33.33%\">\n<figure class=\"wp-block-image size-full\"><img loading=\"lazy\" decoding=\"async\" width=\"902\" height=\"625\" src=\"https:\/\/www.binder-optik.de\/wp-content\/uploads\/2025\/05\/2023_10_05-Newsletter-Anmeldung_433x300-1_EN.jpg\" alt=\"Binder Optik\" class=\"wp-image-19189\" title=\"\" srcset=\"https:\/\/www.binder-optik.de\/wp-content\/uploads\/2025\/05\/2023_10_05-Newsletter-Anmeldung_433x300-1_EN.jpg 902w, https:\/\/www.binder-optik.de\/wp-content\/uploads\/2025\/05\/2023_10_05-Newsletter-Anmeldung_433x300-1_EN-300x208.jpg 300w, https:\/\/www.binder-optik.de\/wp-content\/uploads\/2025\/05\/2023_10_05-Newsletter-Anmeldung_433x300-1_EN-768x532.jpg 768w, https:\/\/www.binder-optik.de\/wp-content\/uploads\/2025\/05\/2023_10_05-Newsletter-Anmeldung_433x300-1_EN-524x363.jpg 524w\" sizes=\"auto, (max-width: 902px) 100vw, 902px\" \/><\/figure>\n<\/div>\n<\/div>\n<\/div><\/div><\/section>\n<\/div><\/div><\/section>\n","protected":false},"excerpt":{"rendered":"","protected":false},"author":13,"featured_media":14654,"comment_status":"closed","ping_status":"closed","sticky":false,"template":"","format":"standard","meta":{"_acf_changed":false,"footnotes":""},"categories":[283],"tags":[],"class_list":["post-17881","post","type-post","status-publish","format-standard","has-post-thumbnail","hentry","category-oedueller-ve-onurlar"],"acf":[],"publishpress_future_action":{"enabled":false,"date":"2026-05-06 01:02:57","action":"change-status","newStatus":"draft","terms":[],"taxonomy":"category","extraData":[]},"publishpress_future_workflow_manual_trigger":{"enabledWorkflows":[]},"_links":{"self":[{"href":"https:\/\/www.binder-optik.de\/tr\/wp-json\/wp\/v2\/posts\/17881","targetHints":{"allow":["GET"]}}],"collection":[{"href":"https:\/\/www.binder-optik.de\/tr\/wp-json\/wp\/v2\/posts"}],"about":[{"href":"https:\/\/www.binder-optik.de\/tr\/wp-json\/wp\/v2\/types\/post"}],"author":[{"embeddable":true,"href":"https:\/\/www.binder-optik.de\/tr\/wp-json\/wp\/v2\/users\/13"}],"replies":[{"embeddable":true,"href":"https:\/\/www.binder-optik.de\/tr\/wp-json\/wp\/v2\/comments?post=17881"}],"version-history":[{"count":1,"href":"https:\/\/www.binder-optik.de\/tr\/wp-json\/wp\/v2\/posts\/17881\/revisions"}],"predecessor-version":[{"id":17884,"href":"https:\/\/www.binder-optik.de\/tr\/wp-json\/wp\/v2\/posts\/17881\/revisions\/17884"}],"wp:featuredmedia":[{"embeddable":true,"href":"https:\/\/www.binder-optik.de\/tr\/wp-json\/wp\/v2\/media\/14654"}],"wp:attachment":[{"href":"https:\/\/www.binder-optik.de\/tr\/wp-json\/wp\/v2\/media?parent=17881"}],"wp:term":[{"taxonomy":"category","embeddable":true,"href":"https:\/\/www.binder-optik.de\/tr\/wp-json\/wp\/v2\/categories?post=17881"},{"taxonomy":"post_tag","embeddable":true,"href":"https:\/\/www.binder-optik.de\/tr\/wp-json\/wp\/v2\/tags?post=17881"}],"curies":[{"name":"wp","href":"https:\/\/api.w.org\/{rel}","templated":true}]}}