{"id":17876,"date":"2022-11-24T09:24:16","date_gmt":"2022-11-24T08:24:16","guid":{"rendered":"https:\/\/www.binder-optik.de\/muekemmel-birincilik-icin-binder-optik\/"},"modified":"2025-04-15T14:46:18","modified_gmt":"2025-04-15T12:46:18","slug":"muekemmel-birincilik-icin-binder-optik","status":"publish","type":"post","link":"https:\/\/www.binder-optik.de\/tr\/muekemmel-birincilik-icin-binder-optik\/","title":{"rendered":"M\u00fckemmel! Birincilik i\u00e7in Binder Optik"},"content":{"rendered":"\n<section class=\"wp-block-custom-container alignwide block-content  block-content--spacing-top block-content--margin-top\"><style>.block-content{position:relative}.block-content--spacing-top{padding-top:2rem}@media (min-width: 992px){.block-content--spacing-top{padding-top:4rem}}.block-content--spacing-bottom{padding-bottom:2rem}@media (min-width: 992px){.block-content--spacing-bottom{padding-bottom:4rem}}.block-content--margin-top{margin-top:2rem}@media (min-width: 992px){.block-content--margin-top{margin-top:4rem}}.block-content--margin-bottom{margin-bottom:2rem}@media (min-width: 992px){.block-content--margin-bottom{margin-bottom:4rem}}.block-content.z-index{position:relative;z-index:2}.block-content .container{position:relative;z-index:1}.block-content .container--full{padding:0}.block-content .container .container{padding:2rem}@media (min-width: 992px){.block-content .container .container{padding:4rem}}.block-content .container-overlay{position:absolute;z-index:0;top:0;right:0;bottom:0;left:0}.block-content.career-container{margin-top:-8rem;z-index:2;pointer-events:none}.block-content.career-container .block-content{pointer-events:all;-webkit-box-shadow:0px 0px 15px 5px rgba(0,0,0,0.1);box-shadow:0px 0px 15px 5px rgba(0,0,0,0.1)}.block-content.career-container .wp-block-custom-column{margin-bottom:0}\n<\/style><div class=\"container container--wide\"><div class=\"container__body\">\n<p class=\"is-style-subheading\">24 Kas\u0131m 2022<\/p>\n\n\n\n<h1 class=\"wp-block-heading\">M\u00fckemmel! Birincilik i\u00e7in Binder Optik <\/h1>\n\n\n\n<div class=\"wp-block-custom-spacing spacing-element spacing-mobile--small spacing-tablet--small spacing-small-desktop--small spacing-desktop--small\"><\/div>\n<\/div><\/div><\/section>\n\n<section class=\"wp-block-custom-container alignwide block-content\"><div class=\"container container--wide\"><div class=\"container__body\">\n<div class=\"wp-block-custom-columns columns-row row\"><style>.columns-row--spacing-top{padding-top:2rem}@media (min-width: 992px){.columns-row--spacing-top{padding-top:4rem}}.columns-row--spacing-bottom{padding-bottom:2rem}@media (min-width: 992px){.columns-row--spacing-bottom{padding-bottom:4rem}}.columns-row--margin-top{margin-top:2rem}@media (min-width: 992px){.columns-row--margin-top{margin-top:4rem}}.columns-row--margin-bottom{margin-bottom:2rem}@media (min-width: 992px){.columns-row--margin-bottom{margin-bottom:4rem}}\n<\/style>\n<div class=\"wp-block-custom-column col col-6\">\n<p>M\u00fc\u015fterilerimiz kalbimize yak\u0131nd\u0131r. Onlar\u0131n beklentilerini kar\u015f\u0131lamak i\u00e7in her zaman elimizden geleni yap\u0131yoruz. Binder Optik y\u00fcksek d\u00fczeyde uzmanl\u0131k, uygun fiyatl\u0131 iyi \u00fcr\u00fcnler ve kapsaml\u0131 m\u00fc\u015fteri hizmetleri anlam\u0131na gelmektedir. Bu nedenle, Binder Optik &#8216;un bu y\u0131l da Deutschland Test 2022 taraf\u0131ndan \u00e7e\u015fitli kategorilerde \u00f6d\u00fcllendirilmesinden b\u00fcy\u00fck mutluluk duyuyoruz. Bu \u00f6d\u00fcller, m\u00fc\u015fterilerimizin Binder Optik &#8216;a her a\u00e7\u0131dan g\u00fcvenebilece\u011fini garanti etmektedir.    <\/p>\n\n\n\n<h4 class=\"wp-block-heading\">M\u00fckemmellik i\u00e7in \u00e7abal\u0131yoruz<\/h4>\n\n\n\n<p>G\u00f6zl\u00fck\u00e7\u00fclerimiz m\u00fckemmel bir e\u011fitimden ge\u00e7mi\u015ftir. Ayr\u0131nt\u0131l\u0131 bir kons\u00fcltasyonun par\u00e7as\u0131 olarak, isteklerinizi yerine getirmek ve m\u00fcmk\u00fcn olan en iyi sonucu elde etmek i\u00e7in bireysel ihtiya\u00e7lar her zaman dikkate al\u0131n\u0131r. Bu durum \u015fimdi Deutschland Test taraf\u0131ndan Binder Optik i\u00e7in &#8220;En Y\u00fcksek Uzmanl\u0131k&#8221; kategorisinde 1. s\u0131rada yer alarak onaylanm\u0131\u015ft\u0131r.  <\/p>\n<\/div>\n\n\n\n<div class=\"wp-block-custom-column col col-6\"><style>.wp-block-image.alignright{margin:0 !important}.wp-block-image.alignleft{float:none !important}.wp-block-image .wp-element-caption{text-align:left}\n<\/style>\n<figure class=\"wp-block-image size-full\"><img loading=\"lazy\" decoding=\"async\" width=\"768\" height=\"562\" src=\"https:\/\/www.binder-optik.de\/wp-content\/uploads\/2023\/08\/Binder_Optik_Beste-Optiker-2022-768x562-1.jpg\" alt=\"Binder Optik\" class=\"wp-image-2226\" title=\"\" srcset=\"https:\/\/www.binder-optik.de\/wp-content\/uploads\/2023\/08\/Binder_Optik_Beste-Optiker-2022-768x562-1.jpg 768w, https:\/\/www.binder-optik.de\/wp-content\/uploads\/2023\/08\/Binder_Optik_Beste-Optiker-2022-768x562-1-300x220.jpg 300w, https:\/\/www.binder-optik.de\/wp-content\/uploads\/2023\/08\/Binder_Optik_Beste-Optiker-2022-768x562-1-524x383.jpg 524w\" sizes=\"auto, (max-width: 768px) 100vw, 768px\" \/><\/figure>\n<\/div>\n<\/div>\n\n\n\n<h4 class=\"wp-block-heading\">Sadece en iyisi<\/h4>\n\n\n\n<p>\u00dcr\u00fcnlerimizin kalitesi s\u00f6z konusu oldu\u011funda y\u00fcksek standartlara sahibiz. M\u00fc\u015fterilerimize ZEISS ve Hoya gibi \u00f6nde gelen \u00fcreticilerin \u00e7e\u015fitli markal\u0131 \u00e7er\u00e7eve ve camlar\u0131ndan olu\u015fan geni\u015f bir yelpaze sunuyoruz. Uzmanla\u015fm\u0131\u015f ma\u011fazalar\u0131m\u0131zda en son teknoloji ile \u00e7al\u0131\u015f\u0131yoruz. \u00c7al\u0131\u015fmalar\u0131m\u0131z\u0131n ve \u00fcr\u00fcnlerimizin y\u00fcksek de\u011feri art\u0131k &#8220;En \u0130yi \u00dcr\u00fcn Kalitesi&#8221; \u00f6d\u00fcl\u00fcyle de tan\u0131n\u0131yor.   <\/p>\n\n\n\n<div class=\"wp-block-custom-spacing spacing-element spacing-mobile--small spacing-tablet--small spacing-small-desktop--small spacing-desktop--small\"><\/div>\n\n\n\n<div class=\"wp-block-custom-columns columns-row row\">\n<div class=\"wp-block-custom-column col col-6\">\n<h4 class=\"wp-block-heading\">\u00c7ok y\u00f6nl\u00fc kayg\u0131s\u0131z paket<\/h4>\n\n\n\n<p>M\u00fc\u015fterilerimizin co\u015fkusu bizim i\u00e7in \u00e7ok \u00f6nemlidir. \u00dcr\u00fcnlerimizle, uygun fiyata kusursuz kalite vaat ediyoruz. T\u00fcm camlar\u0131m\u0131z ve \u00e7er\u00e7evelerimiz i\u00e7in memnuniyet garantisi ve uyumluluk garantisi sunuyoruz. Ayr\u0131ca \u00e7e\u015fitli \u00fccretsiz hizmetler de sunuyoruz. Binder Optik &#8216;da m\u00fc\u015fterilerin her \u015feyden \u00f6nce geldi\u011fi ger\u00e7e\u011fi \u015fimdi Deutschland Test taraf\u0131ndan &#8220;En Y\u00fcksek M\u00fc\u015fteri Memnuniyeti&#8221; \u00f6d\u00fcl\u00fc ile onayland\u0131.    <\/p>\n\n\n\n<h4 class=\"wp-block-heading\">Binder Optik en iyiler aras\u0131nda yenilendi<\/h4>\n\n\n\n<p>&#8220;En \u0130yi Optisyen&#8221; kategorisinde bir kez daha sekt\u00f6r\u00fcn kazananlar\u0131 aras\u0131nda yer almaktan \u00f6zellikle gurur duyuyoruz. Binder Optik bu \u00f6d\u00fcl\u00fc \u00fcst \u00fcste be\u015finci kez kazanm\u0131\u015ft\u0131r. <\/p>\n<\/div>\n\n\n\n<div class=\"wp-block-custom-column col col-6\">\n<figure class=\"wp-block-image size-full\"><img loading=\"lazy\" decoding=\"async\" width=\"768\" height=\"562\" src=\"https:\/\/www.binder-optik.de\/wp-content\/uploads\/2023\/08\/Binder_Optik_Kundenzufriedenheit-2022-768x562-1.jpg\" alt=\"Binder Optik\" class=\"wp-image-2227\" title=\"\" srcset=\"https:\/\/www.binder-optik.de\/wp-content\/uploads\/2023\/08\/Binder_Optik_Kundenzufriedenheit-2022-768x562-1.jpg 768w, https:\/\/www.binder-optik.de\/wp-content\/uploads\/2023\/08\/Binder_Optik_Kundenzufriedenheit-2022-768x562-1-300x220.jpg 300w, https:\/\/www.binder-optik.de\/wp-content\/uploads\/2023\/08\/Binder_Optik_Kundenzufriedenheit-2022-768x562-1-524x383.jpg 524w\" sizes=\"auto, (max-width: 768px) 100vw, 768px\" \/><\/figure>\n<\/div>\n<\/div>\n<\/div><\/div><\/section>\n\n<section class=\"wp-block-custom-container alignwide block-content  block-content--spacing-top block-content--spacing-bottom\"><div class=\"container container--wide\"><div class=\"container__body\">\n<section class=\"wp-block-custom-container alignwide block-content  has-gelb-background-color\" style=\"background-color:#FFFF00\"><div class=\"container container--wide\"><div class=\"container__body\"><style>.wp-block-columns.are-vertically-aligned-center{gap:1em;margin-bottom:.5rem}@media (min-width: 992px){.wp-block-columns.are-vertically-aligned-center{margin-bottom:1rem}}.wp-block-columns.are-vertically-aligned-center :last-child{margin-bottom:0}.wp-block-columns.are-vertically-aligned-center figure{margin-bottom:0}.wp-block-columns.no-margin{margin-bottom:0 !important}@media (max-width: 991px){.wp-block-columns.hide-mobile{display:none}}:where(.wp-block-columns.is-layout-flex){gap:1em}\n<\/style>\n<div class=\"wp-block-columns are-vertically-aligned-center is-layout-flex wp-container-core-columns-is-layout-1 wp-block-columns-is-layout-flex\">\n<div class=\"wp-block-column is-vertically-aligned-center is-layout-flow wp-block-column-is-layout-flow\" style=\"flex-basis:66.66%\">\n<h2 class=\"wp-block-heading\"><strong>B\u00fclten kayd\u0131<\/strong><\/h2>\n\n\n\n<p>Haber b\u00fcltenine \u015fimdi abone olun ve 20 Euro de\u011ferinde Binder Optik al\u0131\u015fveri\u015f \u00e7eki kazan\u0131n.<\/p>\n\n\n\n<div class=\"wp-block-buttons is-layout-flex wp-block-buttons-is-layout-flex\"><style>.wp-block-button{margin:0 0 3rem}.wp-block-button:last-child,.wp-block-button:only-child{margin-bottom:0}.wp-block-button.align-center{text-align:center}.wp-block-button.align-right{text-align:right}.wp-block-columns+.wp-block-button{margin-top:6.3rem}.wp-block-button__link{display:inline-block;padding:1.8rem 1.8rem;font-weight:600;text-align:center;text-decoration:none;color:#2B2E34;border:2px solid #FFFA00;border-radius:.5rem;background-color:#FFFA00;cursor:pointer;font-size:1.6rem;line-height:1}@media (min-width: 1380px){.wp-block-button__link{padding:1.8rem 3.8rem;font-size:1.8rem;line-height:1}}.wp-block-button:not(.is-style-link-only):not(.is-style-outline):not(.is-style-fill-secondary) .wp-block-button__link{position:relative}.wp-block-button:not(.is-style-link-only):not(.is-style-outline):not(.is-style-fill-secondary) .wp-block-button__link:hover,.wp-block-button:not(.is-style-link-only):not(.is-style-outline):not(.is-style-fill-secondary) .wp-block-button__link:focus{color:#fff;border-color:#00597E;background-color:#00597E}.wp-block-button .wp-block-button__link{transition:.2s}.is-style-fill-secondary .wp-block-button__link{color:#fff;border-color:#00597E;background-color:#00597E}.is-style-fill-secondary .wp-block-button__link:hover,.is-style-fill-secondary .wp-block-button__link:focus{color:#2B2E34;border-color:#FFFA00;background-color:#FFFA00}.is-style-outline .wp-block-button__link{padding:1.8rem 1.8rem !important;color:#00597E !important;border-color:#00597E;background-color:transparent}@media (min-width: 1380px){.is-style-outline .wp-block-button__link{padding:1.8rem 3.8rem !important}}.is-style-outline .wp-block-button__link:hover,.is-style-outline .wp-block-button__link:focus{color:#fff !important;border-color:#00597E !important;background-color:#00597E !important}.is-style-link-only .wp-block-button__link{min-width:0;padding:0;padding-right:2rem;position:relative;font-weight:600;color:#00597E;letter-spacing:0;text-transform:none;border:none;background-color:transparent;transition:color .2s,text-decoration-color .2s;font-size:1.8rem;line-height:1}.is-style-link-only .wp-block-button__link::after{content:'';display:inline-block;width:8px;height:13px;position:absolute;top:50%;right:0;transform:translate(0, -50%);background-image:url(\"https:\/\/www.binder-optik.de\/wp-content\/themes\/ATLAS\/images\/svg\/button_arrow-right_secondary.svg\");background-repeat:no-repeat;background-size:contain;transition:right 0.2s}.is-style-link-only .wp-block-button__link:hover::after,.is-style-link-only .wp-block-button__link:focus::after{right:-5px}\n<\/style>\n<div class=\"wp-block-button is-style-fill-secondary\"><a class=\"wp-block-button__link wp-element-button\" href=\"https:\/\/www.binder-optik.de\/tr\/buelten-kaydi\/\">Kay\u0131t i\u00e7in<\/a><\/div>\n<\/div>\n<\/div>\n\n\n\n<div class=\"wp-block-column is-vertically-aligned-center is-layout-flow wp-block-column-is-layout-flow\" style=\"flex-basis:33.33%\">\n<figure class=\"wp-block-image size-full\"><img loading=\"lazy\" decoding=\"async\" width=\"902\" height=\"625\" src=\"https:\/\/www.binder-optik.de\/wp-content\/uploads\/2025\/05\/2023_10_05-Newsletter-Anmeldung_433x300-1_EN.jpg\" alt=\"Binder Optik\" class=\"wp-image-19189\" title=\"\" srcset=\"https:\/\/www.binder-optik.de\/wp-content\/uploads\/2025\/05\/2023_10_05-Newsletter-Anmeldung_433x300-1_EN.jpg 902w, https:\/\/www.binder-optik.de\/wp-content\/uploads\/2025\/05\/2023_10_05-Newsletter-Anmeldung_433x300-1_EN-300x208.jpg 300w, https:\/\/www.binder-optik.de\/wp-content\/uploads\/2025\/05\/2023_10_05-Newsletter-Anmeldung_433x300-1_EN-768x532.jpg 768w, https:\/\/www.binder-optik.de\/wp-content\/uploads\/2025\/05\/2023_10_05-Newsletter-Anmeldung_433x300-1_EN-524x363.jpg 524w\" sizes=\"auto, (max-width: 902px) 100vw, 902px\" \/><\/figure>\n<\/div>\n<\/div>\n<\/div><\/div><\/section>\n<\/div><\/div><\/section>\n","protected":false},"excerpt":{"rendered":"","protected":false},"author":13,"featured_media":14648,"comment_status":"closed","ping_status":"closed","sticky":false,"template":"","format":"standard","meta":{"_acf_changed":false,"footnotes":""},"categories":[283],"tags":[],"class_list":["post-17876","post","type-post","status-publish","format-standard","has-post-thumbnail","hentry","category-oedueller-ve-onurlar"],"acf":[],"publishpress_future_action":{"enabled":false,"date":"2026-05-08 14:57:31","action":"change-status","newStatus":"draft","terms":[],"taxonomy":"category","extraData":[]},"publishpress_future_workflow_manual_trigger":{"enabledWorkflows":[]},"_links":{"self":[{"href":"https:\/\/www.binder-optik.de\/tr\/wp-json\/wp\/v2\/posts\/17876","targetHints":{"allow":["GET"]}}],"collection":[{"href":"https:\/\/www.binder-optik.de\/tr\/wp-json\/wp\/v2\/posts"}],"about":[{"href":"https:\/\/www.binder-optik.de\/tr\/wp-json\/wp\/v2\/types\/post"}],"author":[{"embeddable":true,"href":"https:\/\/www.binder-optik.de\/tr\/wp-json\/wp\/v2\/users\/13"}],"replies":[{"embeddable":true,"href":"https:\/\/www.binder-optik.de\/tr\/wp-json\/wp\/v2\/comments?post=17876"}],"version-history":[{"count":1,"href":"https:\/\/www.binder-optik.de\/tr\/wp-json\/wp\/v2\/posts\/17876\/revisions"}],"predecessor-version":[{"id":17879,"href":"https:\/\/www.binder-optik.de\/tr\/wp-json\/wp\/v2\/posts\/17876\/revisions\/17879"}],"wp:featuredmedia":[{"embeddable":true,"href":"https:\/\/www.binder-optik.de\/tr\/wp-json\/wp\/v2\/media\/14648"}],"wp:attachment":[{"href":"https:\/\/www.binder-optik.de\/tr\/wp-json\/wp\/v2\/media?parent=17876"}],"wp:term":[{"taxonomy":"category","embeddable":true,"href":"https:\/\/www.binder-optik.de\/tr\/wp-json\/wp\/v2\/categories?post=17876"},{"taxonomy":"post_tag","embeddable":true,"href":"https:\/\/www.binder-optik.de\/tr\/wp-json\/wp\/v2\/tags?post=17876"}],"curies":[{"name":"wp","href":"https:\/\/api.w.org\/{rel}","templated":true}]}}