{"id":17870,"date":"2022-12-05T08:56:41","date_gmt":"2022-12-05T07:56:41","guid":{"rendered":"https:\/\/www.binder-optik.de\/birlikte-gecirdigimiz-uzun-yillari-kutluyoruz\/"},"modified":"2025-04-15T14:46:17","modified_gmt":"2025-04-15T12:46:17","slug":"birlikte-gecirdigimiz-uzun-yillari-kutluyoruz","status":"publish","type":"post","link":"https:\/\/www.binder-optik.de\/tr\/birlikte-gecirdigimiz-uzun-yillari-kutluyoruz\/","title":{"rendered":"Birlikte ge\u00e7irdi\u011fimiz uzun y\u0131llar\u0131 kutluyoruz"},"content":{"rendered":"\n<section class=\"wp-block-custom-container alignwide block-content  block-content--spacing-top block-content--margin-top\"><style>.block-content{position:relative}.block-content--spacing-top{padding-top:2rem}@media (min-width: 992px){.block-content--spacing-top{padding-top:4rem}}.block-content--spacing-bottom{padding-bottom:2rem}@media (min-width: 992px){.block-content--spacing-bottom{padding-bottom:4rem}}.block-content--margin-top{margin-top:2rem}@media (min-width: 992px){.block-content--margin-top{margin-top:4rem}}.block-content--margin-bottom{margin-bottom:2rem}@media (min-width: 992px){.block-content--margin-bottom{margin-bottom:4rem}}.block-content.z-index{position:relative;z-index:2}.block-content .container{position:relative;z-index:1}.block-content .container--full{padding:0}.block-content .container .container{padding:2rem}@media (min-width: 992px){.block-content .container .container{padding:4rem}}.block-content .container-overlay{position:absolute;z-index:0;top:0;right:0;bottom:0;left:0}.block-content.career-container{margin-top:-8rem;z-index:2;pointer-events:none}.block-content.career-container .block-content{pointer-events:all;-webkit-box-shadow:0px 0px 15px 5px rgba(0,0,0,0.1);box-shadow:0px 0px 15px 5px rgba(0,0,0,0.1)}.block-content.career-container .wp-block-custom-column{margin-bottom:0}\n<\/style><div class=\"container container--wide\"><div class=\"container__body\">\n<p class=\"is-style-subheading\">05 Aral\u0131k 2022<\/p>\n\n\n\n<h1 class=\"wp-block-heading\">Birlikte ge\u00e7irdi\u011fimiz uzun y\u0131llar\u0131 kutluyoruz<\/h1>\n\n\n\n<div class=\"wp-block-custom-spacing spacing-element spacing-mobile--small spacing-tablet--small spacing-small-desktop--small spacing-desktop--small\"><\/div>\n<\/div><\/div><\/section>\n\n<section class=\"wp-block-custom-container alignwide block-content\"><div class=\"container container--wide\"><div class=\"container__body\">\n<div class=\"wp-block-custom-columns columns-row row\"><style>.columns-row--spacing-top{padding-top:2rem}@media (min-width: 992px){.columns-row--spacing-top{padding-top:4rem}}.columns-row--spacing-bottom{padding-bottom:2rem}@media (min-width: 992px){.columns-row--spacing-bottom{padding-bottom:4rem}}.columns-row--margin-top{margin-top:2rem}@media (min-width: 992px){.columns-row--margin-top{margin-top:4rem}}.columns-row--margin-bottom{margin-bottom:2rem}@media (min-width: 992px){.columns-row--margin-bottom{margin-bottom:4rem}}\n<\/style>\n<div class=\"wp-block-custom-column col col-6\">\n<p>Ba\u015far\u0131l\u0131 bir \u015firketin arkas\u0131nda kendini i\u015fine adam\u0131\u015f \u00e7al\u0131\u015fanlar vard\u0131r. \u00d6zellikle uzun vadeli i\u015fbirli\u011fi, sadakate ve \u015firket de\u011ferlerinin temsil edilmesine katk\u0131da bulunur. Bir aile \u015firketi olarak Binder Optik bu sadakate de\u011fer vermektedir. Bu nedenle, uzun s\u00fcredir g\u00f6rev yapan \u00e7al\u0131\u015fanlar onuruna her y\u0131l y\u0131ld\u00f6n\u00fcm\u00fc kutlamalar\u0131 d\u00fczenleme gelene\u011fi s\u00fcrd\u00fcr\u00fclmektedir. Ekim ve Kas\u0131m aylar\u0131nda, zaman\u0131 gelmi\u015fti: bu y\u0131l iki kutlamada, toplam 15 j\u00fcbile \u00e7al\u0131\u015fan\u0131 on ila 30 y\u0131ll\u0131k hizmetlerinden dolay\u0131 onurland\u0131r\u0131ld\u0131.      <\/p>\n\n\n\n<h4 class=\"wp-block-heading\">Bir aile kutlamas\u0131nda iyi bir atmosfer<\/h4>\n\n\n\n<p>Baur ailesi, uzun y\u0131llara dayanan sadakatlerinin kar\u015f\u0131l\u0131\u011f\u0131n\u0131 vermek i\u00e7in Ehningen&#8217;deki Michelin y\u0131ld\u0131zl\u0131 &#8220;Landhaus Feckl&#8221; restoran\u0131nda geleneksel bir \u00f6\u011fle yeme\u011fine ev sahipli\u011fi yapt\u0131. Balkaba\u011f\u0131 \u00e7orbas\u0131, k\u0131rm\u0131z\u0131 bal\u0131k filetosu ve yabani mantarl\u0131 tortellini e\u015fli\u011finde son birka\u00e7 y\u0131l\u0131 g\u00f6zden ge\u00e7irdiler ve deneyimlerini ve olaylar\u0131 payla\u015ft\u0131lar. Etkinlik ayn\u0131 zamanda gayri resmi bir ortamda i\u015f d\u0131\u015f\u0131ndaki ki\u015fisel konular hakk\u0131nda konu\u015fmak i\u00e7in bir f\u0131rsat olarak kullan\u0131ld\u0131.  <\/p>\n\n\n\n<p>Yemekten sonra sevin\u00e7 g\u00f6sterisinde bulunanlar onurland\u0131r\u0131ld\u0131. Y\u00f6netim, \u015firkete olan sadakatleri, \u00fcst\u00fcn performanslar\u0131, g\u00fcvenleri ve ba\u011fl\u0131l\u0131klar\u0131 i\u00e7in \u00f6zellikle minnettard\u0131. \u00c7al\u0131\u015fanlara onur belgesinin yan\u0131 s\u0131ra k\u00fc\u00e7\u00fck birer alt\u0131n k\u00fcl\u00e7e de takdim edildi &#8211; \u00e7\u00fcnk\u00fc onlar Binder Optik i\u00e7in kelimenin tam anlam\u0131yla a\u011f\u0131rl\u0131klar\u0131 kadar alt\u0131n de\u011ferindeler. Ayr\u0131ca j\u00fcbile yapanlara bir buket \u00e7i\u00e7ek ve j\u00fcbile yapanlara da bir \u015fi\u015fe \u015fampanya verildi.   <\/p>\n<\/div>\n\n\n\n<div class=\"wp-block-custom-column col col-6\"><style>.wp-block-image.alignright{margin:0 !important}.wp-block-image.alignleft{float:none !important}.wp-block-image .wp-element-caption{text-align:left}\n<\/style>\n<figure class=\"wp-block-image size-full\"><img loading=\"lazy\" decoding=\"async\" width=\"768\" height=\"576\" src=\"https:\/\/www.binder-optik.de\/wp-content\/uploads\/2023\/08\/IMG_1599_2048x1537-768x576-1.jpg\" alt=\"Binder Optik\" class=\"wp-image-2214\" title=\"\" srcset=\"https:\/\/www.binder-optik.de\/wp-content\/uploads\/2023\/08\/IMG_1599_2048x1537-768x576-1.jpg 768w, https:\/\/www.binder-optik.de\/wp-content\/uploads\/2023\/08\/IMG_1599_2048x1537-768x576-1-300x225.jpg 300w, https:\/\/www.binder-optik.de\/wp-content\/uploads\/2023\/08\/IMG_1599_2048x1537-768x576-1-524x393.jpg 524w\" sizes=\"auto, (max-width: 768px) 100vw, 768px\" \/><figcaption class=\"wp-element-caption\">Dr. Helmut Baur (en solda) ve Dominic Baur (sa\u011f \u00f6nde) Landhaus Feckl&#8217;deki \u00f6\u011fle yeme\u011finde j\u00fcbileciler ile birlikte.<\/figcaption><\/figure>\n\n\n\n<div class=\"wp-block-custom-spacing spacing-element spacing-mobile--small spacing-tablet--small spacing-small-desktop--small spacing-desktop--small\"><\/div>\n\n\n\n<figure class=\"wp-block-image size-full\"><img loading=\"lazy\" decoding=\"async\" width=\"768\" height=\"576\" src=\"https:\/\/www.binder-optik.de\/wp-content\/uploads\/2023\/08\/Bild-fuer-die-Webseite_2048x1537-768x576-1.jpg\" alt=\"Binder Optik\" class=\"wp-image-2215\" title=\"\" srcset=\"https:\/\/www.binder-optik.de\/wp-content\/uploads\/2023\/08\/Bild-fuer-die-Webseite_2048x1537-768x576-1.jpg 768w, https:\/\/www.binder-optik.de\/wp-content\/uploads\/2023\/08\/Bild-fuer-die-Webseite_2048x1537-768x576-1-300x225.jpg 300w, https:\/\/www.binder-optik.de\/wp-content\/uploads\/2023\/08\/Bild-fuer-die-Webseite_2048x1537-768x576-1-524x393.jpg 524w\" sizes=\"auto, (max-width: 768px) 100vw, 768px\" \/><figcaption class=\"wp-element-caption\">Dominic Baur (sol \u00f6nde), Gabriele Baur (arka ortada) ve Dr. Helmut Baur (en sa\u011fda) sevincini payla\u015fanlarla birlikte.<\/figcaption><\/figure>\n<\/div>\n<\/div>\n<\/div><\/div><\/section>\n\n<section class=\"wp-block-custom-container alignwide block-content  block-content--spacing-top block-content--spacing-bottom\"><div class=\"container container--wide\"><div class=\"container__body\">\n<section class=\"wp-block-custom-container alignwide block-content  has-gelb-background-color\" style=\"background-color:#FFFF00\"><div class=\"container container--wide\"><div class=\"container__body\"><style>.wp-block-columns.are-vertically-aligned-center{gap:1em;margin-bottom:.5rem}@media (min-width: 992px){.wp-block-columns.are-vertically-aligned-center{margin-bottom:1rem}}.wp-block-columns.are-vertically-aligned-center :last-child{margin-bottom:0}.wp-block-columns.are-vertically-aligned-center figure{margin-bottom:0}.wp-block-columns.no-margin{margin-bottom:0 !important}@media (max-width: 991px){.wp-block-columns.hide-mobile{display:none}}:where(.wp-block-columns.is-layout-flex){gap:1em}\n<\/style>\n<div class=\"wp-block-columns are-vertically-aligned-center is-layout-flex wp-container-core-columns-is-layout-1 wp-block-columns-is-layout-flex\">\n<div class=\"wp-block-column is-vertically-aligned-center is-layout-flow wp-block-column-is-layout-flow\" style=\"flex-basis:66.66%\">\n<h2 class=\"wp-block-heading\"><strong>B\u00fclten kayd\u0131<\/strong><\/h2>\n\n\n\n<p>Haber b\u00fcltenine \u015fimdi abone olun ve 20 Euro de\u011ferinde Binder Optik al\u0131\u015fveri\u015f \u00e7eki kazan\u0131n.<\/p>\n\n\n\n<div class=\"wp-block-buttons is-layout-flex wp-block-buttons-is-layout-flex\"><style>.wp-block-button{margin:0 0 3rem}.wp-block-button:last-child,.wp-block-button:only-child{margin-bottom:0}.wp-block-button.align-center{text-align:center}.wp-block-button.align-right{text-align:right}.wp-block-columns+.wp-block-button{margin-top:6.3rem}.wp-block-button__link{display:inline-block;padding:1.8rem 1.8rem;font-weight:600;text-align:center;text-decoration:none;color:#2B2E34;border:2px solid #FFFA00;border-radius:.5rem;background-color:#FFFA00;cursor:pointer;font-size:1.6rem;line-height:1}@media (min-width: 1380px){.wp-block-button__link{padding:1.8rem 3.8rem;font-size:1.8rem;line-height:1}}.wp-block-button:not(.is-style-link-only):not(.is-style-outline):not(.is-style-fill-secondary) .wp-block-button__link{position:relative}.wp-block-button:not(.is-style-link-only):not(.is-style-outline):not(.is-style-fill-secondary) .wp-block-button__link:hover,.wp-block-button:not(.is-style-link-only):not(.is-style-outline):not(.is-style-fill-secondary) .wp-block-button__link:focus{color:#fff;border-color:#00597E;background-color:#00597E}.wp-block-button .wp-block-button__link{transition:.2s}.is-style-fill-secondary .wp-block-button__link{color:#fff;border-color:#00597E;background-color:#00597E}.is-style-fill-secondary .wp-block-button__link:hover,.is-style-fill-secondary .wp-block-button__link:focus{color:#2B2E34;border-color:#FFFA00;background-color:#FFFA00}.is-style-outline .wp-block-button__link{padding:1.8rem 1.8rem !important;color:#00597E !important;border-color:#00597E;background-color:transparent}@media (min-width: 1380px){.is-style-outline .wp-block-button__link{padding:1.8rem 3.8rem !important}}.is-style-outline .wp-block-button__link:hover,.is-style-outline .wp-block-button__link:focus{color:#fff !important;border-color:#00597E !important;background-color:#00597E !important}.is-style-link-only .wp-block-button__link{min-width:0;padding:0;padding-right:2rem;position:relative;font-weight:600;color:#00597E;letter-spacing:0;text-transform:none;border:none;background-color:transparent;transition:color .2s,text-decoration-color .2s;font-size:1.8rem;line-height:1}.is-style-link-only .wp-block-button__link::after{content:'';display:inline-block;width:8px;height:13px;position:absolute;top:50%;right:0;transform:translate(0, -50%);background-image:url(\"https:\/\/www.binder-optik.de\/wp-content\/themes\/ATLAS\/images\/svg\/button_arrow-right_secondary.svg\");background-repeat:no-repeat;background-size:contain;transition:right 0.2s}.is-style-link-only .wp-block-button__link:hover::after,.is-style-link-only .wp-block-button__link:focus::after{right:-5px}\n<\/style>\n<div class=\"wp-block-button is-style-fill-secondary\"><a class=\"wp-block-button__link wp-element-button\" href=\"https:\/\/www.binder-optik.de\/tr\/buelten-kaydi\/\">Kay\u0131t i\u00e7in<\/a><\/div>\n<\/div>\n<\/div>\n\n\n\n<div class=\"wp-block-column is-vertically-aligned-center is-layout-flow wp-block-column-is-layout-flow\" style=\"flex-basis:33.33%\">\n<figure class=\"wp-block-image size-full\"><img loading=\"lazy\" decoding=\"async\" width=\"902\" height=\"625\" src=\"https:\/\/www.binder-optik.de\/wp-content\/uploads\/2025\/05\/2023_10_05-Newsletter-Anmeldung_433x300-1_EN.jpg\" alt=\"Binder Optik\" class=\"wp-image-19189\" title=\"\" srcset=\"https:\/\/www.binder-optik.de\/wp-content\/uploads\/2025\/05\/2023_10_05-Newsletter-Anmeldung_433x300-1_EN.jpg 902w, https:\/\/www.binder-optik.de\/wp-content\/uploads\/2025\/05\/2023_10_05-Newsletter-Anmeldung_433x300-1_EN-300x208.jpg 300w, https:\/\/www.binder-optik.de\/wp-content\/uploads\/2025\/05\/2023_10_05-Newsletter-Anmeldung_433x300-1_EN-768x532.jpg 768w, https:\/\/www.binder-optik.de\/wp-content\/uploads\/2025\/05\/2023_10_05-Newsletter-Anmeldung_433x300-1_EN-524x363.jpg 524w\" sizes=\"auto, (max-width: 902px) 100vw, 902px\" \/><\/figure>\n<\/div>\n<\/div>\n<\/div><\/div><\/section>\n<\/div><\/div><\/section>\n","protected":false},"excerpt":{"rendered":"","protected":false},"author":13,"featured_media":14646,"comment_status":"closed","ping_status":"closed","sticky":false,"template":"","format":"standard","meta":{"_acf_changed":false,"footnotes":""},"categories":[1],"tags":[],"class_list":["post-17870","post","type-post","status-publish","format-standard","has-post-thumbnail","hentry","category-kategorize-edilmemis"],"acf":[],"publishpress_future_action":{"enabled":false,"date":"2026-05-07 19:31:19","action":"change-status","newStatus":"draft","terms":[],"taxonomy":"category","extraData":[]},"publishpress_future_workflow_manual_trigger":{"enabledWorkflows":[]},"_links":{"self":[{"href":"https:\/\/www.binder-optik.de\/tr\/wp-json\/wp\/v2\/posts\/17870","targetHints":{"allow":["GET"]}}],"collection":[{"href":"https:\/\/www.binder-optik.de\/tr\/wp-json\/wp\/v2\/posts"}],"about":[{"href":"https:\/\/www.binder-optik.de\/tr\/wp-json\/wp\/v2\/types\/post"}],"author":[{"embeddable":true,"href":"https:\/\/www.binder-optik.de\/tr\/wp-json\/wp\/v2\/users\/13"}],"replies":[{"embeddable":true,"href":"https:\/\/www.binder-optik.de\/tr\/wp-json\/wp\/v2\/comments?post=17870"}],"version-history":[{"count":1,"href":"https:\/\/www.binder-optik.de\/tr\/wp-json\/wp\/v2\/posts\/17870\/revisions"}],"predecessor-version":[{"id":17875,"href":"https:\/\/www.binder-optik.de\/tr\/wp-json\/wp\/v2\/posts\/17870\/revisions\/17875"}],"wp:featuredmedia":[{"embeddable":true,"href":"https:\/\/www.binder-optik.de\/tr\/wp-json\/wp\/v2\/media\/14646"}],"wp:attachment":[{"href":"https:\/\/www.binder-optik.de\/tr\/wp-json\/wp\/v2\/media?parent=17870"}],"wp:term":[{"taxonomy":"category","embeddable":true,"href":"https:\/\/www.binder-optik.de\/tr\/wp-json\/wp\/v2\/categories?post=17870"},{"taxonomy":"post_tag","embeddable":true,"href":"https:\/\/www.binder-optik.de\/tr\/wp-json\/wp\/v2\/tags?post=17870"}],"curies":[{"name":"wp","href":"https:\/\/api.w.org\/{rel}","templated":true}]}}