{"id":17869,"date":"2023-05-25T08:21:04","date_gmt":"2023-05-25T06:21:04","guid":{"rendered":"https:\/\/www.binder-optik.de\/trott-war-150-cift-guenes-goezluegue-almaktan-mutluluk-duyuyor-bagislayanlar-binder-optik\/"},"modified":"2025-04-15T14:46:17","modified_gmt":"2025-04-15T12:46:17","slug":"trott-war-150-cift-guenes-goezluegue-almaktan-mutluluk-duyuyor-bagislayanlar-binder-optik","status":"publish","type":"post","link":"https:\/\/www.binder-optik.de\/tr\/trott-war-150-cift-guenes-goezluegue-almaktan-mutluluk-duyuyor-bagislayanlar-binder-optik\/","title":{"rendered":"Trott-war 150 \u00e7ift g\u00fcne\u015f g\u00f6zl\u00fc\u011f\u00fc almaktan mutluluk duyuyor &#8211; Ba\u011f\u0131\u015flayanlar Binder Optik"},"content":{"rendered":"\n<section class=\"wp-block-custom-container alignwide block-content  block-content--spacing-top block-content--margin-top\"><style>.block-content{position:relative}.block-content--spacing-top{padding-top:2rem}@media (min-width: 992px){.block-content--spacing-top{padding-top:4rem}}.block-content--spacing-bottom{padding-bottom:2rem}@media (min-width: 992px){.block-content--spacing-bottom{padding-bottom:4rem}}.block-content--margin-top{margin-top:2rem}@media (min-width: 992px){.block-content--margin-top{margin-top:4rem}}.block-content--margin-bottom{margin-bottom:2rem}@media (min-width: 992px){.block-content--margin-bottom{margin-bottom:4rem}}.block-content.z-index{position:relative;z-index:2}.block-content .container{position:relative;z-index:1}.block-content .container--full{padding:0}.block-content .container .container{padding:2rem}@media (min-width: 992px){.block-content .container .container{padding:4rem}}.block-content .container-overlay{position:absolute;z-index:0;top:0;right:0;bottom:0;left:0}.block-content.career-container{margin-top:-8rem;z-index:2;pointer-events:none}.block-content.career-container .block-content{pointer-events:all;-webkit-box-shadow:0px 0px 15px 5px rgba(0,0,0,0.1);box-shadow:0px 0px 15px 5px rgba(0,0,0,0.1)}.block-content.career-container .wp-block-custom-column{margin-bottom:0}\n<\/style><div class=\"container container--wide\"><div class=\"container__body\">\n<p class=\"is-style-subheading\">25 May\u0131s 2023<\/p>\n\n\n\n<h1 class=\"wp-block-heading\">Trott-war <strong>150 \u00e7ift g\u00fcne\u015f g\u00f6zl\u00fc\u011f\u00fc<\/strong> almaktan mutluluk duyuyor <strong>&#8211;<\/strong> Ba\u011f\u0131\u015flayanlar Binder Optik<\/h1>\n\n\n\n<div class=\"wp-block-custom-spacing spacing-element spacing-mobile--small spacing-tablet--small spacing-small-desktop--small spacing-desktop--small\"><\/div>\n<\/div><\/div><\/section>\n\n<section class=\"wp-block-custom-container alignwide block-content\"><div class=\"container container--wide\"><div class=\"container__body\">\n<div class=\"wp-block-custom-columns columns-row row\"><style>.columns-row--spacing-top{padding-top:2rem}@media (min-width: 992px){.columns-row--spacing-top{padding-top:4rem}}.columns-row--spacing-bottom{padding-bottom:2rem}@media (min-width: 992px){.columns-row--spacing-bottom{padding-bottom:4rem}}.columns-row--margin-top{margin-top:2rem}@media (min-width: 992px){.columns-row--margin-top{margin-top:4rem}}.columns-row--margin-bottom{margin-bottom:2rem}@media (min-width: 992px){.columns-row--margin-bottom{margin-bottom:4rem}}\n<\/style>\n<div class=\"wp-block-custom-column col col-6\">\n<p>Ba\u011f\u0131\u015flar\u0131 memnuniyetle kabul eden Trott-war e. V. s\u00f6zc\u00fcs\u00fc, &#8220;Sokaktan size kocaman bir te\u015fekk\u00fcr bor\u00e7luyuz!&#8221; diye vurguluyor. Sosyal a\u00e7\u0131dan dezavantajl\u0131 insanlar\u0131 desteklemeyi kendine g\u00f6rev edinmi\u015f olan bu kar amac\u0131 g\u00fctmeyen kurulu\u015f, yeni g\u00f6zl\u00fcklerin en acil ihtiya\u00e7 duyulan yere, yani soka\u011fa ula\u015fmas\u0131n\u0131 sa\u011fl\u0131yor! \u00d6zellikle evsiz insanlar durmaks\u0131z\u0131n r\u00fczgara ve hava ko\u015fullar\u0131na maruz kalmaktad\u0131r. K\u0131\u015f\u0131n so\u011fuk, yaz\u0131n s\u0131cak ve parlak \u0131\u015f\u0131k onlar\u0131 etkiliyor. G\u00f6ky\u00fcz\u00fc bulutsuz oldu\u011funda parlak g\u00fcne\u015f \u0131\u015f\u0131\u011f\u0131 sadece son derece k\u00f6r edici olmakla kalmaz, ayn\u0131 zamanda g\u00f6zlerin sulanmas\u0131na ve hatta ac\u0131 verici bir \u015fekilde yanmas\u0131na neden olur. \u0130\u015fte bu noktada Binder Optik &#8216;dan C\u00e9b\u00e9 g\u00fcne\u015f g\u00f6zl\u00fckleri i\u015fe yar\u0131yor!<\/p>\n\n\n\n<div class=\"wp-block-custom-spacing spacing-element spacing-mobile--small spacing-tablet--small spacing-small-desktop--none spacing-desktop--none\"><\/div>\n\n\n\n<p>Bu nedenle yurtta\u015flar\u0131n ihtiya\u00e7lar\u0131 Binder Optik &#8216;un kalbine yak\u0131n bir konudur ve b\u00f6lgedeki hay\u0131rseverlik \u00e7al\u0131\u015fmalar\u0131 do\u011fal bir meseledir. Bu nedenle Genel M\u00fcd\u00fcr Dominic Baur, Trott-war&#8217;da bardaklar\u0131 bizzat teslim etmeye \u00f6zen g\u00f6steriyor. <\/p>\n<\/div>\n\n\n\n<div class=\"wp-block-custom-column col col-6\"><style>.wp-block-image.alignright{margin:0 !important}.wp-block-image.alignleft{float:none !important}.wp-block-image .wp-element-caption{text-align:left}\n<\/style>\n<figure class=\"wp-block-image size-full is-resized\"><img loading=\"lazy\" decoding=\"async\" width=\"768\" height=\"576\" src=\"https:\/\/www.binder-optik.de\/wp-content\/uploads\/2023\/08\/Trottwar-2048x1537-1-768x576-1.jpg\" alt=\"Binder Optik\" class=\"wp-image-2130\" style=\"width:768px;height:576px\" title=\"\" srcset=\"https:\/\/www.binder-optik.de\/wp-content\/uploads\/2023\/08\/Trottwar-2048x1537-1-768x576-1.jpg 768w, https:\/\/www.binder-optik.de\/wp-content\/uploads\/2023\/08\/Trottwar-2048x1537-1-768x576-1-300x225.jpg 300w, https:\/\/www.binder-optik.de\/wp-content\/uploads\/2023\/08\/Trottwar-2048x1537-1-768x576-1-524x393.jpg 524w\" sizes=\"auto, (max-width: 768px) 100vw, 768px\" \/><figcaption class=\"wp-element-caption\">Dominic Baur, Trott-war e.V.&#8217;den Adriane Dietrich ile birlikte 150 \u00e7iftten fazla g\u00f6zl\u00fc\u011f\u00fcn tesliminde.<\/figcaption><\/figure>\n<\/div>\n<\/div>\n\n\n\n<p>G\u00f6z sa\u011fl\u0131\u011f\u0131 konusunda deneyimli uzmanlar olarak Binder Optik &#8216;daki herkes yaz aylar\u0131nda g\u00fcne\u015f g\u00f6zl\u00fc\u011f\u00fc takman\u0131n ne kadar \u00f6nemli oldu\u011funu ve yaln\u0131zca y\u00fcksek kaliteli camlar\u0131n zararl\u0131 UV radyasyonuna kar\u015f\u0131 koruma sa\u011flayabilece\u011fini bilir. G\u00f6zl\u00fck ba\u011f\u0131\u015f\u0131, bu anlamda hedefe y\u00f6nelik bir katk\u0131da bulunmay\u0131 ve \u00f6n\u00fcm\u00fczdeki yaz aylar\u0131na haz\u0131rlanmay\u0131 ama\u00e7lamaktad\u0131r. <\/p>\n\n\n\n<h4 class=\"wp-block-heading\">Birlikte \u00e7al\u0131\u015fmak g\u00fc\u00e7l\u00fc bir toplum yarat\u0131r<\/h4>\n\n\n\n<p>Stuttgartl\u0131 aile \u015firketi sokaktaki insanlar\u0131n endi\u015felerini biliyor ve yard\u0131mc\u0131 olabilmekten mutluluk duyuyor. Stuttgart&#8217;ta Marktplatz, Ost, Degerloch, Vaihingen, M\u00f6hringen, Feuerbach ve havaalan\u0131 lokasyonlar\u0131 dahil olmak \u00fczere yedi \u00f6zel ma\u011faza ile Binder Optik \u015fehir genelinde temsil edilmektedir. <\/p>\n<\/div><\/div><\/section>\n\n<section class=\"wp-block-custom-container alignwide block-content  block-content--spacing-top block-content--spacing-bottom\"><div class=\"container container--wide\"><div class=\"container__body\">\n<section class=\"wp-block-custom-container alignwide block-content  has-gelb-background-color\" style=\"background-color:#FFFF00\"><div class=\"container container--wide\"><div class=\"container__body\"><style>.wp-block-columns.are-vertically-aligned-center{gap:1em;margin-bottom:.5rem}@media (min-width: 992px){.wp-block-columns.are-vertically-aligned-center{margin-bottom:1rem}}.wp-block-columns.are-vertically-aligned-center :last-child{margin-bottom:0}.wp-block-columns.are-vertically-aligned-center figure{margin-bottom:0}.wp-block-columns.no-margin{margin-bottom:0 !important}@media (max-width: 991px){.wp-block-columns.hide-mobile{display:none}}:where(.wp-block-columns.is-layout-flex){gap:1em}\n<\/style>\n<div class=\"wp-block-columns are-vertically-aligned-center is-layout-flex wp-container-core-columns-is-layout-1 wp-block-columns-is-layout-flex\">\n<div class=\"wp-block-column is-vertically-aligned-center is-layout-flow wp-block-column-is-layout-flow\" style=\"flex-basis:66.66%\">\n<h2 class=\"wp-block-heading\"><strong>B\u00fclten kayd\u0131<\/strong><\/h2>\n\n\n\n<p>Haber b\u00fcltenine \u015fimdi abone olun ve 20 Euro de\u011ferinde Binder Optik al\u0131\u015fveri\u015f \u00e7eki kazan\u0131n.<\/p>\n\n\n\n<div class=\"wp-block-buttons is-layout-flex wp-block-buttons-is-layout-flex\"><style>.wp-block-button{margin:0 0 3rem}.wp-block-button:last-child,.wp-block-button:only-child{margin-bottom:0}.wp-block-button.align-center{text-align:center}.wp-block-button.align-right{text-align:right}.wp-block-columns+.wp-block-button{margin-top:6.3rem}.wp-block-button__link{display:inline-block;padding:1.8rem 1.8rem;font-weight:600;text-align:center;text-decoration:none;color:#2B2E34;border:2px solid #FFFA00;border-radius:.5rem;background-color:#FFFA00;cursor:pointer;font-size:1.6rem;line-height:1}@media (min-width: 1380px){.wp-block-button__link{padding:1.8rem 3.8rem;font-size:1.8rem;line-height:1}}.wp-block-button:not(.is-style-link-only):not(.is-style-outline):not(.is-style-fill-secondary) .wp-block-button__link{position:relative}.wp-block-button:not(.is-style-link-only):not(.is-style-outline):not(.is-style-fill-secondary) .wp-block-button__link:hover,.wp-block-button:not(.is-style-link-only):not(.is-style-outline):not(.is-style-fill-secondary) .wp-block-button__link:focus{color:#fff;border-color:#00597E;background-color:#00597E}.wp-block-button .wp-block-button__link{transition:.2s}.is-style-fill-secondary .wp-block-button__link{color:#fff;border-color:#00597E;background-color:#00597E}.is-style-fill-secondary .wp-block-button__link:hover,.is-style-fill-secondary .wp-block-button__link:focus{color:#2B2E34;border-color:#FFFA00;background-color:#FFFA00}.is-style-outline .wp-block-button__link{padding:1.8rem 1.8rem !important;color:#00597E !important;border-color:#00597E;background-color:transparent}@media (min-width: 1380px){.is-style-outline .wp-block-button__link{padding:1.8rem 3.8rem !important}}.is-style-outline .wp-block-button__link:hover,.is-style-outline .wp-block-button__link:focus{color:#fff !important;border-color:#00597E !important;background-color:#00597E !important}.is-style-link-only .wp-block-button__link{min-width:0;padding:0;padding-right:2rem;position:relative;font-weight:600;color:#00597E;letter-spacing:0;text-transform:none;border:none;background-color:transparent;transition:color .2s,text-decoration-color .2s;font-size:1.8rem;line-height:1}.is-style-link-only .wp-block-button__link::after{content:'';display:inline-block;width:8px;height:13px;position:absolute;top:50%;right:0;transform:translate(0, -50%);background-image:url(\"https:\/\/www.binder-optik.de\/wp-content\/themes\/ATLAS\/images\/svg\/button_arrow-right_secondary.svg\");background-repeat:no-repeat;background-size:contain;transition:right 0.2s}.is-style-link-only .wp-block-button__link:hover::after,.is-style-link-only .wp-block-button__link:focus::after{right:-5px}\n<\/style>\n<div class=\"wp-block-button is-style-fill-secondary\"><a class=\"wp-block-button__link wp-element-button\" href=\"https:\/\/www.binder-optik.de\/tr\/buelten-kaydi\/\">Kay\u0131t i\u00e7in<\/a><\/div>\n<\/div>\n<\/div>\n\n\n\n<div class=\"wp-block-column is-vertically-aligned-center is-layout-flow wp-block-column-is-layout-flow\" style=\"flex-basis:33.33%\">\n<figure class=\"wp-block-image size-full\"><img loading=\"lazy\" decoding=\"async\" width=\"902\" height=\"625\" src=\"https:\/\/www.binder-optik.de\/wp-content\/uploads\/2025\/05\/2023_10_05-Newsletter-Anmeldung_433x300-1_EN.jpg\" alt=\"Binder Optik\" class=\"wp-image-19189\" title=\"\" srcset=\"https:\/\/www.binder-optik.de\/wp-content\/uploads\/2025\/05\/2023_10_05-Newsletter-Anmeldung_433x300-1_EN.jpg 902w, https:\/\/www.binder-optik.de\/wp-content\/uploads\/2025\/05\/2023_10_05-Newsletter-Anmeldung_433x300-1_EN-300x208.jpg 300w, https:\/\/www.binder-optik.de\/wp-content\/uploads\/2025\/05\/2023_10_05-Newsletter-Anmeldung_433x300-1_EN-768x532.jpg 768w, https:\/\/www.binder-optik.de\/wp-content\/uploads\/2025\/05\/2023_10_05-Newsletter-Anmeldung_433x300-1_EN-524x363.jpg 524w\" sizes=\"auto, (max-width: 902px) 100vw, 902px\" \/><\/figure>\n<\/div>\n<\/div>\n<\/div><\/div><\/section>\n<\/div><\/div><\/section>\n","protected":false},"excerpt":{"rendered":"","protected":false},"author":13,"featured_media":14644,"comment_status":"closed","ping_status":"closed","sticky":false,"template":"","format":"standard","meta":{"_acf_changed":false,"footnotes":""},"categories":[283],"tags":[],"class_list":["post-17869","post","type-post","status-publish","format-standard","has-post-thumbnail","hentry","category-oedueller-ve-onurlar"],"acf":[],"publishpress_future_action":{"enabled":false,"date":"2026-05-08 13:33:20","action":"change-status","newStatus":"draft","terms":[],"taxonomy":"category","extraData":[]},"publishpress_future_workflow_manual_trigger":{"enabledWorkflows":[]},"_links":{"self":[{"href":"https:\/\/www.binder-optik.de\/tr\/wp-json\/wp\/v2\/posts\/17869","targetHints":{"allow":["GET"]}}],"collection":[{"href":"https:\/\/www.binder-optik.de\/tr\/wp-json\/wp\/v2\/posts"}],"about":[{"href":"https:\/\/www.binder-optik.de\/tr\/wp-json\/wp\/v2\/types\/post"}],"author":[{"embeddable":true,"href":"https:\/\/www.binder-optik.de\/tr\/wp-json\/wp\/v2\/users\/13"}],"replies":[{"embeddable":true,"href":"https:\/\/www.binder-optik.de\/tr\/wp-json\/wp\/v2\/comments?post=17869"}],"version-history":[{"count":1,"href":"https:\/\/www.binder-optik.de\/tr\/wp-json\/wp\/v2\/posts\/17869\/revisions"}],"predecessor-version":[{"id":17873,"href":"https:\/\/www.binder-optik.de\/tr\/wp-json\/wp\/v2\/posts\/17869\/revisions\/17873"}],"wp:featuredmedia":[{"embeddable":true,"href":"https:\/\/www.binder-optik.de\/tr\/wp-json\/wp\/v2\/media\/14644"}],"wp:attachment":[{"href":"https:\/\/www.binder-optik.de\/tr\/wp-json\/wp\/v2\/media?parent=17869"}],"wp:term":[{"taxonomy":"category","embeddable":true,"href":"https:\/\/www.binder-optik.de\/tr\/wp-json\/wp\/v2\/categories?post=17869"},{"taxonomy":"post_tag","embeddable":true,"href":"https:\/\/www.binder-optik.de\/tr\/wp-json\/wp\/v2\/tags?post=17869"}],"curies":[{"name":"wp","href":"https:\/\/api.w.org\/{rel}","templated":true}]}}