{"id":17863,"date":"2023-07-17T15:23:26","date_gmt":"2023-07-17T13:23:26","guid":{"rendered":"https:\/\/www.binder-optik.de\/optik-storz-olur-binder-optik\/"},"modified":"2025-04-15T14:46:11","modified_gmt":"2025-04-15T12:46:11","slug":"optik-storz-olur-binder-optik","status":"publish","type":"post","link":"https:\/\/www.binder-optik.de\/tr\/optik-storz-olur-binder-optik\/","title":{"rendered":"Optik Storz olur Binder Optik"},"content":{"rendered":"\n<section class=\"wp-block-custom-container alignwide block-content  block-content--spacing-top block-content--margin-top\"><style>.block-content{position:relative}.block-content--spacing-top{padding-top:2rem}@media (min-width: 992px){.block-content--spacing-top{padding-top:4rem}}.block-content--spacing-bottom{padding-bottom:2rem}@media (min-width: 992px){.block-content--spacing-bottom{padding-bottom:4rem}}.block-content--margin-top{margin-top:2rem}@media (min-width: 992px){.block-content--margin-top{margin-top:4rem}}.block-content--margin-bottom{margin-bottom:2rem}@media (min-width: 992px){.block-content--margin-bottom{margin-bottom:4rem}}.block-content.z-index{position:relative;z-index:2}.block-content .container{position:relative;z-index:1}.block-content .container--full{padding:0}.block-content .container .container{padding:2rem}@media (min-width: 992px){.block-content .container .container{padding:4rem}}.block-content .container-overlay{position:absolute;z-index:0;top:0;right:0;bottom:0;left:0}.block-content.career-container{margin-top:-8rem;z-index:2;pointer-events:none}.block-content.career-container .block-content{pointer-events:all;-webkit-box-shadow:0px 0px 15px 5px rgba(0,0,0,0.1);box-shadow:0px 0px 15px 5px rgba(0,0,0,0.1)}.block-content.career-container .wp-block-custom-column{margin-bottom:0}\n<\/style><div class=\"container container--wide\"><div class=\"container__body\">\n<p class=\"is-style-subheading\">17 Temmuz 2023<\/p>\n\n\n\n<h1 class=\"wp-block-heading\">Optik Storz olur Binder Optik<\/h1>\n\n\n\n<div class=\"wp-block-custom-spacing spacing-element spacing-mobile--small spacing-tablet--small spacing-small-desktop--small spacing-desktop--small\"><\/div>\n<\/div><\/div><\/section>\n\n<section class=\"wp-block-custom-container alignwide block-content\"><div class=\"container container--wide\"><div class=\"container__body\">\n<div class=\"wp-block-custom-columns columns-row row\"><style>.columns-row--spacing-top{padding-top:2rem}@media (min-width: 992px){.columns-row--spacing-top{padding-top:4rem}}.columns-row--spacing-bottom{padding-bottom:2rem}@media (min-width: 992px){.columns-row--spacing-bottom{padding-bottom:4rem}}.columns-row--margin-top{margin-top:2rem}@media (min-width: 992px){.columns-row--margin-top{margin-top:4rem}}.columns-row--margin-bottom{margin-bottom:2rem}@media (min-width: 992px){.columns-row--margin-bottom{margin-bottom:4rem}}\n<\/style>\n<div class=\"wp-block-custom-column col col-6\">\n<p>G\u00fcney Almanya&#8217;n\u0131n \u00f6nde gelen optisyenlerinden biri olarak, Schramberg&#8217;deki \u00fcnl\u00fc Optik Storz uzman ma\u011fazas\u0131n\u0131n art\u0131k Binder Optik ailesinin bir par\u00e7as\u0131 olmas\u0131ndan mutluluk duyuyoruz. Optik Storz&#8217;un deneyimli ekibiyle birlikte b\u00f6lgedeki varl\u0131\u011f\u0131m\u0131z\u0131 g\u00fc\u00e7lendiriyor ve m\u00fckemmel dan\u0131\u015fmanl\u0131k ve \u00fcst\u00fcn kalite gelene\u011fini s\u00fcrd\u00fcr\u00fcyoruz. <\/p>\n\n\n\n<p>Binder Optik Genel M\u00fcd\u00fcr\u00fc Dominic Baur, &#8220;Say\u0131n Storz ve ekibini Binder Optik ailesinde a\u011f\u0131rlamaktan mutluluk duyuyoruz&#8221; dedi. &#8220;Optik Storz&#8217;un b\u00f6lgede m\u00fckemmel bir \u00fcne sahip oldu\u011funun fark\u0131nday\u0131z ve bu ba\u015far\u0131y\u0131 geli\u015ftirmeye kararl\u0131y\u0131z. Birlikte m\u00fc\u015fterilerimize en iyi optik \u00e7\u00f6z\u00fcmleri ve birinci s\u0131n\u0131f hizmeti sunabiliriz ve uzman ma\u011fazam\u0131z m\u00fccevherlerin k\u00fc\u00e7\u00fck, \u015f\u0131k d\u00fcnyas\u0131yla zenginle\u015fmeye devam edecektir. &#8221; <\/p>\n\n\n\n<p>&#8220;T\u00fcm m\u00fc\u015fterilerime uzun y\u0131llar boyunca bana ve \u00e7al\u0131\u015fanlar\u0131ma g\u00f6sterdikleri sadakat ve duyduklar\u0131 g\u00fcven i\u00e7in te\u015fekk\u00fcr ediyorum.  <\/p>\n<\/div>\n\n\n\n<div class=\"wp-block-custom-column col col-6\"><style>.wp-block-image.alignright{margin:0 !important}.wp-block-image.alignleft{float:none !important}.wp-block-image .wp-element-caption{text-align:left}\n<\/style>\n<figure class=\"wp-block-image size-large\"><img loading=\"lazy\" decoding=\"async\" width=\"1024\" height=\"769\" src=\"https:\/\/www.binder-optik.de\/wp-content\/uploads\/2023\/08\/Schramberg-News-2048x1537-1-1536x1153-1-1024x769.jpg\" alt=\"Binder Optik\" class=\"wp-image-2048\" title=\"\" srcset=\"https:\/\/www.binder-optik.de\/wp-content\/uploads\/2023\/08\/Schramberg-News-2048x1537-1-1536x1153-1-1024x769.jpg 1024w, https:\/\/www.binder-optik.de\/wp-content\/uploads\/2023\/08\/Schramberg-News-2048x1537-1-1536x1153-1-906x680.jpg 906w, https:\/\/www.binder-optik.de\/wp-content\/uploads\/2023\/08\/Schramberg-News-2048x1537-1-1536x1153-1-300x225.jpg 300w, https:\/\/www.binder-optik.de\/wp-content\/uploads\/2023\/08\/Schramberg-News-2048x1537-1-1536x1153-1-768x577.jpg 768w, https:\/\/www.binder-optik.de\/wp-content\/uploads\/2023\/08\/Schramberg-News-2048x1537-1-1536x1153-1-524x393.jpg 524w, https:\/\/www.binder-optik.de\/wp-content\/uploads\/2023\/08\/Schramberg-News-2048x1537-1-1536x1153-1.jpg 1536w\" sizes=\"auto, (max-width: 1024px) 100vw, 1024px\" \/><figcaption class=\"wp-element-caption\">Dominic Baur, Albin Storz ile birlikte Schramberg&#8217;deki uzman ma\u011fazay\u0131 devral\u0131rken.<\/figcaption><\/figure>\n<\/div>\n<\/div>\n\n\n\n<p>Bu durum Binder Optik &#8216;un ard\u0131ll\u0131\u011f\u0131 alt\u0131nda da de\u011fi\u015fmeyecektir. Hem optik hem de m\u00fccevherat sekt\u00f6rlerindeki ola\u011fan ba\u011flant\u0131lar\u0131n\u0131za g\u00fcvenebilirsiniz&#8221; diyor Albin Storz.   <\/p>\n\n\n\n<p>&#8221; Binder Optik adresinde uzun bir gelene\u011fe ve g\u00fczel b\u00f6lgemizle g\u00fc\u00e7l\u00fc bir ba\u011fa sahip bir halef buldu\u011fumuz ve orta \u00f6l\u00e7ekli bir uzman ma\u011fazan\u0131n yerel olarak faaliyet g\u00f6stermeye devam edece\u011fi i\u00e7in \u00e7ok mutluyuz. G\u00fcn\u00fcm\u00fczde ve \u00e7a\u011f\u0131m\u0131zda bu art\u0131k bir sorun de\u011fil ve her zaman benim endi\u015fem olmu\u015ftur.&#8221;<\/p>\n\n\n\n<p>Aile \u015firketi Binder Optik, 1975 y\u0131l\u0131nda B\u00f6blingen&#8217;de Dr. Helmut Baur ve e\u015fi Gabriele Baur taraf\u0131ndan kurulmu\u015ftur ve \u015fu anda ikinci nesil o\u011fullar\u0131 Dominic Baur taraf\u0131ndan y\u00f6netilmektedir.<\/p>\n\n\n\n<p>Geleneksel optik i\u015f\u00e7ili\u011fi, en son teknoloji ve maksimum hizmet odakl\u0131l\u0131\u011f\u0131n birle\u015fimi, ba\u015far\u0131 \u00f6yk\u00fcs\u00fcn\u00fcn devam\u0131n\u0131 ve de\u011ferlerin ve hedeflerin s\u00fcrd\u00fcr\u00fclmesini sa\u011flar. Y\u00fcksek m\u00fc\u015fteri hizmetleri, kalite, i\u015f\u00e7ilik ve paran\u0131n kar\u015f\u0131l\u0131\u011f\u0131n\u0131 verme standartlar\u0131 geleneksel olarak korunmakta ve bir\u00e7ok yeni, taze fikirle zenginle\u015ftirilmektedir.   <\/p>\n\n\n\n<p>ZEISS gibi \u00f6nde gelen lens \u00fcreticilerinin en yeni \u00fcr\u00fcnleri portf\u00f6yde yer almakta ve lensler, en son teknoloji \u00fcr\u00fcn\u00fc, y\u00fcksek \u00e7\u00f6z\u00fcn\u00fcrl\u00fckl\u00fc 3D \u00f6l\u00e7\u00fcm teknolojisi kullan\u0131larak ilgili g\u00f6rsel gereksinimlere g\u00f6re \u00f6zelle\u015ftirilmektedir. Bu \u015fekilde, Binder Optik optimum g\u00f6rsel deneyimi garanti eder ve ola\u011fan\u00fcst\u00fc marka \u00e7e\u015fitlili\u011fi sayesinde her zevke uygun m\u00fckemmel bir g\u00f6zl\u00fck vard\u0131r. \u0130ster Armani gibi tan\u0131nm\u0131\u015f tasar\u0131mc\u0131lar, ister Boss ve Jaguar&#8217;un klasik modelleri, ister Ray-Ban ve Tom Tailor &#8216;un gen\u00e7 tasar\u0131mlar\u0131 olsun, se\u00e7im yapmakta zorlanmayacaks\u0131n\u0131z.  <\/p>\n\n\n\n<p>Odak noktas\u0131 her zaman m\u00fc\u015fteri ve onlar\u0131n bireysel ihtiya\u00e7lar\u0131d\u0131r ve Binder Optik bunlar\u0131 \u00fcst\u00fcn kalite ve uygun hizmetle kar\u015f\u0131lamay\u0131 ama\u00e7lamaktad\u0131r. Bu felsefenin bir kan\u0131t\u0131 olarak Binder Optik ba\u011f\u0131ms\u0131z kurulu\u015flardan s\u00fcrekli olarak en y\u00fcksek notlar\u0131 almaktad\u0131r, \u00f6rne\u011fin DEUTSCHLAND TEST ve Focus Money hizmet ara\u015ft\u0131rmas\u0131nda &#8220;En \u0130yi \u00dcr\u00fcn Kalitesi&#8221; \u00f6d\u00fcl\u00fc ve \u00fcst \u00fcste 6. kez &#8220;Almanya&#8217;n\u0131n En \u0130yi Optisyenleri&#8221;! <\/p>\n<\/div><\/div><\/section>\n\n<section class=\"wp-block-custom-container alignwide block-content  block-content--spacing-top block-content--spacing-bottom\"><div class=\"container container--wide\"><div class=\"container__body\">\n<section class=\"wp-block-custom-container alignwide block-content  has-gelb-background-color\" style=\"background-color:#FFFF00\"><div class=\"container container--wide\"><div class=\"container__body\"><style>.wp-block-columns.are-vertically-aligned-center{gap:1em;margin-bottom:.5rem}@media (min-width: 992px){.wp-block-columns.are-vertically-aligned-center{margin-bottom:1rem}}.wp-block-columns.are-vertically-aligned-center :last-child{margin-bottom:0}.wp-block-columns.are-vertically-aligned-center figure{margin-bottom:0}.wp-block-columns.no-margin{margin-bottom:0 !important}@media (max-width: 991px){.wp-block-columns.hide-mobile{display:none}}:where(.wp-block-columns.is-layout-flex){gap:1em}\n<\/style>\n<div class=\"wp-block-columns are-vertically-aligned-center is-layout-flex wp-container-core-columns-is-layout-1 wp-block-columns-is-layout-flex\">\n<div class=\"wp-block-column is-vertically-aligned-center is-layout-flow wp-block-column-is-layout-flow\" style=\"flex-basis:66.66%\">\n<h2 class=\"wp-block-heading\"><strong>B\u00fclten kayd\u0131<\/strong><\/h2>\n\n\n\n<p>Haber b\u00fcltenine \u015fimdi abone olun ve 20 Euro de\u011ferinde Binder Optik al\u0131\u015fveri\u015f \u00e7eki kazan\u0131n.<\/p>\n\n\n\n<div class=\"wp-block-buttons is-layout-flex wp-block-buttons-is-layout-flex\"><style>.wp-block-button{margin:0 0 3rem}.wp-block-button:last-child,.wp-block-button:only-child{margin-bottom:0}.wp-block-button.align-center{text-align:center}.wp-block-button.align-right{text-align:right}.wp-block-columns+.wp-block-button{margin-top:6.3rem}.wp-block-button__link{display:inline-block;padding:1.8rem 1.8rem;font-weight:600;text-align:center;text-decoration:none;color:#2B2E34;border:2px solid #FFFA00;border-radius:.5rem;background-color:#FFFA00;cursor:pointer;font-size:1.6rem;line-height:1}@media (min-width: 1380px){.wp-block-button__link{padding:1.8rem 3.8rem;font-size:1.8rem;line-height:1}}.wp-block-button:not(.is-style-link-only):not(.is-style-outline):not(.is-style-fill-secondary) .wp-block-button__link{position:relative}.wp-block-button:not(.is-style-link-only):not(.is-style-outline):not(.is-style-fill-secondary) .wp-block-button__link:hover,.wp-block-button:not(.is-style-link-only):not(.is-style-outline):not(.is-style-fill-secondary) .wp-block-button__link:focus{color:#fff;border-color:#00597E;background-color:#00597E}.wp-block-button .wp-block-button__link{transition:.2s}.is-style-fill-secondary .wp-block-button__link{color:#fff;border-color:#00597E;background-color:#00597E}.is-style-fill-secondary .wp-block-button__link:hover,.is-style-fill-secondary .wp-block-button__link:focus{color:#2B2E34;border-color:#FFFA00;background-color:#FFFA00}.is-style-outline .wp-block-button__link{padding:1.8rem 1.8rem !important;color:#00597E !important;border-color:#00597E;background-color:transparent}@media (min-width: 1380px){.is-style-outline .wp-block-button__link{padding:1.8rem 3.8rem !important}}.is-style-outline .wp-block-button__link:hover,.is-style-outline .wp-block-button__link:focus{color:#fff !important;border-color:#00597E !important;background-color:#00597E !important}.is-style-link-only .wp-block-button__link{min-width:0;padding:0;padding-right:2rem;position:relative;font-weight:600;color:#00597E;letter-spacing:0;text-transform:none;border:none;background-color:transparent;transition:color .2s,text-decoration-color .2s;font-size:1.8rem;line-height:1}.is-style-link-only .wp-block-button__link::after{content:'';display:inline-block;width:8px;height:13px;position:absolute;top:50%;right:0;transform:translate(0, -50%);background-image:url(\"https:\/\/www.binder-optik.de\/wp-content\/themes\/ATLAS\/images\/svg\/button_arrow-right_secondary.svg\");background-repeat:no-repeat;background-size:contain;transition:right 0.2s}.is-style-link-only .wp-block-button__link:hover::after,.is-style-link-only .wp-block-button__link:focus::after{right:-5px}\n<\/style>\n<div class=\"wp-block-button is-style-fill-secondary\"><a class=\"wp-block-button__link wp-element-button\" href=\"https:\/\/www.binder-optik.de\/tr\/buelten-kaydi\/\">Kay\u0131t i\u00e7in<\/a><\/div>\n<\/div>\n<\/div>\n\n\n\n<div class=\"wp-block-column is-vertically-aligned-center is-layout-flow wp-block-column-is-layout-flow\" style=\"flex-basis:33.33%\">\n<figure class=\"wp-block-image size-full\"><img loading=\"lazy\" decoding=\"async\" width=\"902\" height=\"625\" src=\"https:\/\/www.binder-optik.de\/wp-content\/uploads\/2025\/05\/2023_10_05-Newsletter-Anmeldung_433x300-1_EN.jpg\" alt=\"Binder Optik\" class=\"wp-image-19189\" title=\"\" srcset=\"https:\/\/www.binder-optik.de\/wp-content\/uploads\/2025\/05\/2023_10_05-Newsletter-Anmeldung_433x300-1_EN.jpg 902w, https:\/\/www.binder-optik.de\/wp-content\/uploads\/2025\/05\/2023_10_05-Newsletter-Anmeldung_433x300-1_EN-300x208.jpg 300w, https:\/\/www.binder-optik.de\/wp-content\/uploads\/2025\/05\/2023_10_05-Newsletter-Anmeldung_433x300-1_EN-768x532.jpg 768w, https:\/\/www.binder-optik.de\/wp-content\/uploads\/2025\/05\/2023_10_05-Newsletter-Anmeldung_433x300-1_EN-524x363.jpg 524w\" sizes=\"auto, (max-width: 902px) 100vw, 902px\" \/><\/figure>\n<\/div>\n<\/div>\n<\/div><\/div><\/section>\n<\/div><\/div><\/section>\n","protected":false},"excerpt":{"rendered":"","protected":false},"author":13,"featured_media":14802,"comment_status":"closed","ping_status":"closed","sticky":false,"template":"","format":"standard","meta":{"_acf_changed":false,"footnotes":""},"categories":[1],"tags":[],"class_list":["post-17863","post","type-post","status-publish","format-standard","has-post-thumbnail","hentry","category-kategorize-edilmemis"],"acf":[],"publishpress_future_action":{"enabled":false,"date":"2026-05-07 02:35:20","action":"change-status","newStatus":"draft","terms":[],"taxonomy":"category","extraData":[]},"publishpress_future_workflow_manual_trigger":{"enabledWorkflows":[]},"_links":{"self":[{"href":"https:\/\/www.binder-optik.de\/tr\/wp-json\/wp\/v2\/posts\/17863","targetHints":{"allow":["GET"]}}],"collection":[{"href":"https:\/\/www.binder-optik.de\/tr\/wp-json\/wp\/v2\/posts"}],"about":[{"href":"https:\/\/www.binder-optik.de\/tr\/wp-json\/wp\/v2\/types\/post"}],"author":[{"embeddable":true,"href":"https:\/\/www.binder-optik.de\/tr\/wp-json\/wp\/v2\/users\/13"}],"replies":[{"embeddable":true,"href":"https:\/\/www.binder-optik.de\/tr\/wp-json\/wp\/v2\/comments?post=17863"}],"version-history":[{"count":1,"href":"https:\/\/www.binder-optik.de\/tr\/wp-json\/wp\/v2\/posts\/17863\/revisions"}],"predecessor-version":[{"id":17864,"href":"https:\/\/www.binder-optik.de\/tr\/wp-json\/wp\/v2\/posts\/17863\/revisions\/17864"}],"wp:featuredmedia":[{"embeddable":true,"href":"https:\/\/www.binder-optik.de\/tr\/wp-json\/wp\/v2\/media\/14802"}],"wp:attachment":[{"href":"https:\/\/www.binder-optik.de\/tr\/wp-json\/wp\/v2\/media?parent=17863"}],"wp:term":[{"taxonomy":"category","embeddable":true,"href":"https:\/\/www.binder-optik.de\/tr\/wp-json\/wp\/v2\/categories?post=17863"},{"taxonomy":"post_tag","embeddable":true,"href":"https:\/\/www.binder-optik.de\/tr\/wp-json\/wp\/v2\/tags?post=17863"}],"curies":[{"name":"wp","href":"https:\/\/api.w.org\/{rel}","templated":true}]}}