{"id":17858,"date":"2024-10-01T08:19:00","date_gmt":"2024-10-01T06:19:00","guid":{"rendered":"https:\/\/www.binder-optik.de\/bir-bakista-kariyer-yeni-stajyerler-binder-optik\/"},"modified":"2025-04-15T14:46:04","modified_gmt":"2025-04-15T12:46:04","slug":"bir-bakista-kariyer-yeni-stajyerler-binder-optik","status":"publish","type":"post","link":"https:\/\/www.binder-optik.de\/tr\/bir-bakista-kariyer-yeni-stajyerler-binder-optik\/","title":{"rendered":"Bir bak\u0131\u015fta kariyer: Yeni stajyerler Binder Optik"},"content":{"rendered":"\n<section class=\"wp-block-custom-container alignwide block-content  block-content--spacing-top block-content--margin-top\"><style>.block-content{position:relative}.block-content--spacing-top{padding-top:2rem}@media (min-width: 992px){.block-content--spacing-top{padding-top:4rem}}.block-content--spacing-bottom{padding-bottom:2rem}@media (min-width: 992px){.block-content--spacing-bottom{padding-bottom:4rem}}.block-content--margin-top{margin-top:2rem}@media (min-width: 992px){.block-content--margin-top{margin-top:4rem}}.block-content--margin-bottom{margin-bottom:2rem}@media (min-width: 992px){.block-content--margin-bottom{margin-bottom:4rem}}.block-content.z-index{position:relative;z-index:2}.block-content .container{position:relative;z-index:1}.block-content .container--full{padding:0}.block-content .container .container{padding:2rem}@media (min-width: 992px){.block-content .container .container{padding:4rem}}.block-content .container-overlay{position:absolute;z-index:0;top:0;right:0;bottom:0;left:0}.block-content.career-container{margin-top:-8rem;z-index:2;pointer-events:none}.block-content.career-container .block-content{pointer-events:all;-webkit-box-shadow:0px 0px 15px 5px rgba(0,0,0,0.1);box-shadow:0px 0px 15px 5px rgba(0,0,0,0.1)}.block-content.career-container .wp-block-custom-column{margin-bottom:0}\n<\/style><div class=\"container container--wide\"><div class=\"container__body\">\n<p class=\"is-style-subheading\">01 Ekim 2024<\/p>\n\n\n\n<h1 class=\"wp-block-heading\"><strong>Bir bak\u0131\u015fta kariyer: Binder Optik adresindeki yeni stajyerler -Up<\/strong><\/h1>\n\n\n\n<div class=\"wp-block-custom-spacing spacing-element spacing-mobile--small spacing-tablet--small spacing-small-desktop--small spacing-desktop--small\"><\/div>\n<\/div><\/div><\/section>\n\n<section class=\"wp-block-custom-container alignwide block-content\"><div class=\"container container--wide\"><div class=\"container__body\">\n<div class=\"wp-block-custom-columns columns-row row\"><style>.columns-row--spacing-top{padding-top:2rem}@media (min-width: 992px){.columns-row--spacing-top{padding-top:4rem}}.columns-row--spacing-bottom{padding-bottom:2rem}@media (min-width: 992px){.columns-row--spacing-bottom{padding-bottom:4rem}}.columns-row--margin-top{margin-top:2rem}@media (min-width: 992px){.columns-row--margin-top{margin-top:4rem}}.columns-row--margin-bottom{margin-bottom:2rem}@media (min-width: 992px){.columns-row--margin-bottom{margin-bottom:4rem}}\n<\/style>\n<div class=\"wp-block-custom-column col col-6\">\n<p>Sanayi, ticaret, el sanatlar\u0131 &#8230; Bir\u00e7ok sekt\u00f6r umutsuzca kendini adam\u0131\u015f gen\u00e7 yetenekler ar\u0131yor.<\/p>\n\n\n\n<p>Eyl\u00fcl ay\u0131nda on bir yeni optisyenlik stajyerine ho\u015f geldin demekten mutluluk duyuyoruz. Dokuz kad\u0131n ve iki erkek, Kornwestheim, Geislingen, N\u00f6rdlingen, Stuttgart-M\u00f6hringen ve -Degerloch, Heilbronn, Reutlingen, Karlsruhe, Heidelberg, Ravensburg ve Pfullendorf \u015fubelerinde profesyonel hayata ilk ad\u0131mlar\u0131n\u0131 atacaklar.   <\/p>\n\n\n\n<p>Yeni nesle ihtiya\u00e7 duyduklar\u0131 ara\u00e7lar\u0131 sa\u011flamak i\u00e7in Binder Optik, B\u00f6blingen&#8217;deki genel merkezinde t\u00fcm yeni stajyerler i\u00e7in bir kar\u015f\u0131lama etkinli\u011fi d\u00fczenliyor. Etkinli\u011fin hemen ba\u015f\u0131nda Binder Optik Genel M\u00fcd\u00fcr\u00fc Dominic Baur, aile \u015firketinin ge\u00e7mi\u015fi, geli\u015fimi ve gelece\u011fe y\u00f6nelik iddial\u0131 hedefleri hakk\u0131nda heyecan verici bilgiler verdi. \u0130K M\u00fcd\u00fcr\u00fc Sabine le Plat ise \u015firketin \u00f6nemli rakamlar\u0131 hakk\u0131nda ilgin\u00e7 bilgiler verdi.    <\/p>\n<\/div>\n\n\n\n<div class=\"wp-block-custom-column col col-6\"><style>.wp-block-image.alignright{margin:0 !important}.wp-block-image.alignleft{float:none !important}.wp-block-image .wp-element-caption{text-align:left}\n<\/style>\n<figure class=\"wp-block-image size-large\"><img loading=\"lazy\" decoding=\"async\" width=\"1024\" height=\"768\" src=\"https:\/\/www.binder-optik.de\/wp-content\/uploads\/2024\/11\/IMG_0759-1024x768.jpg\" alt=\"Binder Optik\" class=\"wp-image-13276\" title=\"\" srcset=\"https:\/\/www.binder-optik.de\/wp-content\/uploads\/2024\/11\/IMG_0759-1024x768.jpg 1024w, https:\/\/www.binder-optik.de\/wp-content\/uploads\/2024\/11\/IMG_0759-300x225.jpg 300w, https:\/\/www.binder-optik.de\/wp-content\/uploads\/2024\/11\/IMG_0759-768x576.jpg 768w, https:\/\/www.binder-optik.de\/wp-content\/uploads\/2024\/11\/IMG_0759-1536x1152.jpg 1536w, https:\/\/www.binder-optik.de\/wp-content\/uploads\/2024\/11\/IMG_0759-524x393.jpg 524w, https:\/\/www.binder-optik.de\/wp-content\/uploads\/2024\/11\/IMG_0759.jpg 2000w\" sizes=\"auto, (max-width: 1024px) 100vw, 1024px\" \/><\/figure>\n<\/div>\n<\/div>\n\n\n\n<p>Sat\u0131\u015f m\u00fcd\u00fcr\u00fc Mario Lehanka, bir sat\u0131\u015f m\u00fcd\u00fcr\u00fcn\u00fcn g\u00fcnl\u00fck \u00e7al\u0131\u015fmalar\u0131 hakk\u0131nda heyecan verici bilgiler verdi. Usta optisyen ve e\u011fitim at\u00f6lyesi m\u00fcd\u00fcr\u00fc Ruven Hofmann ise optisyen adaylar\u0131na Binder Optik adresindeki \u00f6\u011frenme, pratik yapma ve birlikte \u00e7al\u0131\u015fma f\u0131rsatlar\u0131n\u0131 tan\u0131tt\u0131. <\/p>\n\n\n\n<p>Daha sonra, zorunlu Binder Optik h\u0131zl\u0131 bulu\u015fma seans\u0131 gen\u00e7 stajyerlere birbirlerini daha iyi tan\u0131ma f\u0131rsat\u0131 verdi. Kariyerlerinin ba\u015flang\u0131c\u0131 i\u00e7in m\u00fckemmel bir \u015fekilde donat\u0131lm\u0131\u015f bir hediye \u00e7antas\u0131 ve Binder s\u0131rt \u00e7antas\u0131yla, s\u0131ra \u00f6\u011fle yeme\u011fi molas\u0131na geldi. \u0130talyan lezzetleriyle biraz ferahlad\u0131ktan sonra, \u00e7i\u00e7e\u011fi burnunda optisyenleri bir sonraki \u00f6nemli etkinlik bekliyordu. Stuttgart ka\u00e7\u0131\u015f odas\u0131nda \u00e7\u00f6z\u00fclmesi gereken zorlu g\u00f6revler ger\u00e7ek bir tak\u0131m ruhunu ve \u00e7ok \u00e7e\u015fitli yetenekleri g\u00fcn \u0131\u015f\u0131\u011f\u0131na \u00e7\u0131kard\u0131. Her \u00fc\u00e7 ekip de ba\u011fl\u0131l\u0131klar\u0131 ve hevesleri sayesinde ilgili odalardan bir saatten k\u0131sa bir s\u00fcrede ka\u00e7may\u0131 ba\u015fard\u0131.      <\/p>\n\n\n\n<p>Gen\u00e7 personelimizle gurur duyuyor ve stajyerlerimize ba\u015far\u0131l\u0131 bir e\u011fitim d\u00f6nemi diliyoruz!<\/p>\n<\/div><\/div><\/section>\n\n<section class=\"wp-block-custom-container alignwide block-content  block-content--spacing-top block-content--spacing-bottom\"><div class=\"container container--wide\"><div class=\"container__body\">\n<section class=\"wp-block-custom-container alignwide block-content  has-gelb-background-color\" style=\"background-color:#FFFF00\"><div class=\"container container--wide\"><div class=\"container__body\"><style>.wp-block-columns.are-vertically-aligned-center{gap:1em;margin-bottom:.5rem}@media (min-width: 992px){.wp-block-columns.are-vertically-aligned-center{margin-bottom:1rem}}.wp-block-columns.are-vertically-aligned-center :last-child{margin-bottom:0}.wp-block-columns.are-vertically-aligned-center figure{margin-bottom:0}.wp-block-columns.no-margin{margin-bottom:0 !important}@media (max-width: 991px){.wp-block-columns.hide-mobile{display:none}}:where(.wp-block-columns.is-layout-flex){gap:1em}\n<\/style>\n<div class=\"wp-block-columns are-vertically-aligned-center is-layout-flex wp-container-core-columns-is-layout-1 wp-block-columns-is-layout-flex\">\n<div class=\"wp-block-column is-vertically-aligned-center is-layout-flow wp-block-column-is-layout-flow\" style=\"flex-basis:66.66%\">\n<h2 class=\"wp-block-heading\"><strong>B\u00fclten kayd\u0131<\/strong><\/h2>\n\n\n\n<p>Haber b\u00fcltenine \u015fimdi abone olun ve 20 Euro de\u011ferinde Binder Optik al\u0131\u015fveri\u015f \u00e7eki kazan\u0131n.<\/p>\n\n\n\n<div class=\"wp-block-buttons is-layout-flex wp-block-buttons-is-layout-flex\"><style>.wp-block-button{margin:0 0 3rem}.wp-block-button:last-child,.wp-block-button:only-child{margin-bottom:0}.wp-block-button.align-center{text-align:center}.wp-block-button.align-right{text-align:right}.wp-block-columns+.wp-block-button{margin-top:6.3rem}.wp-block-button__link{display:inline-block;padding:1.8rem 1.8rem;font-weight:600;text-align:center;text-decoration:none;color:#2B2E34;border:2px solid #FFFA00;border-radius:.5rem;background-color:#FFFA00;cursor:pointer;font-size:1.6rem;line-height:1}@media (min-width: 1380px){.wp-block-button__link{padding:1.8rem 3.8rem;font-size:1.8rem;line-height:1}}.wp-block-button:not(.is-style-link-only):not(.is-style-outline):not(.is-style-fill-secondary) .wp-block-button__link{position:relative}.wp-block-button:not(.is-style-link-only):not(.is-style-outline):not(.is-style-fill-secondary) .wp-block-button__link:hover,.wp-block-button:not(.is-style-link-only):not(.is-style-outline):not(.is-style-fill-secondary) .wp-block-button__link:focus{color:#fff;border-color:#00597E;background-color:#00597E}.wp-block-button .wp-block-button__link{transition:.2s}.is-style-fill-secondary .wp-block-button__link{color:#fff;border-color:#00597E;background-color:#00597E}.is-style-fill-secondary .wp-block-button__link:hover,.is-style-fill-secondary .wp-block-button__link:focus{color:#2B2E34;border-color:#FFFA00;background-color:#FFFA00}.is-style-outline .wp-block-button__link{padding:1.8rem 1.8rem !important;color:#00597E !important;border-color:#00597E;background-color:transparent}@media (min-width: 1380px){.is-style-outline .wp-block-button__link{padding:1.8rem 3.8rem !important}}.is-style-outline .wp-block-button__link:hover,.is-style-outline .wp-block-button__link:focus{color:#fff !important;border-color:#00597E !important;background-color:#00597E !important}.is-style-link-only .wp-block-button__link{min-width:0;padding:0;padding-right:2rem;position:relative;font-weight:600;color:#00597E;letter-spacing:0;text-transform:none;border:none;background-color:transparent;transition:color .2s,text-decoration-color .2s;font-size:1.8rem;line-height:1}.is-style-link-only .wp-block-button__link::after{content:'';display:inline-block;width:8px;height:13px;position:absolute;top:50%;right:0;transform:translate(0, -50%);background-image:url(\"https:\/\/www.binder-optik.de\/wp-content\/themes\/ATLAS\/images\/svg\/button_arrow-right_secondary.svg\");background-repeat:no-repeat;background-size:contain;transition:right 0.2s}.is-style-link-only .wp-block-button__link:hover::after,.is-style-link-only .wp-block-button__link:focus::after{right:-5px}\n<\/style>\n<div class=\"wp-block-button is-style-fill-secondary\"><a class=\"wp-block-button__link wp-element-button\" href=\"https:\/\/www.binder-optik.de\/tr\/buelten-kaydi\/\">Kay\u0131t i\u00e7in<\/a><\/div>\n<\/div>\n<\/div>\n\n\n\n<div class=\"wp-block-column is-vertically-aligned-center is-layout-flow wp-block-column-is-layout-flow\" style=\"flex-basis:33.33%\">\n<figure class=\"wp-block-image size-full\"><img loading=\"lazy\" decoding=\"async\" width=\"902\" height=\"625\" src=\"https:\/\/www.binder-optik.de\/wp-content\/uploads\/2025\/05\/2023_10_05-Newsletter-Anmeldung_433x300-1_EN.jpg\" alt=\"Binder Optik\" class=\"wp-image-19189\" title=\"\" srcset=\"https:\/\/www.binder-optik.de\/wp-content\/uploads\/2025\/05\/2023_10_05-Newsletter-Anmeldung_433x300-1_EN.jpg 902w, https:\/\/www.binder-optik.de\/wp-content\/uploads\/2025\/05\/2023_10_05-Newsletter-Anmeldung_433x300-1_EN-300x208.jpg 300w, https:\/\/www.binder-optik.de\/wp-content\/uploads\/2025\/05\/2023_10_05-Newsletter-Anmeldung_433x300-1_EN-768x532.jpg 768w, https:\/\/www.binder-optik.de\/wp-content\/uploads\/2025\/05\/2023_10_05-Newsletter-Anmeldung_433x300-1_EN-524x363.jpg 524w\" sizes=\"auto, (max-width: 902px) 100vw, 902px\" \/><\/figure>\n<\/div>\n<\/div>\n<\/div><\/div><\/section>\n<\/div><\/div><\/section>\n","protected":false},"excerpt":{"rendered":"","protected":false},"author":16,"featured_media":17256,"comment_status":"closed","ping_status":"closed","sticky":false,"template":"","format":"standard","meta":{"_acf_changed":false,"footnotes":""},"categories":[285],"tags":[297,301],"class_list":["post-17858","post","type-post","status-publish","format-standard","has-post-thumbnail","hentry","category-etkinlikler","tag-ciraklar","tag-kariyer"],"acf":[],"publishpress_future_action":{"enabled":false,"date":"2026-05-06 01:07:18","action":"change-status","newStatus":"draft","terms":[],"taxonomy":"category","extraData":[]},"publishpress_future_workflow_manual_trigger":{"enabledWorkflows":[]},"_links":{"self":[{"href":"https:\/\/www.binder-optik.de\/tr\/wp-json\/wp\/v2\/posts\/17858","targetHints":{"allow":["GET"]}}],"collection":[{"href":"https:\/\/www.binder-optik.de\/tr\/wp-json\/wp\/v2\/posts"}],"about":[{"href":"https:\/\/www.binder-optik.de\/tr\/wp-json\/wp\/v2\/types\/post"}],"author":[{"embeddable":true,"href":"https:\/\/www.binder-optik.de\/tr\/wp-json\/wp\/v2\/users\/16"}],"replies":[{"embeddable":true,"href":"https:\/\/www.binder-optik.de\/tr\/wp-json\/wp\/v2\/comments?post=17858"}],"version-history":[{"count":1,"href":"https:\/\/www.binder-optik.de\/tr\/wp-json\/wp\/v2\/posts\/17858\/revisions"}],"predecessor-version":[{"id":17860,"href":"https:\/\/www.binder-optik.de\/tr\/wp-json\/wp\/v2\/posts\/17858\/revisions\/17860"}],"wp:featuredmedia":[{"embeddable":true,"href":"https:\/\/www.binder-optik.de\/tr\/wp-json\/wp\/v2\/media\/17256"}],"wp:attachment":[{"href":"https:\/\/www.binder-optik.de\/tr\/wp-json\/wp\/v2\/media?parent=17858"}],"wp:term":[{"taxonomy":"category","embeddable":true,"href":"https:\/\/www.binder-optik.de\/tr\/wp-json\/wp\/v2\/categories?post=17858"},{"taxonomy":"post_tag","embeddable":true,"href":"https:\/\/www.binder-optik.de\/tr\/wp-json\/wp\/v2\/tags?post=17858"}],"curies":[{"name":"wp","href":"https:\/\/api.w.org\/{rel}","templated":true}]}}