{"id":17850,"date":"2024-10-24T10:41:00","date_gmt":"2024-10-24T08:41:00","guid":{"rendered":"https:\/\/www.binder-optik.de\/modernizasyon-sonrasi-yeni-acilis-breuningerlanddaki-sindelfingende-bulunan-binder-optik-uzman-magazasi\/"},"modified":"2025-04-15T14:46:03","modified_gmt":"2025-04-15T12:46:03","slug":"modernizasyon-sonrasi-yeni-acilis-breuningerlanddaki-sindelfingende-bulunan-binder-optik-uzman-magazasi","status":"publish","type":"post","link":"https:\/\/www.binder-optik.de\/tr\/modernizasyon-sonrasi-yeni-acilis-breuningerlanddaki-sindelfingende-bulunan-binder-optik-uzman-magazasi\/","title":{"rendered":"Modernizasyon sonras\u0131 yeni a\u00e7\u0131l\u0131\u015f: Breuningerland&#8217;daki Sindelfingen&#8217;de bulunan Binder Optik uzman ma\u011fazas\u0131."},"content":{"rendered":"\n<section class=\"wp-block-custom-container alignwide block-content  block-content--spacing-top block-content--margin-top\"><style>.block-content{position:relative}.block-content--spacing-top{padding-top:2rem}@media (min-width: 992px){.block-content--spacing-top{padding-top:4rem}}.block-content--spacing-bottom{padding-bottom:2rem}@media (min-width: 992px){.block-content--spacing-bottom{padding-bottom:4rem}}.block-content--margin-top{margin-top:2rem}@media (min-width: 992px){.block-content--margin-top{margin-top:4rem}}.block-content--margin-bottom{margin-bottom:2rem}@media (min-width: 992px){.block-content--margin-bottom{margin-bottom:4rem}}.block-content.z-index{position:relative;z-index:2}.block-content .container{position:relative;z-index:1}.block-content .container--full{padding:0}.block-content .container .container{padding:2rem}@media (min-width: 992px){.block-content .container .container{padding:4rem}}.block-content .container-overlay{position:absolute;z-index:0;top:0;right:0;bottom:0;left:0}.block-content.career-container{margin-top:-8rem;z-index:2;pointer-events:none}.block-content.career-container .block-content{pointer-events:all;-webkit-box-shadow:0px 0px 15px 5px rgba(0,0,0,0.1);box-shadow:0px 0px 15px 5px rgba(0,0,0,0.1)}.block-content.career-container .wp-block-custom-column{margin-bottom:0}\n<\/style><div class=\"container container--wide\"><div class=\"container__body\">\n<p class=\"is-style-subheading\">24 EKIM 2024<\/p>\n\n\n\n<h1 class=\"wp-block-heading\">Modernizasyon sonras\u0131 yeni a\u00e7\u0131l\u0131\u015f: Breuningerland&#8217;daki Sindelfingen&#8217;de bulunan Binder Optik uzman ma\u011fazas\u0131.<\/h1>\n\n\n\n<div class=\"wp-block-custom-spacing spacing-element spacing-mobile--small spacing-tablet--small spacing-small-desktop--small spacing-desktop--small\"><\/div>\n<\/div><\/div><\/section>\n\n<section class=\"wp-block-custom-container alignwide block-content\"><div class=\"container container--wide\"><div class=\"container__body\">\n<div class=\"wp-block-custom-columns columns-row row\"><style>.columns-row--spacing-top{padding-top:2rem}@media (min-width: 992px){.columns-row--spacing-top{padding-top:4rem}}.columns-row--spacing-bottom{padding-bottom:2rem}@media (min-width: 992px){.columns-row--spacing-bottom{padding-bottom:4rem}}.columns-row--margin-top{margin-top:2rem}@media (min-width: 992px){.columns-row--margin-top{margin-top:4rem}}.columns-row--margin-bottom{margin-bottom:2rem}@media (min-width: 992px){.columns-row--margin-bottom{margin-bottom:4rem}}\n<\/style>\n<div class=\"wp-block-custom-column col col-6\">\n<p>1980 y\u0131l\u0131nda Binder Optik, \u015firket tarihindeki ilk ma\u011fazay\u0131 bir al\u0131\u015fveri\u015f merkezinde a\u00e7t\u0131: Breuningerland&#8217;daki Sindelfingen&#8217;deki uzman ma\u011faza. Burada ge\u00e7irilen 24 y\u0131l, kapsaml\u0131 modernizasyon \u00f6nlemlerini gerekli k\u0131ld\u0131. Yedi hafta s\u00fcren yenileme \u00e7al\u0131\u015fmalar\u0131n\u0131n ard\u0131ndan 24 Ekim&#8217;de b\u00fcy\u00fck a\u00e7\u0131l\u0131\u015f kutland\u0131. Heidelberg, Pforzheim ve Breuningerland Ludwigsburg&#8217;un yan\u0131 s\u0131ra bu ma\u011faza da yeni bir g\u00f6r\u00fcn\u00fcme kavu\u015ftu ve kurumsal tasar\u0131m do\u011frultusunda s\u00fcrekli olarak daha da geli\u015ftirildi\u011fini vurgulad\u0131.     <\/p>\n\n\n\n<p>Yakla\u015f\u0131k 100 metrekarelik alan, dan\u0131\u015fmanl\u0131k ve sat\u0131\u015f i\u00e7in c\u00f6mert\u00e7e boyutland\u0131r\u0131lm\u0131\u015f alanlarla ayd\u0131nl\u0131k, samimi ve modern bir g\u00f6r\u00fcn\u00fcmde sunulmaktad\u0131r. Rahat oturma adalar\u0131 g\u00f6r\u00fcn\u00fcm\u00fc gev\u015fetir ve sizi oyalanmaya davet eder. S\u0131cak ah\u015fap, tamamen d\u00f6\u015fenmi\u015f hal\u0131 ve se\u00e7ici ayd\u0131nlatma kombinasyonu davetkar bir atmosfer yaratmakta ve marka \u00e7e\u015fitlili\u011fi, dan\u0131\u015fmanl\u0131k ve hizmet a\u00e7\u0131s\u0131ndan y\u00fcksek kalite standartlar\u0131n\u0131 vurgulamaktad\u0131r.    <\/p>\n<\/div>\n\n\n\n<div class=\"wp-block-custom-column col col-6\"><style>.wp-block-image.alignright{margin:0 !important}.wp-block-image.alignleft{float:none !important}.wp-block-image .wp-element-caption{text-align:left}\n<\/style>\n<figure class=\"wp-block-image size-large\"><img loading=\"lazy\" decoding=\"async\" width=\"1024\" height=\"682\" src=\"https:\/\/www.binder-optik.de\/wp-content\/uploads\/2024\/11\/DSC03374_0189-1024x682.jpg\" alt=\"Binder Optik\" class=\"wp-image-12815\" title=\"\" srcset=\"https:\/\/www.binder-optik.de\/wp-content\/uploads\/2024\/11\/DSC03374_0189-1024x682.jpg 1024w, https:\/\/www.binder-optik.de\/wp-content\/uploads\/2024\/11\/DSC03374_0189-300x200.jpg 300w, https:\/\/www.binder-optik.de\/wp-content\/uploads\/2024\/11\/DSC03374_0189-768x512.jpg 768w, https:\/\/www.binder-optik.de\/wp-content\/uploads\/2024\/11\/DSC03374_0189-1536x1024.jpg 1536w, https:\/\/www.binder-optik.de\/wp-content\/uploads\/2024\/11\/DSC03374_0189-2048x1365.jpg 2048w, https:\/\/www.binder-optik.de\/wp-content\/uploads\/2024\/11\/DSC03374_0189-524x349.jpg 524w\" sizes=\"auto, (max-width: 1024px) 100vw, 1024px\" \/><\/figure>\n<\/div>\n<\/div>\n\n\n\n<p>\u00dcr\u00fcn yelpazesinde Gucci, Prada, Chanel, Dolce &amp; Gabbana, Tom Ford, Silhouette ve di\u011ferleri gibi tan\u0131nm\u0131\u015f \u00fcreticilerin marka ve \u00f6zel marka \u00e7er\u00e7evelerinden olu\u015fan geni\u015f bir se\u00e7ki yer al\u0131yor. Ayn\u0131 zamanda, m\u00fc\u015fteriler tamamen modernize edilmi\u015f ma\u011fazada \u00f6zel bir promosyonu d\u00f6rt g\u00f6zle bekleyebilirler: Binder Optik, ZEISS ve Hoya markalar\u0131n\u0131n se\u00e7kin premium lenslerinde y\u00fczde 50 indirim sunuyor. <\/p>\n\n\n\n<p>Sindelfingen&#8217;de yeni: &#8220;son teknoloji&#8221; OptikamPad merkezleme sisteminin kullan\u0131m\u0131. Son teknoloji 3D refraksiyon, \u00fccretsiz g\u00f6rme ve ehliyet g\u00f6rme testleri, \u00e7ocuklar i\u00e7in miyop y\u00f6netimi, prizma \u00f6l\u00e7\u00fcmleri ve \u00e7ok daha fazlas\u0131 yerinde hizmeti tamaml\u0131yor. M\u00fc\u015fteriler ayr\u0131ca \u00fccretsiz kontakt lens denemeleri, memnuniyet garantisi ve varifokaller i\u00e7in uyumluluk garantisi gibi ola\u011fan Binder Optik avantajlar\u0131ndan da yararlanmaktad\u0131r.  <\/p>\n\n\n\n<p>Ma\u011faza m\u00fcd\u00fcr\u00fc Nicholas Deschler&#8217;in liderli\u011findeki ekip, makyajdan \u00e7ok memnun. Nicholas Deschler \u00e7ok memnun: &#8220;Art\u0131k \u00fcr\u00fcn yelpazemizi daha da etkileyici bir \u015fekilde sunabiliyoruz. Odalardaki ho\u015f atmosfer m\u00fc\u015fterilerimize de yans\u0131yor. A\u00e7\u0131l\u0131\u015f g\u00fcn\u00fcnden itibaren ald\u0131\u011f\u0131m\u0131z \u00e7ok say\u0131da olumlu tepki de bunu g\u00f6steriyor.&#8221; <\/p>\n<\/div><\/div><\/section>\n\n<section class=\"wp-block-custom-container alignwide block-content  block-content--spacing-top block-content--spacing-bottom\"><div class=\"container container--wide\"><div class=\"container__body\">\n<section class=\"wp-block-custom-container alignwide block-content  has-gelb-background-color\" style=\"background-color:#FFFF00\"><div class=\"container container--wide\"><div class=\"container__body\"><style>.wp-block-columns.are-vertically-aligned-center{gap:1em;margin-bottom:.5rem}@media (min-width: 992px){.wp-block-columns.are-vertically-aligned-center{margin-bottom:1rem}}.wp-block-columns.are-vertically-aligned-center :last-child{margin-bottom:0}.wp-block-columns.are-vertically-aligned-center figure{margin-bottom:0}.wp-block-columns.no-margin{margin-bottom:0 !important}@media (max-width: 991px){.wp-block-columns.hide-mobile{display:none}}:where(.wp-block-columns.is-layout-flex){gap:1em}\n<\/style>\n<div class=\"wp-block-columns are-vertically-aligned-center is-layout-flex wp-container-core-columns-is-layout-1 wp-block-columns-is-layout-flex\">\n<div class=\"wp-block-column is-vertically-aligned-center is-layout-flow wp-block-column-is-layout-flow\" style=\"flex-basis:66.66%\">\n<h2 class=\"wp-block-heading\"><strong>B\u00fclten kayd\u0131<\/strong><\/h2>\n\n\n\n<p>Haber b\u00fcltenine \u015fimdi abone olun ve 20 Euro de\u011ferinde Binder Optik al\u0131\u015fveri\u015f \u00e7eki kazan\u0131n.<\/p>\n\n\n\n<div class=\"wp-block-buttons is-layout-flex wp-block-buttons-is-layout-flex\"><style>.wp-block-button{margin:0 0 3rem}.wp-block-button:last-child,.wp-block-button:only-child{margin-bottom:0}.wp-block-button.align-center{text-align:center}.wp-block-button.align-right{text-align:right}.wp-block-columns+.wp-block-button{margin-top:6.3rem}.wp-block-button__link{display:inline-block;padding:1.8rem 1.8rem;font-weight:600;text-align:center;text-decoration:none;color:#2B2E34;border:2px solid #FFFA00;border-radius:.5rem;background-color:#FFFA00;cursor:pointer;font-size:1.6rem;line-height:1}@media (min-width: 1380px){.wp-block-button__link{padding:1.8rem 3.8rem;font-size:1.8rem;line-height:1}}.wp-block-button:not(.is-style-link-only):not(.is-style-outline):not(.is-style-fill-secondary) .wp-block-button__link{position:relative}.wp-block-button:not(.is-style-link-only):not(.is-style-outline):not(.is-style-fill-secondary) .wp-block-button__link:hover,.wp-block-button:not(.is-style-link-only):not(.is-style-outline):not(.is-style-fill-secondary) .wp-block-button__link:focus{color:#fff;border-color:#00597E;background-color:#00597E}.wp-block-button .wp-block-button__link{transition:.2s}.is-style-fill-secondary .wp-block-button__link{color:#fff;border-color:#00597E;background-color:#00597E}.is-style-fill-secondary .wp-block-button__link:hover,.is-style-fill-secondary .wp-block-button__link:focus{color:#2B2E34;border-color:#FFFA00;background-color:#FFFA00}.is-style-outline .wp-block-button__link{padding:1.8rem 1.8rem !important;color:#00597E !important;border-color:#00597E;background-color:transparent}@media (min-width: 1380px){.is-style-outline .wp-block-button__link{padding:1.8rem 3.8rem !important}}.is-style-outline .wp-block-button__link:hover,.is-style-outline .wp-block-button__link:focus{color:#fff !important;border-color:#00597E !important;background-color:#00597E !important}.is-style-link-only .wp-block-button__link{min-width:0;padding:0;padding-right:2rem;position:relative;font-weight:600;color:#00597E;letter-spacing:0;text-transform:none;border:none;background-color:transparent;transition:color .2s,text-decoration-color .2s;font-size:1.8rem;line-height:1}.is-style-link-only .wp-block-button__link::after{content:'';display:inline-block;width:8px;height:13px;position:absolute;top:50%;right:0;transform:translate(0, -50%);background-image:url(\"https:\/\/www.binder-optik.de\/wp-content\/themes\/ATLAS\/images\/svg\/button_arrow-right_secondary.svg\");background-repeat:no-repeat;background-size:contain;transition:right 0.2s}.is-style-link-only .wp-block-button__link:hover::after,.is-style-link-only .wp-block-button__link:focus::after{right:-5px}\n<\/style>\n<div class=\"wp-block-button is-style-fill-secondary\"><a class=\"wp-block-button__link wp-element-button\" href=\"https:\/\/www.binder-optik.de\/tr\/buelten-kaydi\/\">Kay\u0131t i\u00e7in<\/a><\/div>\n<\/div>\n<\/div>\n\n\n\n<div class=\"wp-block-column is-vertically-aligned-center is-layout-flow wp-block-column-is-layout-flow\" style=\"flex-basis:33.33%\">\n<figure class=\"wp-block-image size-full\"><img loading=\"lazy\" decoding=\"async\" width=\"902\" height=\"625\" src=\"https:\/\/www.binder-optik.de\/wp-content\/uploads\/2025\/05\/2023_10_05-Newsletter-Anmeldung_433x300-1_EN.jpg\" alt=\"Binder Optik\" class=\"wp-image-19189\" title=\"\" srcset=\"https:\/\/www.binder-optik.de\/wp-content\/uploads\/2025\/05\/2023_10_05-Newsletter-Anmeldung_433x300-1_EN.jpg 902w, https:\/\/www.binder-optik.de\/wp-content\/uploads\/2025\/05\/2023_10_05-Newsletter-Anmeldung_433x300-1_EN-300x208.jpg 300w, https:\/\/www.binder-optik.de\/wp-content\/uploads\/2025\/05\/2023_10_05-Newsletter-Anmeldung_433x300-1_EN-768x532.jpg 768w, https:\/\/www.binder-optik.de\/wp-content\/uploads\/2025\/05\/2023_10_05-Newsletter-Anmeldung_433x300-1_EN-524x363.jpg 524w\" sizes=\"auto, (max-width: 902px) 100vw, 902px\" \/><\/figure>\n<\/div>\n<\/div>\n<\/div><\/div><\/section>\n<\/div><\/div><\/section>\n","protected":false},"excerpt":{"rendered":"","protected":false},"author":15,"featured_media":17210,"comment_status":"closed","ping_status":"open","sticky":false,"template":"","format":"standard","meta":{"_acf_changed":false,"footnotes":""},"categories":[283],"tags":[],"class_list":["post-17850","post","type-post","status-publish","format-standard","has-post-thumbnail","hentry","category-oedueller-ve-onurlar"],"acf":[],"publishpress_future_action":{"enabled":false,"date":"2026-05-08 12:24:50","action":"change-status","newStatus":"draft","terms":[],"taxonomy":"category","extraData":[]},"publishpress_future_workflow_manual_trigger":{"enabledWorkflows":[]},"_links":{"self":[{"href":"https:\/\/www.binder-optik.de\/tr\/wp-json\/wp\/v2\/posts\/17850","targetHints":{"allow":["GET"]}}],"collection":[{"href":"https:\/\/www.binder-optik.de\/tr\/wp-json\/wp\/v2\/posts"}],"about":[{"href":"https:\/\/www.binder-optik.de\/tr\/wp-json\/wp\/v2\/types\/post"}],"author":[{"embeddable":true,"href":"https:\/\/www.binder-optik.de\/tr\/wp-json\/wp\/v2\/users\/15"}],"replies":[{"embeddable":true,"href":"https:\/\/www.binder-optik.de\/tr\/wp-json\/wp\/v2\/comments?post=17850"}],"version-history":[{"count":1,"href":"https:\/\/www.binder-optik.de\/tr\/wp-json\/wp\/v2\/posts\/17850\/revisions"}],"predecessor-version":[{"id":17857,"href":"https:\/\/www.binder-optik.de\/tr\/wp-json\/wp\/v2\/posts\/17850\/revisions\/17857"}],"wp:featuredmedia":[{"embeddable":true,"href":"https:\/\/www.binder-optik.de\/tr\/wp-json\/wp\/v2\/media\/17210"}],"wp:attachment":[{"href":"https:\/\/www.binder-optik.de\/tr\/wp-json\/wp\/v2\/media?parent=17850"}],"wp:term":[{"taxonomy":"category","embeddable":true,"href":"https:\/\/www.binder-optik.de\/tr\/wp-json\/wp\/v2\/categories?post=17850"},{"taxonomy":"post_tag","embeddable":true,"href":"https:\/\/www.binder-optik.de\/tr\/wp-json\/wp\/v2\/tags?post=17850"}],"curies":[{"name":"wp","href":"https:\/\/api.w.org\/{rel}","templated":true}]}}