{"id":17849,"date":"2023-08-23T13:04:34","date_gmt":"2023-08-23T11:04:34","guid":{"rendered":"https:\/\/www.binder-optik.de\/clarissa-schwarzi-uestuen-performansindan-dolayi-tebrik-ederiz\/"},"modified":"2025-04-15T14:46:03","modified_gmt":"2025-04-15T12:46:03","slug":"clarissa-schwarzi-uestuen-performansindan-dolayi-tebrik-ederiz","status":"publish","type":"post","link":"https:\/\/www.binder-optik.de\/tr\/clarissa-schwarzi-uestuen-performansindan-dolayi-tebrik-ederiz\/","title":{"rendered":"Clarissa Schwarz&#8217;\u0131 \u00fcst\u00fcn performans\u0131ndan dolay\u0131 tebrik ederiz!"},"content":{"rendered":"\n<section class=\"wp-block-custom-container alignwide block-content  block-content--spacing-top block-content--margin-top\"><style>.block-content{position:relative}.block-content--spacing-top{padding-top:2rem}@media (min-width: 992px){.block-content--spacing-top{padding-top:4rem}}.block-content--spacing-bottom{padding-bottom:2rem}@media (min-width: 992px){.block-content--spacing-bottom{padding-bottom:4rem}}.block-content--margin-top{margin-top:2rem}@media (min-width: 992px){.block-content--margin-top{margin-top:4rem}}.block-content--margin-bottom{margin-bottom:2rem}@media (min-width: 992px){.block-content--margin-bottom{margin-bottom:4rem}}.block-content.z-index{position:relative;z-index:2}.block-content .container{position:relative;z-index:1}.block-content .container--full{padding:0}.block-content .container .container{padding:2rem}@media (min-width: 992px){.block-content .container .container{padding:4rem}}.block-content .container-overlay{position:absolute;z-index:0;top:0;right:0;bottom:0;left:0}.block-content.career-container{margin-top:-8rem;z-index:2;pointer-events:none}.block-content.career-container .block-content{pointer-events:all;-webkit-box-shadow:0px 0px 15px 5px rgba(0,0,0,0.1);box-shadow:0px 0px 15px 5px rgba(0,0,0,0.1)}.block-content.career-container .wp-block-custom-column{margin-bottom:0}\n<\/style><div class=\"container container--wide\"><div class=\"container__body\">\n<p class=\"is-style-subheading\">23 A\u011fustos 2023<\/p>\n\n\n\n<h1 class=\"wp-block-heading\">Clarissa Schwarz&#8217;\u0131 \u00fcst\u00fcn performans\u0131ndan dolay\u0131 tebrik ederiz!<\/h1>\n\n\n\n<div class=\"wp-block-custom-spacing spacing-element spacing-mobile--small spacing-tablet--small spacing-small-desktop--small spacing-desktop--small\"><\/div>\n<\/div><\/div><\/section>\n\n<section class=\"wp-block-custom-container alignwide block-content\"><div class=\"container container--wide\"><div class=\"container__body\">\n<div class=\"wp-block-custom-columns columns-row row\"><style>.columns-row--spacing-top{padding-top:2rem}@media (min-width: 992px){.columns-row--spacing-top{padding-top:4rem}}.columns-row--spacing-bottom{padding-bottom:2rem}@media (min-width: 992px){.columns-row--spacing-bottom{padding-bottom:4rem}}.columns-row--margin-top{margin-top:2rem}@media (min-width: 992px){.columns-row--margin-top{margin-top:4rem}}.columns-row--margin-bottom{margin-bottom:2rem}@media (min-width: 992px){.columns-row--margin-bottom{margin-bottom:4rem}}\n<\/style>\n<div class=\"wp-block-custom-column col col-6\">\n<p><a href=\"https:\/\/www.zvw.de\/lokales\/waiblingen\/optiker-azubi-aus-waiblingen-legt-beste-praxis-pr%C3%BCfung-in-baden-w%C3%BCrttemberg-hin_arid-694591\" target=\"_blank\" rel=\"noreferrer noopener\">&#8220;Waiblingen&#8217;den en iyi kalfa kad\u0131n optisyen&#8221; \u00f6d\u00fcl\u00fc<\/a>, azim ve \u00f6zverinin ola\u011fan\u00fcst\u00fc sonu\u00e7lara yol a\u00e7abilece\u011finin ilham verici bir hat\u0131rlat\u0131c\u0131s\u0131d\u0131r. Clarissa Schwarz, bu y\u0131lki kalfa optisyenlik s\u0131nav\u0131nda t\u00fcm Baden-W\u00fcrttemberg&#8217;deki en iyi pratik sonucu elde etti ve bu da takdirimizi hak ediyor. <\/p>\n\n\n\n<p>Onun hikayesi, bazen hayal edilen i\u015fin en ba\u015f\u0131ndan belli olmad\u0131\u011f\u0131n\u0131, ancak pratik deneyimle bulunabilece\u011fini g\u00f6steriyor. M\u00fc\u015fterilerle ileti\u015fim kurmaktan ald\u0131\u011f\u0131 keyif ve bilime olan tutkusu onu bu etkileyici ba\u015far\u0131ya g\u00f6t\u00fcrd\u00fc. <\/p>\n\n\n\n<p>&#8220;Alman Vas\u0131fl\u0131 El Sanatlar\u0131 \u015eampiyonas\u0131 &#8220;na kat\u0131lmaya hak kazanmak, Clarissa Schwarz&#8217;\u0131n ola\u011fan\u00fcst\u00fc yeteneklerinin bir ba\u015fka kilometre ta\u015f\u0131 ve kan\u0131t\u0131d\u0131r. Vas\u0131fl\u0131 zanaatlarda profesyonel \u00e7al\u0131\u015fman\u0131n itibar\u0131n\u0131 g\u00fc\u00e7lendirmeye y\u00f6nelik fikirleri \u00f6vg\u00fcye de\u011ferdir ve sekt\u00f6r\u00fcn gelece\u011fi i\u00e7in \u00f6nemli bir itici g\u00fc\u00e7t\u00fcr. <\/p>\n<\/div>\n\n\n\n<div class=\"wp-block-custom-column col col-6\"><style>.wp-block-image.alignright{margin:0 !important}.wp-block-image.alignleft{float:none !important}.wp-block-image .wp-element-caption{text-align:left}\n<\/style>\n<figure class=\"wp-block-image size-full\"><img loading=\"lazy\" decoding=\"async\" width=\"1024\" height=\"769\" src=\"https:\/\/www.binder-optik.de\/wp-content\/uploads\/2023\/08\/Clarissa-Schwarz-2048x1537-2-1024x769-1.jpg\" alt=\"Binder Optik\" class=\"wp-image-2577\" title=\"\" srcset=\"https:\/\/www.binder-optik.de\/wp-content\/uploads\/2023\/08\/Clarissa-Schwarz-2048x1537-2-1024x769-1.jpg 1024w, https:\/\/www.binder-optik.de\/wp-content\/uploads\/2023\/08\/Clarissa-Schwarz-2048x1537-2-1024x769-1-906x680.jpg 906w, https:\/\/www.binder-optik.de\/wp-content\/uploads\/2023\/08\/Clarissa-Schwarz-2048x1537-2-1024x769-1-300x225.jpg 300w, https:\/\/www.binder-optik.de\/wp-content\/uploads\/2023\/08\/Clarissa-Schwarz-2048x1537-2-1024x769-1-768x577.jpg 768w, https:\/\/www.binder-optik.de\/wp-content\/uploads\/2023\/08\/Clarissa-Schwarz-2048x1537-2-1024x769-1-524x394.jpg 524w\" sizes=\"auto, (max-width: 1024px) 100vw, 1024px\" \/><figcaption class=\"wp-element-caption\">Clarissa Schwarz<\/figcaption><\/figure>\n<\/div>\n<\/div>\n\n\n\n<p>Herkes bu ba\u015far\u0131 \u00f6yk\u00fcs\u00fcnden bir \u015feyler \u00f6\u011frenebilir. B\u00f6ylesine ola\u011fan\u00fcst\u00fc ba\u015far\u0131lar, demir disiplin ve dizginlenemeyen tutku sayesinde m\u00fcmk\u00fcnd\u00fcr. Clarissa Schwarz&#8217;a en iyi dileklerimizi sunuyor ve ba\u015far\u0131lar\u0131n\u0131n devam\u0131n\u0131 diliyoruz. Performans g\u00f6sterme konusundaki isteklili\u011fi, yetene\u011finin ve kararl\u0131l\u0131\u011f\u0131n\u0131n kan\u0131t\u0131d\u0131r. Kariyerindeki bir sonraki ad\u0131m\u0131 da ba\u015far\u0131yla tamamlayarak usta bir optisyen olacakt\u0131r.      <\/p>\n<\/div><\/div><\/section>\n\n<section class=\"wp-block-custom-container alignwide block-content  block-content--spacing-top block-content--spacing-bottom\"><div class=\"container container--wide\"><div class=\"container__body\">\n<section class=\"wp-block-custom-container alignwide block-content  has-gelb-background-color\" style=\"background-color:#FFFF00\"><div class=\"container container--wide\"><div class=\"container__body\"><style>.wp-block-columns.are-vertically-aligned-center{gap:1em;margin-bottom:.5rem}@media (min-width: 992px){.wp-block-columns.are-vertically-aligned-center{margin-bottom:1rem}}.wp-block-columns.are-vertically-aligned-center :last-child{margin-bottom:0}.wp-block-columns.are-vertically-aligned-center figure{margin-bottom:0}.wp-block-columns.no-margin{margin-bottom:0 !important}@media (max-width: 991px){.wp-block-columns.hide-mobile{display:none}}:where(.wp-block-columns.is-layout-flex){gap:1em}\n<\/style>\n<div class=\"wp-block-columns are-vertically-aligned-center is-layout-flex wp-container-core-columns-is-layout-1 wp-block-columns-is-layout-flex\">\n<div class=\"wp-block-column is-vertically-aligned-center is-layout-flow wp-block-column-is-layout-flow\" style=\"flex-basis:66.66%\">\n<h2 class=\"wp-block-heading\"><strong>B\u00fclten kayd\u0131<\/strong><\/h2>\n\n\n\n<p>Haber b\u00fcltenine \u015fimdi abone olun ve 20 Euro de\u011ferinde Binder Optik al\u0131\u015fveri\u015f \u00e7eki kazan\u0131n.<\/p>\n\n\n\n<div class=\"wp-block-buttons is-layout-flex wp-block-buttons-is-layout-flex\"><style>.wp-block-button{margin:0 0 3rem}.wp-block-button:last-child,.wp-block-button:only-child{margin-bottom:0}.wp-block-button.align-center{text-align:center}.wp-block-button.align-right{text-align:right}.wp-block-columns+.wp-block-button{margin-top:6.3rem}.wp-block-button__link{display:inline-block;padding:1.8rem 1.8rem;font-weight:600;text-align:center;text-decoration:none;color:#2B2E34;border:2px solid #FFFA00;border-radius:.5rem;background-color:#FFFA00;cursor:pointer;font-size:1.6rem;line-height:1}@media (min-width: 1380px){.wp-block-button__link{padding:1.8rem 3.8rem;font-size:1.8rem;line-height:1}}.wp-block-button:not(.is-style-link-only):not(.is-style-outline):not(.is-style-fill-secondary) .wp-block-button__link{position:relative}.wp-block-button:not(.is-style-link-only):not(.is-style-outline):not(.is-style-fill-secondary) .wp-block-button__link:hover,.wp-block-button:not(.is-style-link-only):not(.is-style-outline):not(.is-style-fill-secondary) .wp-block-button__link:focus{color:#fff;border-color:#00597E;background-color:#00597E}.wp-block-button .wp-block-button__link{transition:.2s}.is-style-fill-secondary .wp-block-button__link{color:#fff;border-color:#00597E;background-color:#00597E}.is-style-fill-secondary .wp-block-button__link:hover,.is-style-fill-secondary .wp-block-button__link:focus{color:#2B2E34;border-color:#FFFA00;background-color:#FFFA00}.is-style-outline .wp-block-button__link{padding:1.8rem 1.8rem !important;color:#00597E !important;border-color:#00597E;background-color:transparent}@media (min-width: 1380px){.is-style-outline .wp-block-button__link{padding:1.8rem 3.8rem !important}}.is-style-outline .wp-block-button__link:hover,.is-style-outline .wp-block-button__link:focus{color:#fff !important;border-color:#00597E !important;background-color:#00597E !important}.is-style-link-only .wp-block-button__link{min-width:0;padding:0;padding-right:2rem;position:relative;font-weight:600;color:#00597E;letter-spacing:0;text-transform:none;border:none;background-color:transparent;transition:color .2s,text-decoration-color .2s;font-size:1.8rem;line-height:1}.is-style-link-only .wp-block-button__link::after{content:'';display:inline-block;width:8px;height:13px;position:absolute;top:50%;right:0;transform:translate(0, -50%);background-image:url(\"https:\/\/www.binder-optik.de\/wp-content\/themes\/ATLAS\/images\/svg\/button_arrow-right_secondary.svg\");background-repeat:no-repeat;background-size:contain;transition:right 0.2s}.is-style-link-only .wp-block-button__link:hover::after,.is-style-link-only .wp-block-button__link:focus::after{right:-5px}\n<\/style>\n<div class=\"wp-block-button is-style-fill-secondary\"><a class=\"wp-block-button__link wp-element-button\" href=\"https:\/\/www.binder-optik.de\/tr\/buelten-kaydi\/\">Kay\u0131t i\u00e7in<\/a><\/div>\n<\/div>\n<\/div>\n\n\n\n<div class=\"wp-block-column is-vertically-aligned-center is-layout-flow wp-block-column-is-layout-flow\" style=\"flex-basis:33.33%\">\n<figure class=\"wp-block-image size-full\"><img loading=\"lazy\" decoding=\"async\" width=\"902\" height=\"625\" src=\"https:\/\/www.binder-optik.de\/wp-content\/uploads\/2025\/05\/2023_10_05-Newsletter-Anmeldung_433x300-1_EN.jpg\" alt=\"Binder Optik\" class=\"wp-image-19189\" title=\"\" srcset=\"https:\/\/www.binder-optik.de\/wp-content\/uploads\/2025\/05\/2023_10_05-Newsletter-Anmeldung_433x300-1_EN.jpg 902w, https:\/\/www.binder-optik.de\/wp-content\/uploads\/2025\/05\/2023_10_05-Newsletter-Anmeldung_433x300-1_EN-300x208.jpg 300w, https:\/\/www.binder-optik.de\/wp-content\/uploads\/2025\/05\/2023_10_05-Newsletter-Anmeldung_433x300-1_EN-768x532.jpg 768w, https:\/\/www.binder-optik.de\/wp-content\/uploads\/2025\/05\/2023_10_05-Newsletter-Anmeldung_433x300-1_EN-524x363.jpg 524w\" sizes=\"auto, (max-width: 902px) 100vw, 902px\" \/><\/figure>\n<\/div>\n<\/div>\n<\/div><\/div><\/section>\n<\/div><\/div><\/section>\n","protected":false},"excerpt":{"rendered":"","protected":false},"author":13,"featured_media":14930,"comment_status":"closed","ping_status":"closed","sticky":false,"template":"","format":"standard","meta":{"_acf_changed":false,"footnotes":""},"categories":[283],"tags":[],"class_list":["post-17849","post","type-post","status-publish","format-standard","has-post-thumbnail","hentry","category-oedueller-ve-onurlar"],"acf":[],"publishpress_future_action":{"enabled":false,"date":"2026-05-06 01:23:22","action":"change-status","newStatus":"draft","terms":[],"taxonomy":"category","extraData":[]},"publishpress_future_workflow_manual_trigger":{"enabledWorkflows":[]},"_links":{"self":[{"href":"https:\/\/www.binder-optik.de\/tr\/wp-json\/wp\/v2\/posts\/17849","targetHints":{"allow":["GET"]}}],"collection":[{"href":"https:\/\/www.binder-optik.de\/tr\/wp-json\/wp\/v2\/posts"}],"about":[{"href":"https:\/\/www.binder-optik.de\/tr\/wp-json\/wp\/v2\/types\/post"}],"author":[{"embeddable":true,"href":"https:\/\/www.binder-optik.de\/tr\/wp-json\/wp\/v2\/users\/13"}],"replies":[{"embeddable":true,"href":"https:\/\/www.binder-optik.de\/tr\/wp-json\/wp\/v2\/comments?post=17849"}],"version-history":[{"count":1,"href":"https:\/\/www.binder-optik.de\/tr\/wp-json\/wp\/v2\/posts\/17849\/revisions"}],"predecessor-version":[{"id":17856,"href":"https:\/\/www.binder-optik.de\/tr\/wp-json\/wp\/v2\/posts\/17849\/revisions\/17856"}],"wp:featuredmedia":[{"embeddable":true,"href":"https:\/\/www.binder-optik.de\/tr\/wp-json\/wp\/v2\/media\/14930"}],"wp:attachment":[{"href":"https:\/\/www.binder-optik.de\/tr\/wp-json\/wp\/v2\/media?parent=17849"}],"wp:term":[{"taxonomy":"category","embeddable":true,"href":"https:\/\/www.binder-optik.de\/tr\/wp-json\/wp\/v2\/categories?post=17849"},{"taxonomy":"post_tag","embeddable":true,"href":"https:\/\/www.binder-optik.de\/tr\/wp-json\/wp\/v2\/tags?post=17849"}],"curies":[{"name":"wp","href":"https:\/\/api.w.org\/{rel}","templated":true}]}}