{"id":17839,"date":"2024-10-30T13:22:34","date_gmt":"2024-10-30T12:22:34","guid":{"rendered":"https:\/\/www.binder-optik.de\/bir-vurusta-yedi-binder-optik-bir-kez-daha-almanyanin-en-iyisi-kalite-muehrue-ile-oeduellendirildi\/"},"modified":"2025-05-02T13:46:50","modified_gmt":"2025-05-02T11:46:50","slug":"bir-vurusta-yedi-binder-optik-bir-kez-daha-almanyanin-en-iyisi-kalite-muehrue-ile-oeduellendirildi","status":"publish","type":"post","link":"https:\/\/www.binder-optik.de\/tr\/bir-vurusta-yedi-binder-optik-bir-kez-daha-almanyanin-en-iyisi-kalite-muehrue-ile-oeduellendirildi\/","title":{"rendered":"Bir vuru\u015fta yedi! Binder Optik bir kez daha &#8220;Almanya&#8217;n\u0131n En \u0130yisi&#8221; kalite m\u00fchr\u00fc ile \u00f6d\u00fcllendirildi."},"content":{"rendered":"\n<section class=\"wp-block-custom-container alignwide block-content  block-content--spacing-top block-content--margin-top\"><style>.block-content{position:relative}.block-content--spacing-top{padding-top:2rem}@media (min-width: 992px){.block-content--spacing-top{padding-top:4rem}}.block-content--spacing-bottom{padding-bottom:2rem}@media (min-width: 992px){.block-content--spacing-bottom{padding-bottom:4rem}}.block-content--margin-top{margin-top:2rem}@media (min-width: 992px){.block-content--margin-top{margin-top:4rem}}.block-content--margin-bottom{margin-bottom:2rem}@media (min-width: 992px){.block-content--margin-bottom{margin-bottom:4rem}}.block-content.z-index{position:relative;z-index:2}.block-content .container{position:relative;z-index:1}.block-content .container--full{padding:0}.block-content .container .container{padding:2rem}@media (min-width: 992px){.block-content .container .container{padding:4rem}}.block-content .container-overlay{position:absolute;z-index:0;top:0;right:0;bottom:0;left:0}.block-content.career-container{margin-top:-8rem;z-index:2;pointer-events:none}.block-content.career-container .block-content{pointer-events:all;-webkit-box-shadow:0px 0px 15px 5px rgba(0,0,0,0.1);box-shadow:0px 0px 15px 5px rgba(0,0,0,0.1)}.block-content.career-container .wp-block-custom-column{margin-bottom:0}\n<\/style><div class=\"container container--wide\"><div class=\"container__body\">\n<p class=\"is-style-subheading\">30 EKIM 2024<\/p>\n\n\n\n<h1 class=\"wp-block-heading\">Bir vuru\u015fta yedi! Binder Optik bir kez daha &#8220;Almanya&#8217;n\u0131n En \u0130yisi&#8221; kalite m\u00fchr\u00fc ile \u00f6d\u00fcllendirildi. <\/h1>\n\n\n\n<div class=\"wp-block-custom-spacing spacing-element spacing-mobile--small spacing-tablet--small spacing-small-desktop--small spacing-desktop--small\"><\/div>\n<\/div><\/div><\/section>\n\n\n\n<section class=\"wp-block-custom-container alignwide block-content\"><div class=\"container container--wide\"><div class=\"container__body\">\n<div class=\"wp-block-custom-columns columns-row row\"><style>.columns-row--spacing-top{padding-top:2rem}@media (min-width: 992px){.columns-row--spacing-top{padding-top:4rem}}.columns-row--spacing-bottom{padding-bottom:2rem}@media (min-width: 992px){.columns-row--spacing-bottom{padding-bottom:4rem}}.columns-row--margin-top{margin-top:2rem}@media (min-width: 992px){.columns-row--margin-top{margin-top:4rem}}.columns-row--margin-bottom{margin-bottom:2rem}@media (min-width: 992px){.columns-row--margin-bottom{margin-bottom:4rem}}\n<\/style>\n<div class=\"wp-block-custom-column col col-6\">\n<p>Kabul ediyoruz, sevincimiz b\u00fcy\u00fck! Bu y\u0131l, Binder Optik bir kez daha b\u00fcy\u00fck <em>Focus Money ve<\/em> <em>Deutschland Testinde<\/em> \u00fcst \u00fcste yedinci <em>kez<\/em> &#8220;Almanya&#8217;n\u0131n En \u0130yi Optisyenleri&#8221; onay m\u00fchr\u00fcn\u00fc almaya hak kazand\u0131. 2024 y\u0131l\u0131nda Binder Optik bir kez daha \u00fcst\u00fcn performans\u0131n\u0131 kan\u0131tlamay\u0131 ve sekt\u00f6r lideri olarak s\u0131ralamada 1. s\u0131rada yer almay\u0131 ba\u015fard\u0131. &#8220;Almanya&#8217;n\u0131n En \u0130yisi&#8221; \u00f6d\u00fcl\u00fc, bir \u015firketin birinci s\u0131n\u0131f itibar\u0131 i\u00e7in bir onay m\u00fchr\u00fcd\u00fcr ve m\u00fc\u015fterilere \u015firketin y\u00fcksek standartlara uygun ya\u015fad\u0131\u011f\u0131n\u0131 g\u00f6sterir.     <\/p>\n\n\n\n<p><em>Deutschland<\/em> Test <em>ad\u0131na Y\u00f6netim ve Ekonomi Ara\u015ft\u0131rmalar\u0131<\/em> Enstit\u00fcs\u00fc taraf\u0131ndan ba\u015flat\u0131lan &#8220;Almanya&#8217;n\u0131n En \u0130yisi&#8221; 2024 ara\u015ft\u0131rmas\u0131 i\u00e7in yakla\u015f\u0131k 14.000 \u015firket, \u00fcr\u00fcn ve marka hakk\u0131nda <em>birka\u00e7 milyon<\/em> m\u00fc\u015fteri de\u011ferlendirmesi analiz edildi. Prestijli &#8220;Almanya&#8217;n\u0131n En \u0130yisi&#8221; \u00f6d\u00fcl\u00fc, genel s\u0131ralamada elde edilen puan say\u0131s\u0131na dayanmaktad\u0131r. Hesaplama, 0 ila 100 puan aras\u0131nda bir \u00f6l\u00e7ekte sekt\u00f6re \u00f6zg\u00fcd\u00fcr. Sekt\u00f6r birincisi en y\u00fcksek puan olan 100 puan\u0131 al\u0131r ve b\u00f6ylece sekt\u00f6rde analiz edilen di\u011fer t\u00fcm \u015firketler veya markalar i\u00e7in bir \u00f6l\u00e7\u00fct olu\u015fturur.     <\/p>\n<\/div>\n\n\n\n<div class=\"wp-block-custom-column col col-6\"><style>.wp-block-image.alignright{margin:0 !important}.wp-block-image.alignleft{float:none !important}.wp-block-image .wp-element-caption{text-align:left}\n<\/style>\n<figure class=\"wp-block-image size-large\"><img loading=\"lazy\" decoding=\"async\" width=\"1024\" height=\"1024\" src=\"https:\/\/www.binder-optik.de\/wp-content\/uploads\/2025\/05\/Binder-Testsieger-1024x1024-englisch-min-1024x1024.jpg\" alt=\"Binder Optik\" class=\"wp-image-19419\" title=\"\" srcset=\"https:\/\/www.binder-optik.de\/wp-content\/uploads\/2025\/05\/Binder-Testsieger-1024x1024-englisch-min-1024x1024.jpg 1024w, https:\/\/www.binder-optik.de\/wp-content\/uploads\/2025\/05\/Binder-Testsieger-1024x1024-englisch-min-300x300.jpg 300w, https:\/\/www.binder-optik.de\/wp-content\/uploads\/2025\/05\/Binder-Testsieger-1024x1024-englisch-min-150x150.jpg 150w, https:\/\/www.binder-optik.de\/wp-content\/uploads\/2025\/05\/Binder-Testsieger-1024x1024-englisch-min-768x768.jpg 768w, https:\/\/www.binder-optik.de\/wp-content\/uploads\/2025\/05\/Binder-Testsieger-1024x1024-englisch-min-1536x1536.jpg 1536w, https:\/\/www.binder-optik.de\/wp-content\/uploads\/2025\/05\/Binder-Testsieger-1024x1024-englisch-min-2048x2048.jpg 2048w, https:\/\/www.binder-optik.de\/wp-content\/uploads\/2025\/05\/Binder-Testsieger-1024x1024-englisch-min-123x123.jpg 123w, https:\/\/www.binder-optik.de\/wp-content\/uploads\/2025\/05\/Binder-Testsieger-1024x1024-englisch-min-524x524.jpg 524w\" sizes=\"auto, (max-width: 1024px) 100vw, 1024px\" \/><\/figure>\n<\/div>\n<\/div>\n\n\n\n<p>200&#8217;den fazla sekt\u00f6rden toplam yakla\u015f\u0131k 2.300 \u015firket ve marka &#8220;Almanya&#8217;n\u0131n En \u0130yisi&#8221; \u00f6d\u00fcl\u00fcyle onurland\u0131r\u0131ld\u0131. Binder Optik optisyenlik sekt\u00f6r\u00fcnde 100 tam puan alarak birinci s\u0131raya yerle\u015fen tek \u015firket oldu.   <\/p>\n\n\n\n<p>Genel M\u00fcd\u00fcr Dominic Baur \u00e7ok mutlu: &#8220;Birincilik i\u015fimizin kalitesinin a\u00e7\u0131k bir kan\u0131t\u0131d\u0131r. Ekibimizin ba\u011fl\u0131l\u0131\u011f\u0131 i\u00e7in \u00e7ok minnettar\u0131m. S\u00fcrekli \u00e7al\u0131\u015fma ve m\u00fckemmellik \u00e7abas\u0131 bu \u00f6d\u00fcl\u00fc ilk etapta m\u00fcmk\u00fcn k\u0131ld\u0131. Ve hay\u0131r, rehavete kap\u0131lm\u0131yoruz! M\u00fc\u015fterilerimiz i\u00e7in en iyisi olmaya devam etmek i\u00e7in her g\u00fcn elimizden gelenin en iyisini yapmaya devam ediyoruz.&#8221;<\/p>\n<\/div><\/div><\/section>\n\n\n\n<section class=\"wp-block-custom-container alignwide block-content  block-content--spacing-top block-content--spacing-bottom\"><div class=\"container container--wide\"><div class=\"container__body\">\n<section class=\"wp-block-custom-container alignwide block-content  has-gelb-background-color\" style=\"background-color:#FFFF00\"><div class=\"container container--wide\"><div class=\"container__body\"><style>.wp-block-columns.are-vertically-aligned-center{gap:1em;margin-bottom:.5rem}@media (min-width: 992px){.wp-block-columns.are-vertically-aligned-center{margin-bottom:1rem}}.wp-block-columns.are-vertically-aligned-center :last-child{margin-bottom:0}.wp-block-columns.are-vertically-aligned-center figure{margin-bottom:0}.wp-block-columns.no-margin{margin-bottom:0 !important}@media (max-width: 991px){.wp-block-columns.hide-mobile{display:none}}:where(.wp-block-columns.is-layout-flex){gap:1em}\n<\/style>\n<div class=\"wp-block-columns are-vertically-aligned-center is-layout-flex wp-container-core-columns-is-layout-1 wp-block-columns-is-layout-flex\">\n<div class=\"wp-block-column is-vertically-aligned-center is-layout-flow wp-block-column-is-layout-flow\" style=\"flex-basis:66.66%\">\n<h2 class=\"wp-block-heading\"><strong>B\u00fclten kayd\u0131<\/strong><\/h2>\n\n\n\n<p>Haber b\u00fcltenine \u015fimdi abone olun ve 20 Euro de\u011ferinde Binder Optik al\u0131\u015fveri\u015f \u00e7eki kazan\u0131n.<\/p>\n\n\n\n<div class=\"wp-block-buttons is-layout-flex wp-block-buttons-is-layout-flex\"><style>.wp-block-button{margin:0 0 3rem}.wp-block-button:last-child,.wp-block-button:only-child{margin-bottom:0}.wp-block-button.align-center{text-align:center}.wp-block-button.align-right{text-align:right}.wp-block-columns+.wp-block-button{margin-top:6.3rem}.wp-block-button__link{display:inline-block;padding:1.8rem 1.8rem;font-weight:600;text-align:center;text-decoration:none;color:#2B2E34;border:2px solid #FFFA00;border-radius:.5rem;background-color:#FFFA00;cursor:pointer;font-size:1.6rem;line-height:1}@media (min-width: 1380px){.wp-block-button__link{padding:1.8rem 3.8rem;font-size:1.8rem;line-height:1}}.wp-block-button:not(.is-style-link-only):not(.is-style-outline):not(.is-style-fill-secondary) .wp-block-button__link{position:relative}.wp-block-button:not(.is-style-link-only):not(.is-style-outline):not(.is-style-fill-secondary) .wp-block-button__link:hover,.wp-block-button:not(.is-style-link-only):not(.is-style-outline):not(.is-style-fill-secondary) .wp-block-button__link:focus{color:#fff;border-color:#00597E;background-color:#00597E}.wp-block-button .wp-block-button__link{transition:.2s}.is-style-fill-secondary .wp-block-button__link{color:#fff;border-color:#00597E;background-color:#00597E}.is-style-fill-secondary .wp-block-button__link:hover,.is-style-fill-secondary .wp-block-button__link:focus{color:#2B2E34;border-color:#FFFA00;background-color:#FFFA00}.is-style-outline .wp-block-button__link{padding:1.8rem 1.8rem !important;color:#00597E !important;border-color:#00597E;background-color:transparent}@media (min-width: 1380px){.is-style-outline .wp-block-button__link{padding:1.8rem 3.8rem !important}}.is-style-outline .wp-block-button__link:hover,.is-style-outline .wp-block-button__link:focus{color:#fff !important;border-color:#00597E !important;background-color:#00597E !important}.is-style-link-only .wp-block-button__link{min-width:0;padding:0;padding-right:2rem;position:relative;font-weight:600;color:#00597E;letter-spacing:0;text-transform:none;border:none;background-color:transparent;transition:color .2s,text-decoration-color .2s;font-size:1.8rem;line-height:1}.is-style-link-only .wp-block-button__link::after{content:'';display:inline-block;width:8px;height:13px;position:absolute;top:50%;right:0;transform:translate(0, -50%);background-image:url(\"https:\/\/www.binder-optik.de\/wp-content\/themes\/ATLAS\/images\/svg\/button_arrow-right_secondary.svg\");background-repeat:no-repeat;background-size:contain;transition:right 0.2s}.is-style-link-only .wp-block-button__link:hover::after,.is-style-link-only .wp-block-button__link:focus::after{right:-5px}\n<\/style>\n<div class=\"wp-block-button is-style-fill-secondary\"><a class=\"wp-block-button__link wp-element-button\" href=\"https:\/\/www.binder-optik.de\/tr\/buelten-kaydi\/\">Kay\u0131t i\u00e7in<\/a><\/div>\n<\/div>\n<\/div>\n\n\n\n<div class=\"wp-block-column is-vertically-aligned-center is-layout-flow wp-block-column-is-layout-flow\" style=\"flex-basis:33.33%\">\n<figure class=\"wp-block-image size-full\"><img loading=\"lazy\" decoding=\"async\" width=\"902\" height=\"625\" src=\"https:\/\/www.binder-optik.de\/wp-content\/uploads\/2025\/05\/2023_10_05-Newsletter-Anmeldung_433x300-1_EN.jpg\" alt=\"Binder Optik\" class=\"wp-image-19189\" title=\"\" srcset=\"https:\/\/www.binder-optik.de\/wp-content\/uploads\/2025\/05\/2023_10_05-Newsletter-Anmeldung_433x300-1_EN.jpg 902w, https:\/\/www.binder-optik.de\/wp-content\/uploads\/2025\/05\/2023_10_05-Newsletter-Anmeldung_433x300-1_EN-300x208.jpg 300w, https:\/\/www.binder-optik.de\/wp-content\/uploads\/2025\/05\/2023_10_05-Newsletter-Anmeldung_433x300-1_EN-768x532.jpg 768w, https:\/\/www.binder-optik.de\/wp-content\/uploads\/2025\/05\/2023_10_05-Newsletter-Anmeldung_433x300-1_EN-524x363.jpg 524w\" sizes=\"auto, (max-width: 902px) 100vw, 902px\" \/><\/figure>\n<\/div>\n<\/div>\n<\/div><\/div><\/section>\n<\/div><\/div><\/section>\n","protected":false},"excerpt":{"rendered":"","protected":false},"author":15,"featured_media":17186,"comment_status":"closed","ping_status":"closed","sticky":false,"template":"","format":"standard","meta":{"_acf_changed":false,"footnotes":""},"categories":[283],"tags":[],"class_list":["post-17839","post","type-post","status-publish","format-standard","has-post-thumbnail","hentry","category-oedueller-ve-onurlar"],"acf":[],"publishpress_future_action":{"enabled":false,"date":"2026-05-08 12:38:20","action":"change-status","newStatus":"draft","terms":[],"taxonomy":"category","extraData":[]},"publishpress_future_workflow_manual_trigger":{"enabledWorkflows":[]},"_links":{"self":[{"href":"https:\/\/www.binder-optik.de\/tr\/wp-json\/wp\/v2\/posts\/17839","targetHints":{"allow":["GET"]}}],"collection":[{"href":"https:\/\/www.binder-optik.de\/tr\/wp-json\/wp\/v2\/posts"}],"about":[{"href":"https:\/\/www.binder-optik.de\/tr\/wp-json\/wp\/v2\/types\/post"}],"author":[{"embeddable":true,"href":"https:\/\/www.binder-optik.de\/tr\/wp-json\/wp\/v2\/users\/15"}],"replies":[{"embeddable":true,"href":"https:\/\/www.binder-optik.de\/tr\/wp-json\/wp\/v2\/comments?post=17839"}],"version-history":[{"count":2,"href":"https:\/\/www.binder-optik.de\/tr\/wp-json\/wp\/v2\/posts\/17839\/revisions"}],"predecessor-version":[{"id":19447,"href":"https:\/\/www.binder-optik.de\/tr\/wp-json\/wp\/v2\/posts\/17839\/revisions\/19447"}],"wp:featuredmedia":[{"embeddable":true,"href":"https:\/\/www.binder-optik.de\/tr\/wp-json\/wp\/v2\/media\/17186"}],"wp:attachment":[{"href":"https:\/\/www.binder-optik.de\/tr\/wp-json\/wp\/v2\/media?parent=17839"}],"wp:term":[{"taxonomy":"category","embeddable":true,"href":"https:\/\/www.binder-optik.de\/tr\/wp-json\/wp\/v2\/categories?post=17839"},{"taxonomy":"post_tag","embeddable":true,"href":"https:\/\/www.binder-optik.de\/tr\/wp-json\/wp\/v2\/tags?post=17839"}],"curies":[{"name":"wp","href":"https:\/\/api.w.org\/{rel}","templated":true}]}}