{"id":17829,"date":"2025-01-30T08:08:24","date_gmt":"2025-01-30T07:08:24","guid":{"rendered":"https:\/\/www.binder-optik.de\/gelecek-guevence-altinda-optik-siegert-oldu-binder-optik\/"},"modified":"2026-02-03T14:41:40","modified_gmt":"2026-02-03T13:41:40","slug":"gelecek-guevence-altinda-optik-siegert-oldu-binder-optik","status":"publish","type":"post","link":"https:\/\/www.binder-optik.de\/tr\/gelecek-guevence-altinda-optik-siegert-oldu-binder-optik\/","title":{"rendered":"Gelecek g\u00fcvence alt\u0131nda: Optik Siegert oldu Binder Optik"},"content":{"rendered":"\n<section class=\"wp-block-custom-container alignwide block-content  block-content--spacing-top block-content--margin-top\"><style>.block-content{position:relative}.block-content--spacing-top{padding-top:2rem}@media (min-width: 992px){.block-content--spacing-top{padding-top:4rem}}.block-content--spacing-bottom{padding-bottom:2rem}@media (min-width: 992px){.block-content--spacing-bottom{padding-bottom:4rem}}.block-content--margin-top{margin-top:2rem}@media (min-width: 992px){.block-content--margin-top{margin-top:4rem}}.block-content--margin-bottom{margin-bottom:2rem}@media (min-width: 992px){.block-content--margin-bottom{margin-bottom:4rem}}.block-content.z-index{position:relative;z-index:2}.block-content .container{position:relative;z-index:1}.block-content .container--full{padding:0}.block-content .container .container{padding:2rem}@media (min-width: 992px){.block-content .container .container{padding:4rem}}.block-content .container-overlay{position:absolute;z-index:0;top:0;right:0;bottom:0;left:0}.block-content.career-container{margin-top:-8rem;z-index:2;pointer-events:none}.block-content.career-container .block-content{pointer-events:all;-webkit-box-shadow:0px 0px 15px 5px rgba(0,0,0,0.1);box-shadow:0px 0px 15px 5px rgba(0,0,0,0.1)}.block-content.career-container .wp-block-custom-column{margin-bottom:0}\n<\/style><div class=\"container container--wide\"><div class=\"container__body\">\n<p class=\"is-style-subheading\">30 Ocak 2025<\/p>\n\n\n\n<h1 class=\"wp-block-heading\"><strong><strong>Gelecek g\u00fcvence alt\u0131nda: Optik Siegert oldu Binder Optik<\/strong><\/strong><\/h1>\n\n\n\n<div class=\"wp-block-custom-spacing spacing-element spacing-mobile--small spacing-tablet--small spacing-small-desktop--small spacing-desktop--small\"\/>\n<\/div><\/div><\/section>\n\n<section class=\"wp-block-custom-container alignwide block-content\"><div class=\"container container--wide\"><div class=\"container__body\">\n<div class=\"wp-block-custom-columns columns-row row\"><style>.columns-row--spacing-top{padding-top:2rem}@media (min-width: 992px){.columns-row--spacing-top{padding-top:4rem}}.columns-row--spacing-bottom{padding-bottom:2rem}@media (min-width: 992px){.columns-row--spacing-bottom{padding-bottom:4rem}}.columns-row--margin-top{margin-top:2rem}@media (min-width: 992px){.columns-row--margin-top{margin-top:4rem}}.columns-row--margin-bottom{margin-bottom:2rem}@media (min-width: 992px){.columns-row--margin-bottom{margin-bottom:4rem}}\n<\/style>\n<div class=\"wp-block-custom-column col col-6\">\n<p>Binder&#8217;e ho\u015f geldiniz! Ailemize ho\u015f geldiniz! Y\u0131l\u0131n ba\u015flang\u0131c\u0131 i\u00e7in tam zaman\u0131nda, Binder Optik Mannheim-Feudenheim&#8217;daki Optik Siegert uzmanl\u0131k ma\u011fazas\u0131n\u0131 devrald\u0131. Mannheim&#8217;\u0131n en eski mahallelerinden biri olan Feudenheim&#8217;da 40 y\u0131l\u0131 geride b\u0131rakan Optik Siegert, ge\u00e7mi\u015fine s\u0131k\u0131 s\u0131k\u0131ya ba\u011fl\u0131. Usta g\u00f6zl\u00fck\u00e7\u00fc Frank Siegert ve ekibi, Binder Optik adresinde ayn\u0131 de\u011ferleri payla\u015fan ve bunlar\u0131 gelece\u011fe ta\u015f\u0131yacak bir halef bulduklar\u0131 i\u00e7in \u00e7ok daha mutlular. \u0130\u015f devam edecek. Ve lensler de \u00f6yle.      <\/p>\n\n\n\n<p>&#8220;40 y\u0131ll\u0131k \u015firket ge\u00e7mi\u015fi b\u00fcy\u00fck bir sayg\u0131y\u0131 hak ediyor. Optik Siegert&#8217;in sahip oldu\u011fu itibar\u0131 \u00e7ok takdir ediyoruz ve bu ba\u015far\u0131y\u0131 kararl\u0131l\u0131kla s\u00fcrd\u00fcrece\u011fiz. Yeni bayra\u011f\u0131m\u0131z alt\u0131nda, yerel m\u00fc\u015fteri taban\u0131m\u0131z istikrarl\u0131 bir m\u00fc\u015fteri ve hizmet odakl\u0131l\u0131k, en iyi tavsiye ve fiyat kalitesi bekleyebilir. Ne de olsa Binder Optik 2024, b\u00fcy\u00fck <em>Focus Money ve<\/em> <em>Deutschland Testinde<\/em> \u00fcst \u00fcste yedinci kez &#8220;Almanya&#8217;n\u0131n En \u0130yi G\u00f6zl\u00fck\u00e7\u00fcleri&#8221; onay m\u00fchr\u00fc ile \u00f6d\u00fcllendirildi <em>.<\/em> Mannheim&#8217;daki yeni yerimizde de bu onura lay\u0131k olmak istiyoruz,&#8221; diyor Binder Optik Genel M\u00fcd\u00fcr\u00fc Dominic Baur.    <\/p>\n<\/div>\n\n\n\n<div class=\"wp-block-custom-column col col-6\"><style>.wp-block-image.alignright{margin:0 !important}.wp-block-image.alignleft{float:none !important}.wp-block-image .wp-element-caption{text-align:left}\n<\/style>\n<figure class=\"wp-block-image size-large is-resized\"><img loading=\"lazy\" decoding=\"async\" width=\"1024\" height=\"683\" src=\"https:\/\/www.binder-optik.de\/wp-content\/uploads\/2025\/02\/Mannheim-Feudenheim-Fil80_01-1024x683.jpg\" alt=\"Binder Optik\" class=\"wp-image-13808\" style=\"aspect-ratio:1.3333333333333333;width:680px;height:auto\" title=\"\" srcset=\"https:\/\/www.binder-optik.de\/wp-content\/uploads\/2025\/02\/Mannheim-Feudenheim-Fil80_01-1024x683.jpg 1024w, https:\/\/www.binder-optik.de\/wp-content\/uploads\/2025\/02\/Mannheim-Feudenheim-Fil80_01-300x200.jpg 300w, https:\/\/www.binder-optik.de\/wp-content\/uploads\/2025\/02\/Mannheim-Feudenheim-Fil80_01-768x512.jpg 768w, https:\/\/www.binder-optik.de\/wp-content\/uploads\/2025\/02\/Mannheim-Feudenheim-Fil80_01-1536x1024.jpg 1536w, https:\/\/www.binder-optik.de\/wp-content\/uploads\/2025\/02\/Mannheim-Feudenheim-Fil80_01-2048x1366.jpg 2048w, https:\/\/www.binder-optik.de\/wp-content\/uploads\/2025\/02\/Mannheim-Feudenheim-Fil80_01-524x349.jpg 524w\" sizes=\"auto, (max-width: 1024px) 100vw, 1024px\" \/><figcaption class=\"wp-element-caption\">Uzman ma\u011faza Mannheim Feudenheim<\/figcaption><\/figure>\n<\/div>\n<\/div>\n\n\n\n<p>Usta g\u00f6zl\u00fck\u00e7\u00fc Frank Siegert ba\u015far\u0131l\u0131 devir i\u015fleminden duydu\u011fu memnuniyeti \u015fu s\u00f6zlerle ifade etti: &#8220;Aile \u015firketimizin b\u00f6lgede kalaca\u011f\u0131 i\u00e7in minnettar\u0131m. Bu benim i\u00e7in \u00f6nemliydi ve halefiyet planlamas\u0131n\u0131n \u00e7\u00f6z\u00fclememesi nedeniyle kapan\u0131\u015flar\u0131n artt\u0131\u011f\u0131 bir d\u00f6nemde do\u011fal bir durum de\u011fil. Bu vesileyle t\u00fcm m\u00fc\u015fterilerimize y\u0131llar boyunca g\u00f6sterdikleri g\u00fcven ve sadakat i\u00e7in te\u015fekk\u00fcr etmek istiyorum. Eminim ki bu durum Binder Optik &#8216;un halefiyeti alt\u0131nda da devam edecektir.&#8221;<\/p>\n\n\n\n<p>Hauptstra\u00dfe 78 adresindeki uzman ma\u011faza 30 Ocak 2025 tarihinde yeniden a\u00e7\u0131lacakt\u0131r. Almenhof semtindeki Niederfeldstra\u00dfe 129 adresindeki \u015fube ile birlikte buras\u0131 art\u0131k Mannheim&#8217;daki ikinci Binder Optik adresi. <\/p>\n<\/div><\/div><\/section>\n\n<section class=\"wp-block-custom-container alignwide block-content  block-content--spacing-top block-content--spacing-bottom\"><div class=\"container container--wide\"><div class=\"container__body\">\n<section class=\"wp-block-custom-container alignwide block-content  has-gelb-background-color\" style=\"background-color:#FFFF00\"><div class=\"container container--wide\"><div class=\"container__body\"><style>.wp-block-columns.are-vertically-aligned-center{gap:1em;margin-bottom:.5rem}@media (min-width: 992px){.wp-block-columns.are-vertically-aligned-center{margin-bottom:1rem}}.wp-block-columns.are-vertically-aligned-center :last-child{margin-bottom:0}.wp-block-columns.are-vertically-aligned-center figure{margin-bottom:0}.wp-block-columns.no-margin{margin-bottom:0 !important}@media (max-width: 991px){.wp-block-columns.hide-mobile{display:none}}:where(.wp-block-columns.is-layout-flex){gap:1em}\n<\/style>\n<div class=\"wp-block-columns are-vertically-aligned-center is-layout-flex wp-container-core-columns-is-layout-1 wp-block-columns-is-layout-flex\">\n<div class=\"wp-block-column is-vertically-aligned-center is-layout-flow wp-block-column-is-layout-flow\" style=\"flex-basis:66.66%\">\n<h2 class=\"wp-block-heading\"><strong>B\u00fclten kayd\u0131<\/strong><\/h2>\n\n\n\n<p>Haber b\u00fcltenine \u015fimdi abone olun ve 20 Euro de\u011ferinde Binder Optik al\u0131\u015fveri\u015f \u00e7eki kazan\u0131n.<\/p>\n\n\n\n<div class=\"wp-block-buttons is-layout-flex wp-block-buttons-is-layout-flex\"><style>.wp-block-button{margin:0 0 3rem}.wp-block-button:last-child,.wp-block-button:only-child{margin-bottom:0}.wp-block-button.align-center{text-align:center}.wp-block-button.align-right{text-align:right}.wp-block-columns+.wp-block-button{margin-top:6.3rem}.wp-block-button__link{display:inline-block;padding:1.8rem 1.8rem;font-weight:600;text-align:center;text-decoration:none;color:#2B2E34;border:2px solid #FFFA00;border-radius:.5rem;background-color:#FFFA00;cursor:pointer;font-size:1.6rem;line-height:1}@media (min-width: 1380px){.wp-block-button__link{padding:1.8rem 3.8rem;font-size:1.8rem;line-height:1}}.wp-block-button:not(.is-style-link-only):not(.is-style-outline):not(.is-style-fill-secondary) .wp-block-button__link{position:relative}.wp-block-button:not(.is-style-link-only):not(.is-style-outline):not(.is-style-fill-secondary) .wp-block-button__link:hover,.wp-block-button:not(.is-style-link-only):not(.is-style-outline):not(.is-style-fill-secondary) .wp-block-button__link:focus{color:#fff;border-color:#00597E;background-color:#00597E}.wp-block-button .wp-block-button__link{transition:.2s}.is-style-fill-secondary .wp-block-button__link{color:#fff;border-color:#00597E;background-color:#00597E}.is-style-fill-secondary .wp-block-button__link:hover,.is-style-fill-secondary .wp-block-button__link:focus{color:#2B2E34;border-color:#FFFA00;background-color:#FFFA00}.is-style-outline .wp-block-button__link{padding:1.8rem 1.8rem !important;color:#00597E !important;border-color:#00597E;background-color:transparent}@media (min-width: 1380px){.is-style-outline .wp-block-button__link{padding:1.8rem 3.8rem !important}}.is-style-outline .wp-block-button__link:hover,.is-style-outline .wp-block-button__link:focus{color:#fff !important;border-color:#00597E !important;background-color:#00597E !important}.is-style-link-only .wp-block-button__link{min-width:0;padding:0;padding-right:2rem;position:relative;font-weight:600;color:#00597E;letter-spacing:0;text-transform:none;border:none;background-color:transparent;transition:color .2s,text-decoration-color .2s;font-size:1.8rem;line-height:1}.is-style-link-only .wp-block-button__link::after{content:'';display:inline-block;width:8px;height:13px;position:absolute;top:50%;right:0;transform:translate(0, -50%);background-image:url(\"https:\/\/www.binder-optik.de\/wp-content\/themes\/ATLAS\/images\/svg\/button_arrow-right_secondary.svg\");background-repeat:no-repeat;background-size:contain;transition:right 0.2s}.is-style-link-only .wp-block-button__link:hover::after,.is-style-link-only .wp-block-button__link:focus::after{right:-5px}\n<\/style>\n<div class=\"wp-block-button is-style-fill-secondary\"><a class=\"wp-block-button__link wp-element-button\" href=\"https:\/\/www.binder-optik.de\/tr\/buelten-kaydi\/\">Kay\u0131t i\u00e7in<\/a><\/div>\n<\/div>\n<\/div>\n\n\n\n<div class=\"wp-block-column is-vertically-aligned-center is-layout-flow wp-block-column-is-layout-flow\" style=\"flex-basis:33.33%\">\n<figure class=\"wp-block-image size-full\"><img loading=\"lazy\" decoding=\"async\" width=\"902\" height=\"625\" src=\"https:\/\/www.binder-optik.de\/wp-content\/uploads\/2025\/05\/2023_10_05-Newsletter-Anmeldung_433x300-1_EN.jpg\" alt=\"Binder Optik\" class=\"wp-image-19189\" title=\"\" srcset=\"https:\/\/www.binder-optik.de\/wp-content\/uploads\/2025\/05\/2023_10_05-Newsletter-Anmeldung_433x300-1_EN.jpg 902w, https:\/\/www.binder-optik.de\/wp-content\/uploads\/2025\/05\/2023_10_05-Newsletter-Anmeldung_433x300-1_EN-300x208.jpg 300w, https:\/\/www.binder-optik.de\/wp-content\/uploads\/2025\/05\/2023_10_05-Newsletter-Anmeldung_433x300-1_EN-768x532.jpg 768w, https:\/\/www.binder-optik.de\/wp-content\/uploads\/2025\/05\/2023_10_05-Newsletter-Anmeldung_433x300-1_EN-524x363.jpg 524w\" sizes=\"auto, (max-width: 902px) 100vw, 902px\" \/><\/figure>\n<\/div>\n<\/div>\n<\/div><\/div><\/section>\n<\/div><\/div><\/section>\n","protected":false},"excerpt":{"rendered":"","protected":false},"author":16,"featured_media":17366,"comment_status":"closed","ping_status":"closed","sticky":false,"template":"","format":"standard","meta":{"_acf_changed":false,"footnotes":""},"categories":[1],"tags":[293,303],"class_list":["post-17829","post","type-post","status-publish","format-standard","has-post-thumbnail","hentry","category-kategorize-edilmemis","tag-goez-muayenesi","tag-ocumeda-tr"],"acf":[],"publishpress_future_action":{"enabled":false,"date":"2026-05-07 12:19:03","action":"change-status","newStatus":"draft","terms":[],"taxonomy":"category","extraData":[]},"publishpress_future_workflow_manual_trigger":{"enabledWorkflows":[]},"_links":{"self":[{"href":"https:\/\/www.binder-optik.de\/tr\/wp-json\/wp\/v2\/posts\/17829","targetHints":{"allow":["GET"]}}],"collection":[{"href":"https:\/\/www.binder-optik.de\/tr\/wp-json\/wp\/v2\/posts"}],"about":[{"href":"https:\/\/www.binder-optik.de\/tr\/wp-json\/wp\/v2\/types\/post"}],"author":[{"embeddable":true,"href":"https:\/\/www.binder-optik.de\/tr\/wp-json\/wp\/v2\/users\/16"}],"replies":[{"embeddable":true,"href":"https:\/\/www.binder-optik.de\/tr\/wp-json\/wp\/v2\/comments?post=17829"}],"version-history":[{"count":3,"href":"https:\/\/www.binder-optik.de\/tr\/wp-json\/wp\/v2\/posts\/17829\/revisions"}],"predecessor-version":[{"id":29048,"href":"https:\/\/www.binder-optik.de\/tr\/wp-json\/wp\/v2\/posts\/17829\/revisions\/29048"}],"wp:featuredmedia":[{"embeddable":true,"href":"https:\/\/www.binder-optik.de\/tr\/wp-json\/wp\/v2\/media\/17366"}],"wp:attachment":[{"href":"https:\/\/www.binder-optik.de\/tr\/wp-json\/wp\/v2\/media?parent=17829"}],"wp:term":[{"taxonomy":"category","embeddable":true,"href":"https:\/\/www.binder-optik.de\/tr\/wp-json\/wp\/v2\/categories?post=17829"},{"taxonomy":"post_tag","embeddable":true,"href":"https:\/\/www.binder-optik.de\/tr\/wp-json\/wp\/v2\/tags?post=17829"}],"curies":[{"name":"wp","href":"https:\/\/api.w.org\/{rel}","templated":true}]}}