{"id":17828,"date":"2024-11-28T08:06:27","date_gmt":"2024-11-28T07:06:27","guid":{"rendered":"https:\/\/www.binder-optik.de\/sizin-icin-yeni-binder-optik-goez-muayenesi\/"},"modified":"2025-04-15T14:45:55","modified_gmt":"2025-04-15T12:45:55","slug":"sizin-icin-yeni-binder-optik-goez-muayenesi","status":"publish","type":"post","link":"https:\/\/www.binder-optik.de\/tr\/sizin-icin-yeni-binder-optik-goez-muayenesi\/","title":{"rendered":"Sizin i\u00e7in yeni: Binder Optik g\u00f6z muayenesi"},"content":{"rendered":"\n<section class=\"wp-block-custom-container alignwide block-content  block-content--spacing-top block-content--margin-top\"><style>.block-content{position:relative}.block-content--spacing-top{padding-top:2rem}@media (min-width: 992px){.block-content--spacing-top{padding-top:4rem}}.block-content--spacing-bottom{padding-bottom:2rem}@media (min-width: 992px){.block-content--spacing-bottom{padding-bottom:4rem}}.block-content--margin-top{margin-top:2rem}@media (min-width: 992px){.block-content--margin-top{margin-top:4rem}}.block-content--margin-bottom{margin-bottom:2rem}@media (min-width: 992px){.block-content--margin-bottom{margin-bottom:4rem}}.block-content.z-index{position:relative;z-index:2}.block-content .container{position:relative;z-index:1}.block-content .container--full{padding:0}.block-content .container .container{padding:2rem}@media (min-width: 992px){.block-content .container .container{padding:4rem}}.block-content .container-overlay{position:absolute;z-index:0;top:0;right:0;bottom:0;left:0}.block-content.career-container{margin-top:-8rem;z-index:2;pointer-events:none}.block-content.career-container .block-content{pointer-events:all;-webkit-box-shadow:0px 0px 15px 5px rgba(0,0,0,0.1);box-shadow:0px 0px 15px 5px rgba(0,0,0,0.1)}.block-content.career-container .wp-block-custom-column{margin-bottom:0}\n<\/style><div class=\"container container--wide\"><div class=\"container__body\">\n<p class=\"is-style-subheading\">28 Kas\u0131m 2024<\/p>\n\n\n\n<h1 class=\"wp-block-heading\"><strong>Sizin i\u00e7in yeni: Binder Optik g\u00f6z muayenesi<\/strong><\/h1>\n\n\n\n<div class=\"wp-block-custom-spacing spacing-element spacing-mobile--small spacing-tablet--small spacing-small-desktop--small spacing-desktop--small\"><\/div>\n<\/div><\/div><\/section>\n\n<section class=\"wp-block-custom-container alignwide block-content\"><div class=\"container container--wide\"><div class=\"container__body\">\n<div class=\"wp-block-custom-columns columns-row row\"><style>.columns-row--spacing-top{padding-top:2rem}@media (min-width: 992px){.columns-row--spacing-top{padding-top:4rem}}.columns-row--spacing-bottom{padding-bottom:2rem}@media (min-width: 992px){.columns-row--spacing-bottom{padding-bottom:4rem}}.columns-row--margin-top{margin-top:2rem}@media (min-width: 992px){.columns-row--margin-top{margin-top:4rem}}.columns-row--margin-bottom{margin-bottom:2rem}@media (min-width: 992px){.columns-row--margin-bottom{margin-bottom:4rem}}\n<\/style>\n<div class=\"wp-block-custom-column col col-6\">\n<p>Bir\u00e7ok insan i\u00e7in uzun zamand\u0131r rutin bir i\u015flem: aile hekiminde y\u0131ll\u0131k sa\u011fl\u0131k kontrol\u00fc. Peki ya g\u00f6zlerinizin sa\u011fl\u0131\u011f\u0131 ne olacak? <\/p>\n\n\n\n<p>Makula dejenerasyonu veya glokom gibi g\u00f6z hastal\u0131klar\u0131 genellikle uzun s\u00fcre fark edilmeden kal\u0131r ve daha sonra geri d\u00f6nd\u00fcr\u00fclemez hale gelir. \u00d6nleyici bir g\u00f6z muayenesini y\u0131ll\u0131k kontrol\u00fcn\u00fcze entegre ederseniz, risk fakt\u00f6rlerini erken bir a\u015famada tan\u0131yabilirsiniz. Bu nedenle g\u00f6z muayenesi g\u00f6rme yetinizin korunmas\u0131na \u00f6nemli bir katk\u0131 sa\u011flar.    <\/p>\n\n\n\n<p>\u0130\u015fte tam da bu nedenle Stuttgart-Degerloch&#8217;taki uzman ma\u011fazam\u0131zda 40 ya\u015f ve \u00fczeri herkes i\u00e7in \u00f6nerilen Binder Optik g\u00f6z muayenesini sunuyoruz. \u00dccret: 69 Avro. Check-up \u015fu \u015fekilde ger\u00e7ekle\u015fiyor. Sertifikal\u0131 optisyenlerimiz ayr\u0131nt\u0131l\u0131 bir g\u00f6z testi ger\u00e7ekle\u015ftirir. Ard\u0131ndan g\u00f6z i\u00e7i bas\u0131nc\u0131 \u00f6l\u00e7\u00fcl\u00fcyor ve retina taramas\u0131 yap\u0131l\u0131yor. Daha sonra verileri orta\u011f\u0131m\u0131z Ocumeda arac\u0131l\u0131\u011f\u0131yla dijital olarak g\u00f6z doktoruna iletiyoruz.       <\/p>\n<\/div>\n\n\n\n<div class=\"wp-block-custom-column col col-6\"><style>.wp-block-image.alignright{margin:0 !important}.wp-block-image.alignleft{float:none !important}.wp-block-image .wp-element-caption{text-align:left}\n<\/style>\n<figure class=\"wp-block-image size-large is-resized\"><img loading=\"lazy\" decoding=\"async\" width=\"1024\" height=\"768\" src=\"https:\/\/www.binder-optik.de\/wp-content\/uploads\/2024\/11\/ocumeda-2024-11-28-1024x768.jpg\" alt=\"Binder Optik\" class=\"wp-image-13272\" style=\"aspect-ratio:1.3333333333333333;width:680px;height:auto\" title=\"\" srcset=\"https:\/\/www.binder-optik.de\/wp-content\/uploads\/2024\/11\/ocumeda-2024-11-28-1024x768.jpg 1024w, https:\/\/www.binder-optik.de\/wp-content\/uploads\/2024\/11\/ocumeda-2024-11-28-300x225.jpg 300w, https:\/\/www.binder-optik.de\/wp-content\/uploads\/2024\/11\/ocumeda-2024-11-28-768x576.jpg 768w, https:\/\/www.binder-optik.de\/wp-content\/uploads\/2024\/11\/ocumeda-2024-11-28-1536x1152.jpg 1536w, https:\/\/www.binder-optik.de\/wp-content\/uploads\/2024\/11\/ocumeda-2024-11-28-2048x1536.jpg 2048w, https:\/\/www.binder-optik.de\/wp-content\/uploads\/2024\/11\/ocumeda-2024-11-28-524x393.jpg 524w\" sizes=\"auto, (max-width: 1024px) 100vw, 1024px\" \/><figcaption class=\"wp-element-caption\">G\u00f6z muayenesi art\u0131k sadece Stuttgart-Degerloch&#8217;ta.<\/figcaption><\/figure>\n<\/div>\n<\/div>\n\n\n\n<p>Dikkatli bir de\u011ferlendirmeden sonra sonu\u00e7lar\u0131 e-posta veya posta yoluyla alacaks\u0131n\u0131z. Herhangi bir anormallik tespit edilirse, sizi tedavi eden doktor i\u00e7in bundan ba\u015fka ad\u0131mlar t\u00fcretilebilir. Check-up sonucunda herhangi bir bulguya rastlanmazsa, g\u00f6zlerinizin sa\u011fl\u0131\u011f\u0131 i\u00e7in bir \u015feyler yapt\u0131\u011f\u0131n\u0131za memnun olabilirsiniz.  <\/p>\n<\/div><\/div><\/section>\n\n<section class=\"wp-block-custom-container alignwide block-content  block-content--spacing-top block-content--spacing-bottom\"><div class=\"container container--wide\"><div class=\"container__body\">\n<section class=\"wp-block-custom-container alignwide block-content  has-gelb-background-color\" style=\"background-color:#FFFF00\"><div class=\"container container--wide\"><div class=\"container__body\"><style>.wp-block-columns.are-vertically-aligned-center{gap:1em;margin-bottom:.5rem}@media (min-width: 992px){.wp-block-columns.are-vertically-aligned-center{margin-bottom:1rem}}.wp-block-columns.are-vertically-aligned-center :last-child{margin-bottom:0}.wp-block-columns.are-vertically-aligned-center figure{margin-bottom:0}.wp-block-columns.no-margin{margin-bottom:0 !important}@media (max-width: 991px){.wp-block-columns.hide-mobile{display:none}}:where(.wp-block-columns.is-layout-flex){gap:1em}\n<\/style>\n<div class=\"wp-block-columns are-vertically-aligned-center is-layout-flex wp-container-core-columns-is-layout-1 wp-block-columns-is-layout-flex\">\n<div class=\"wp-block-column is-vertically-aligned-center is-layout-flow wp-block-column-is-layout-flow\" style=\"flex-basis:66.66%\">\n<h2 class=\"wp-block-heading\"><strong>B\u00fclten kayd\u0131<\/strong><\/h2>\n\n\n\n<p>Haber b\u00fcltenine \u015fimdi abone olun ve 20 Euro de\u011ferinde Binder Optik al\u0131\u015fveri\u015f \u00e7eki kazan\u0131n.<\/p>\n\n\n\n<div class=\"wp-block-buttons is-layout-flex wp-block-buttons-is-layout-flex\"><style>.wp-block-button{margin:0 0 3rem}.wp-block-button:last-child,.wp-block-button:only-child{margin-bottom:0}.wp-block-button.align-center{text-align:center}.wp-block-button.align-right{text-align:right}.wp-block-columns+.wp-block-button{margin-top:6.3rem}.wp-block-button__link{display:inline-block;padding:1.8rem 1.8rem;font-weight:600;text-align:center;text-decoration:none;color:#2B2E34;border:2px solid #FFFA00;border-radius:.5rem;background-color:#FFFA00;cursor:pointer;font-size:1.6rem;line-height:1}@media (min-width: 1380px){.wp-block-button__link{padding:1.8rem 3.8rem;font-size:1.8rem;line-height:1}}.wp-block-button:not(.is-style-link-only):not(.is-style-outline):not(.is-style-fill-secondary) .wp-block-button__link{position:relative}.wp-block-button:not(.is-style-link-only):not(.is-style-outline):not(.is-style-fill-secondary) .wp-block-button__link:hover,.wp-block-button:not(.is-style-link-only):not(.is-style-outline):not(.is-style-fill-secondary) .wp-block-button__link:focus{color:#fff;border-color:#00597E;background-color:#00597E}.wp-block-button .wp-block-button__link{transition:.2s}.is-style-fill-secondary .wp-block-button__link{color:#fff;border-color:#00597E;background-color:#00597E}.is-style-fill-secondary .wp-block-button__link:hover,.is-style-fill-secondary .wp-block-button__link:focus{color:#2B2E34;border-color:#FFFA00;background-color:#FFFA00}.is-style-outline .wp-block-button__link{padding:1.8rem 1.8rem !important;color:#00597E !important;border-color:#00597E;background-color:transparent}@media (min-width: 1380px){.is-style-outline .wp-block-button__link{padding:1.8rem 3.8rem !important}}.is-style-outline .wp-block-button__link:hover,.is-style-outline .wp-block-button__link:focus{color:#fff !important;border-color:#00597E !important;background-color:#00597E !important}.is-style-link-only .wp-block-button__link{min-width:0;padding:0;padding-right:2rem;position:relative;font-weight:600;color:#00597E;letter-spacing:0;text-transform:none;border:none;background-color:transparent;transition:color .2s,text-decoration-color .2s;font-size:1.8rem;line-height:1}.is-style-link-only .wp-block-button__link::after{content:'';display:inline-block;width:8px;height:13px;position:absolute;top:50%;right:0;transform:translate(0, -50%);background-image:url(\"https:\/\/www.binder-optik.de\/wp-content\/themes\/ATLAS\/images\/svg\/button_arrow-right_secondary.svg\");background-repeat:no-repeat;background-size:contain;transition:right 0.2s}.is-style-link-only .wp-block-button__link:hover::after,.is-style-link-only .wp-block-button__link:focus::after{right:-5px}\n<\/style>\n<div class=\"wp-block-button is-style-fill-secondary\"><a class=\"wp-block-button__link wp-element-button\" href=\"https:\/\/www.binder-optik.de\/tr\/buelten-kaydi\/\">Kay\u0131t i\u00e7in<\/a><\/div>\n<\/div>\n<\/div>\n\n\n\n<div class=\"wp-block-column is-vertically-aligned-center is-layout-flow wp-block-column-is-layout-flow\" style=\"flex-basis:33.33%\">\n<figure class=\"wp-block-image size-full\"><img loading=\"lazy\" decoding=\"async\" width=\"902\" height=\"625\" src=\"https:\/\/www.binder-optik.de\/wp-content\/uploads\/2025\/05\/2023_10_05-Newsletter-Anmeldung_433x300-1_EN.jpg\" alt=\"Binder Optik\" class=\"wp-image-19189\" title=\"\" srcset=\"https:\/\/www.binder-optik.de\/wp-content\/uploads\/2025\/05\/2023_10_05-Newsletter-Anmeldung_433x300-1_EN.jpg 902w, https:\/\/www.binder-optik.de\/wp-content\/uploads\/2025\/05\/2023_10_05-Newsletter-Anmeldung_433x300-1_EN-300x208.jpg 300w, https:\/\/www.binder-optik.de\/wp-content\/uploads\/2025\/05\/2023_10_05-Newsletter-Anmeldung_433x300-1_EN-768x532.jpg 768w, https:\/\/www.binder-optik.de\/wp-content\/uploads\/2025\/05\/2023_10_05-Newsletter-Anmeldung_433x300-1_EN-524x363.jpg 524w\" sizes=\"auto, (max-width: 902px) 100vw, 902px\" \/><\/figure>\n<\/div>\n<\/div>\n<\/div><\/div><\/section>\n<\/div><\/div><\/section>\n","protected":false},"excerpt":{"rendered":"","protected":false},"author":16,"featured_media":17254,"comment_status":"closed","ping_status":"closed","sticky":false,"template":"","format":"standard","meta":{"_acf_changed":false,"footnotes":""},"categories":[1],"tags":[293,303],"class_list":["post-17828","post","type-post","status-publish","format-standard","has-post-thumbnail","hentry","category-kategorize-edilmemis","tag-goez-muayenesi","tag-ocumeda-tr"],"acf":[],"publishpress_future_action":{"enabled":false,"date":"2026-05-08 04:46:43","action":"change-status","newStatus":"draft","terms":[],"taxonomy":"category","extraData":[]},"publishpress_future_workflow_manual_trigger":{"enabledWorkflows":[]},"_links":{"self":[{"href":"https:\/\/www.binder-optik.de\/tr\/wp-json\/wp\/v2\/posts\/17828","targetHints":{"allow":["GET"]}}],"collection":[{"href":"https:\/\/www.binder-optik.de\/tr\/wp-json\/wp\/v2\/posts"}],"about":[{"href":"https:\/\/www.binder-optik.de\/tr\/wp-json\/wp\/v2\/types\/post"}],"author":[{"embeddable":true,"href":"https:\/\/www.binder-optik.de\/tr\/wp-json\/wp\/v2\/users\/16"}],"replies":[{"embeddable":true,"href":"https:\/\/www.binder-optik.de\/tr\/wp-json\/wp\/v2\/comments?post=17828"}],"version-history":[{"count":1,"href":"https:\/\/www.binder-optik.de\/tr\/wp-json\/wp\/v2\/posts\/17828\/revisions"}],"predecessor-version":[{"id":17835,"href":"https:\/\/www.binder-optik.de\/tr\/wp-json\/wp\/v2\/posts\/17828\/revisions\/17835"}],"wp:featuredmedia":[{"embeddable":true,"href":"https:\/\/www.binder-optik.de\/tr\/wp-json\/wp\/v2\/media\/17254"}],"wp:attachment":[{"href":"https:\/\/www.binder-optik.de\/tr\/wp-json\/wp\/v2\/media?parent=17828"}],"wp:term":[{"taxonomy":"category","embeddable":true,"href":"https:\/\/www.binder-optik.de\/tr\/wp-json\/wp\/v2\/categories?post=17828"},{"taxonomy":"post_tag","embeddable":true,"href":"https:\/\/www.binder-optik.de\/tr\/wp-json\/wp\/v2\/tags?post=17828"}],"curies":[{"name":"wp","href":"https:\/\/api.w.org\/{rel}","templated":true}]}}