{"id":17970,"date":"2018-05-26T13:00:29","date_gmt":"2018-05-26T11:00:29","guid":{"rendered":"https:\/\/www.binder-optik.de\/480-years-of-experience-are-worth-their-weight-in-gold\/"},"modified":"2025-04-15T14:46:58","modified_gmt":"2025-04-15T12:46:58","slug":"480-years-of-experience-are-worth-their-weight-in-gold","status":"publish","type":"post","link":"https:\/\/www.binder-optik.de\/en\/480-years-of-experience-are-worth-their-weight-in-gold\/","title":{"rendered":"480 years of experience are worth their weight in gold"},"content":{"rendered":"\n<section class=\"wp-block-custom-container alignwide block-content  block-content--spacing-top block-content--margin-top\"><style>.block-content{position:relative}.block-content--spacing-top{padding-top:2rem}@media (min-width: 992px){.block-content--spacing-top{padding-top:4rem}}.block-content--spacing-bottom{padding-bottom:2rem}@media (min-width: 992px){.block-content--spacing-bottom{padding-bottom:4rem}}.block-content--margin-top{margin-top:2rem}@media (min-width: 992px){.block-content--margin-top{margin-top:4rem}}.block-content--margin-bottom{margin-bottom:2rem}@media (min-width: 992px){.block-content--margin-bottom{margin-bottom:4rem}}.block-content.z-index{position:relative;z-index:2}.block-content .container{position:relative;z-index:1}.block-content .container--full{padding:0}.block-content .container .container{padding:2rem}@media (min-width: 992px){.block-content .container .container{padding:4rem}}.block-content .container-overlay{position:absolute;z-index:0;top:0;right:0;bottom:0;left:0}.block-content.career-container{margin-top:-8rem;z-index:2;pointer-events:none}.block-content.career-container .block-content{pointer-events:all;-webkit-box-shadow:0px 0px 15px 5px rgba(0,0,0,0.1);box-shadow:0px 0px 15px 5px rgba(0,0,0,0.1)}.block-content.career-container .wp-block-custom-column{margin-bottom:0}\n<\/style><div class=\"container container--wide\"><div class=\"container__body\">\n<p class=\"is-style-subheading\">May 26, 2018<\/p>\n\n\n\n<h1 class=\"wp-block-heading\">480 years of experience are worth their weight in gold<\/h1>\n\n\n\n<div class=\"wp-block-custom-spacing spacing-element spacing-mobile--small spacing-tablet--small spacing-small-desktop--small spacing-desktop--small\"><\/div>\n<\/div><\/div><\/section>\n\n<section class=\"wp-block-custom-container alignwide block-content\"><div class=\"container container--wide\"><div class=\"container__body\">\n<div class=\"wp-block-custom-columns columns-row row\"><style>.columns-row--spacing-top{padding-top:2rem}@media (min-width: 992px){.columns-row--spacing-top{padding-top:4rem}}.columns-row--spacing-bottom{padding-bottom:2rem}@media (min-width: 992px){.columns-row--spacing-bottom{padding-bottom:4rem}}.columns-row--margin-top{margin-top:2rem}@media (min-width: 992px){.columns-row--margin-top{margin-top:4rem}}.columns-row--margin-bottom{margin-bottom:2rem}@media (min-width: 992px){.columns-row--margin-bottom{margin-bottom:4rem}}\n<\/style>\n<div class=\"wp-block-custom-column col col-6\">\n<p>Together, they have over 480 years of professional experience as opticians. Dr. Baur continues: &#8220;Together, we not only develop goals in our specialist stores, but also celebrate successes.&#8221; <\/p>\n\n\n\n<p>The award ceremony took place during a joint lunch in the Ehningen Michelin-starred restaurant &#8220;Landhaus Feckl&#8221;. It was complemented by the presentation of certificates, flowers, sparkling wine and gold bars. During the meal, many different experiences that had been shared over the past few years were exchanged. Dominic Baur, Managing Director of Binder Optik: &#8220;The challenges facing employees and the demands of customers are increasing. Customer satisfaction and employee satisfaction are our top priorities. We pay particular attention to them.&#8221;   <\/p>\n<\/div>\n\n\n\n<div class=\"wp-block-custom-column col col-6\"><style>.wp-block-image.alignright{margin:0 !important}.wp-block-image.alignleft{float:none !important}.wp-block-image .wp-element-caption{text-align:left}\n<\/style>\n<figure class=\"wp-block-image size-full\"><img loading=\"lazy\" decoding=\"async\" width=\"570\" height=\"328\" src=\"https:\/\/www.binder-optik.de\/wp-content\/uploads\/2023\/08\/PR-2014-10-Jubilaeum.jpg\" alt=\"Binder Optik\" class=\"wp-image-2846\" title=\"\" srcset=\"https:\/\/www.binder-optik.de\/wp-content\/uploads\/2023\/08\/PR-2014-10-Jubilaeum.jpg 570w, https:\/\/www.binder-optik.de\/wp-content\/uploads\/2023\/08\/PR-2014-10-Jubilaeum-300x173.jpg 300w, https:\/\/www.binder-optik.de\/wp-content\/uploads\/2023\/08\/PR-2014-10-Jubilaeum-524x302.jpg 524w\" sizes=\"auto, (max-width: 570px) 100vw, 570px\" \/><\/figure>\n<\/div>\n<\/div>\n\n\n\n<p>A recent customer survey carried out by DISQ (Deutsches Institut f\u00fcr Service-Qualit\u00e4t GmbH &amp; Co. KG) shows that these words are put into practice, with Binder Optik being awarded the quality rating &#8220;very good&#8221; four times. Besides Binder Optik, only two other opticians in the whole of Germany received this award. <\/p>\n\n\n\n<p>Honored for 30 years: Martin Habicht, Dieter Domack, Sabine Maderer, Rudolf Hildebrand, for 25 years: Katharina Wehle, Daniela Kaiser-Bensel, for 20 years: Daniela Klee, B\u00e4rbel Buchhauser, Gerlinde Sauterleute, Olivija Tadic, Sabine Sch\u00e4dler, Yvonne F\u00fcller, Carmelina Cafiso-Barone, Eva Schneele, for 10 years: Jeannette Me\u00dfmer-Krau\u00df, Stefanie Pampusch, Ina H\u00f6rer, Laura Miletic, Janine Lindner, Andrea Grube, Martin Wenzel, Anita Kimmerle, Katja Speckmaier, Thomas M\u00f6hler, Maria M\u00f6hler, Marlen Wrobel, Olessja Pietrucha, Christiane Nitschke and Iwona Mlodecka.<\/p>\n<\/div><\/div><\/section>\n\n<section class=\"wp-block-custom-container alignwide block-content  block-content--spacing-top block-content--spacing-bottom\"><div class=\"container container--wide\"><div class=\"container__body\">\n<section class=\"wp-block-custom-container alignwide block-content  has-gelb-background-color\" style=\"background-color:#FFFF00\"><div class=\"container container--wide\"><div class=\"container__body\"><style>.wp-block-columns.are-vertically-aligned-center{gap:1em;margin-bottom:.5rem}@media (min-width: 992px){.wp-block-columns.are-vertically-aligned-center{margin-bottom:1rem}}.wp-block-columns.are-vertically-aligned-center :last-child{margin-bottom:0}.wp-block-columns.are-vertically-aligned-center figure{margin-bottom:0}.wp-block-columns.no-margin{margin-bottom:0 !important}@media (max-width: 991px){.wp-block-columns.hide-mobile{display:none}}:where(.wp-block-columns.is-layout-flex){gap:1em}\n<\/style>\n<div class=\"wp-block-columns are-vertically-aligned-center is-layout-flex wp-container-core-columns-is-layout-1 wp-block-columns-is-layout-flex\">\n<div class=\"wp-block-column is-vertically-aligned-center is-layout-flow wp-block-column-is-layout-flow\" style=\"flex-basis:66.66%\">\n<h2 class=\"wp-block-heading\"><strong>Newsletter registration<\/strong><\/h2>\n\n\n\n<p>Subscribe to the newsletter now and get a 20 Euro Binder Optik shopping voucher.<\/p>\n\n\n\n<div class=\"wp-block-buttons is-layout-flex wp-block-buttons-is-layout-flex\"><style>.wp-block-button{margin:0 0 3rem}.wp-block-button:last-child,.wp-block-button:only-child{margin-bottom:0}.wp-block-button.align-center{text-align:center}.wp-block-button.align-right{text-align:right}.wp-block-columns+.wp-block-button{margin-top:6.3rem}.wp-block-button__link{display:inline-block;padding:1.8rem 1.8rem;font-weight:600;text-align:center;text-decoration:none;color:#2B2E34;border:2px solid #FFFA00;border-radius:.5rem;background-color:#FFFA00;cursor:pointer;font-size:1.6rem;line-height:1}@media (min-width: 1380px){.wp-block-button__link{padding:1.8rem 3.8rem;font-size:1.8rem;line-height:1}}.wp-block-button:not(.is-style-link-only):not(.is-style-outline):not(.is-style-fill-secondary) .wp-block-button__link{position:relative}.wp-block-button:not(.is-style-link-only):not(.is-style-outline):not(.is-style-fill-secondary) .wp-block-button__link:hover,.wp-block-button:not(.is-style-link-only):not(.is-style-outline):not(.is-style-fill-secondary) .wp-block-button__link:focus{color:#fff;border-color:#00597E;background-color:#00597E}.wp-block-button .wp-block-button__link{transition:.2s}.is-style-fill-secondary .wp-block-button__link{color:#fff;border-color:#00597E;background-color:#00597E}.is-style-fill-secondary .wp-block-button__link:hover,.is-style-fill-secondary .wp-block-button__link:focus{color:#2B2E34;border-color:#FFFA00;background-color:#FFFA00}.is-style-outline .wp-block-button__link{padding:1.8rem 1.8rem !important;color:#00597E !important;border-color:#00597E;background-color:transparent}@media (min-width: 1380px){.is-style-outline .wp-block-button__link{padding:1.8rem 3.8rem !important}}.is-style-outline .wp-block-button__link:hover,.is-style-outline .wp-block-button__link:focus{color:#fff !important;border-color:#00597E !important;background-color:#00597E !important}.is-style-link-only .wp-block-button__link{min-width:0;padding:0;padding-right:2rem;position:relative;font-weight:600;color:#00597E;letter-spacing:0;text-transform:none;border:none;background-color:transparent;transition:color .2s,text-decoration-color .2s;font-size:1.8rem;line-height:1}.is-style-link-only .wp-block-button__link::after{content:'';display:inline-block;width:8px;height:13px;position:absolute;top:50%;right:0;transform:translate(0, -50%);background-image:url(\"https:\/\/www.binder-optik.de\/wp-content\/themes\/ATLAS\/images\/svg\/button_arrow-right_secondary.svg\");background-repeat:no-repeat;background-size:contain;transition:right 0.2s}.is-style-link-only .wp-block-button__link:hover::after,.is-style-link-only .wp-block-button__link:focus::after{right:-5px}\n<\/style>\n<div class=\"wp-block-button is-style-fill-secondary\"><a class=\"wp-block-button__link wp-element-button\" href=\"https:\/\/www.binder-optik.de\/en\/newsletter-registration\/\">To the registration<\/a><\/div>\n<\/div>\n<\/div>\n\n\n\n<div class=\"wp-block-column is-vertically-aligned-center is-layout-flow wp-block-column-is-layout-flow\" style=\"flex-basis:33.33%\">\n<figure class=\"wp-block-image size-full\"><img loading=\"lazy\" decoding=\"async\" width=\"902\" height=\"625\" src=\"https:\/\/www.binder-optik.de\/wp-content\/uploads\/2025\/05\/2023_10_05-Newsletter-Anmeldung_433x300-1_EN.jpg\" alt=\"Binder Optik\" class=\"wp-image-19187\" title=\"\" srcset=\"https:\/\/www.binder-optik.de\/wp-content\/uploads\/2025\/05\/2023_10_05-Newsletter-Anmeldung_433x300-1_EN.jpg 902w, https:\/\/www.binder-optik.de\/wp-content\/uploads\/2025\/05\/2023_10_05-Newsletter-Anmeldung_433x300-1_EN-300x208.jpg 300w, https:\/\/www.binder-optik.de\/wp-content\/uploads\/2025\/05\/2023_10_05-Newsletter-Anmeldung_433x300-1_EN-768x532.jpg 768w, https:\/\/www.binder-optik.de\/wp-content\/uploads\/2025\/05\/2023_10_05-Newsletter-Anmeldung_433x300-1_EN-524x363.jpg 524w\" sizes=\"auto, (max-width: 902px) 100vw, 902px\" \/><\/figure>\n<\/div>\n<\/div>\n<\/div><\/div><\/section>\n<\/div><\/div><\/section>\n","protected":false},"excerpt":{"rendered":"","protected":false},"author":13,"featured_media":15077,"comment_status":"closed","ping_status":"closed","sticky":false,"template":"","format":"standard","meta":{"_acf_changed":false,"footnotes":""},"categories":[289],"tags":[],"class_list":["post-17970","post","type-post","status-publish","format-standard","has-post-thumbnail","hentry","category-not-categorised"],"acf":[],"publishpress_future_action":{"enabled":false,"date":"2026-05-08 09:30:06","action":"change-status","newStatus":"draft","terms":[],"taxonomy":"category","extraData":[]},"publishpress_future_workflow_manual_trigger":{"enabledWorkflows":[]},"_links":{"self":[{"href":"https:\/\/www.binder-optik.de\/en\/wp-json\/wp\/v2\/posts\/17970","targetHints":{"allow":["GET"]}}],"collection":[{"href":"https:\/\/www.binder-optik.de\/en\/wp-json\/wp\/v2\/posts"}],"about":[{"href":"https:\/\/www.binder-optik.de\/en\/wp-json\/wp\/v2\/types\/post"}],"author":[{"embeddable":true,"href":"https:\/\/www.binder-optik.de\/en\/wp-json\/wp\/v2\/users\/13"}],"replies":[{"embeddable":true,"href":"https:\/\/www.binder-optik.de\/en\/wp-json\/wp\/v2\/comments?post=17970"}],"version-history":[{"count":1,"href":"https:\/\/www.binder-optik.de\/en\/wp-json\/wp\/v2\/posts\/17970\/revisions"}],"predecessor-version":[{"id":17974,"href":"https:\/\/www.binder-optik.de\/en\/wp-json\/wp\/v2\/posts\/17970\/revisions\/17974"}],"wp:featuredmedia":[{"embeddable":true,"href":"https:\/\/www.binder-optik.de\/en\/wp-json\/wp\/v2\/media\/15077"}],"wp:attachment":[{"href":"https:\/\/www.binder-optik.de\/en\/wp-json\/wp\/v2\/media?parent=17970"}],"wp:term":[{"taxonomy":"category","embeddable":true,"href":"https:\/\/www.binder-optik.de\/en\/wp-json\/wp\/v2\/categories?post=17970"},{"taxonomy":"post_tag","embeddable":true,"href":"https:\/\/www.binder-optik.de\/en\/wp-json\/wp\/v2\/tags?post=17970"}],"curies":[{"name":"wp","href":"https:\/\/api.w.org\/{rel}","templated":true}]}}